{"id":483317,"date":"2025-10-23T02:12:15","date_gmt":"2025-10-23T02:12:15","guid":{"rendered":"https:\/\/www.europesays.com\/fr\/483317\/"},"modified":"2025-10-23T02:12:15","modified_gmt":"2025-10-23T02:12:15","slug":"espagne-italie-portugal-grece-comment-les-anciens-mauvais-eleves-europeens-sen-sont-sortis","status":"publish","type":"post","link":"https:\/\/www.europesays.com\/fr\/483317\/","title":{"rendered":"Espagne, Italie, Portugal, Gr\u00e8ce\u2026 Comment les anciens mauvais \u00e9l\u00e8ves europ\u00e9ens s\u2019en sont sortis"},"content":{"rendered":"<p>Espagne, Italie, Portugal, Gr\u00e8ce\u2026 <a target=\"_self\" href=\"https:\/\/www.lanouvellerepublique.fr\/a-la-une\/dette-publique-la-france-mauvais-eleve-budgetaire-de-l-europe-1752734157\" rel=\"nofollow noopener\">Avant la France<\/a>, d\u2019autres pays europ\u00e9ens ont \u00e9t\u00e9 en difficult\u00e9 financi\u00e8re, au moment de la crise de la dette en zone euro en 2010, avant de relever la t\u00eate au prix de douloureux plans d\u2019aust\u00e9rit\u00e9. Surnomm\u00e9s \u00e0 l\u2019\u00e9poque \u00ab\u00a0les pays du Club Med\u00a0\u00bb par leurs d\u00e9tracteurs, ils jouissent d\u2019une relative bonne sant\u00e9 \u00e9conomique aujourd\u2019hui, malgr\u00e9 des zones d\u2019ombre persistantes. Tour d\u2019horizon des politiques qu\u2019ils ont mises en place.<\/p>\n<p><strong>Espagne.<\/strong>\u00a0C\u2019est aujourd\u2019hui le pays le plus dynamique parmi les pays avanc\u00e9s sur la plan\u00e8te\u00a0: l\u2019Espagne table sur 2,7\u00a0% de croissance cette ann\u00e9e, apr\u00e8s plus de 3\u00a0% l\u2019an dernier, et suscite l\u2019admiration de ses voisins. L\u2019\u00e9poque o\u00f9 la quatri\u00e8me \u00e9conomie de la zone euro \u00e9tait frapp\u00e9e par une lourde crise et la bulle immobili\u00e8re en 2008, et o\u00f9 le ch\u00f4mage a fr\u00f4l\u00e9 les 27\u00a0% d\u00e9but 2013, para\u00eet lointaine.\u00a0Il a fallu passer par une cure d\u2019aust\u00e9rit\u00e9 drastique\u00a0: coupes dans les d\u00e9penses de sant\u00e9, hausse d\u2019imp\u00f4ts, gel des salaires des fonctionnaires, tandis que des dizaines de milliers de propri\u00e9taires ont perdu leur logement, incapables de rembourser des banques qui, elles, ont b\u00e9n\u00e9fici\u00e9 en 2012 d\u2019un plan de sauvetage europ\u00e9en de 41\u00a0milliards d\u2019euros.<\/p>\n<p>Le dynamisme de l\u2019Espagne vient aujourd\u2019hui surtout de l\u2019investissement des entreprises, la consommation des m\u00e9nages et le tourisme, une sant\u00e9 qui lui permet d\u2019afficher un taux de ch\u00f4mage au plus bas depuis 2008, \u00e0 10,29\u00a0% au deuxi\u00e8me trimestre, et un d\u00e9ficit tout pr\u00e8s des limites autoris\u00e9es par Bruxelles.<\/p>\n<p><strong>Italie.<\/strong>\u00a0La troisi\u00e8me \u00e9conomie europ\u00e9enne a quitt\u00e9 le fond de la classe, au moins en mati\u00e8re de d\u00e9ficit, en annon\u00e7ant d\u00e9but octobre qu\u2019elle reviendrait cette ann\u00e9e dans les clous europ\u00e9ens \u2013 au maximum 3\u00a0% de d\u00e9ficit public autoris\u00e9. Rome a divis\u00e9 le d\u00e9ficit public italien par deux en un an, jusqu\u2019\u00e0 emprunter moins cher que la France sur les march\u00e9s ces derniers jours. La dette du pays reste toutefois tr\u00e8s \u00e9lev\u00e9e, \u00e0 135\u00a0% du PIB, contre 114\u00a0% pour la France.<\/p>\n<p>L\u2019am\u00e9lioration des finances s\u2019est faite lentement et par \u00e9tapes. Le d\u00e9but du mieux remonte \u00e0 l\u2019arriv\u00e9e au pouvoir de Mario Monti en 2011, avec des mesures d\u2019aust\u00e9rit\u00e9 draconiennes. Plusieurs gouvernements ont ensuite stabilis\u00e9 l\u2019\u00e9conomie, avant un nouveau tour de vis avec Mario Draghi \u00e0 partir de 2021. <a target=\"_self\" href=\"https:\/\/www.lanouvellerepublique.fr\/a-la-une\/italie-giorgia-meloni-face-aux-defis-economiques\" rel=\"nofollow noopener\">Le gouvernement ultraconservateur de Giorgia Meloni a continu\u00e9 sur cette lanc\u00e9e<\/a> en ralentissant notamment les investissements dans le syst\u00e8me de sant\u00e9 et la culture.\u00a0L\u2019Italie a aussi b\u00e9n\u00e9fici\u00e9 du large plan de relance europ\u00e9en post-Covid. Ses perspectives sont toutefois maussades, avec une faible productivit\u00e9 et une population vieillissante.<\/p>\n<p>En Gr\u00e8ce, un des niveaux de vie les plus bas de l\u2019UE<\/p>\n<p><strong>Portugal.<\/strong>\u00a0Lisbonne devrait d\u00e9gager des exc\u00e9dents publics cette ann\u00e9e et l\u2019an prochain, selon son projet de budget, qui pr\u00e9voit aussi une augmentation des pensions de retraite des plus modestes et une baisse de l\u2019imp\u00f4t sur le revenu. La trajectoire d\u2019assainissement des comptes a d\u00e9but\u00e9 en 2011 quand le pays a \u00e9t\u00e9 contraint d\u2019appliquer une s\u00e9v\u00e8re cure d\u2019aust\u00e9rit\u00e9 pour b\u00e9n\u00e9ficier d\u2019une aide internationale.\u00a0Le Portugal avait obtenu un pr\u00eat de 78\u00a0milliards d\u2019euros de l\u2019Union europ\u00e9enne et du FMI en \u00e9change d\u2019un plan de rigueur, notamment la r\u00e9duction du nombre de fonctionnaires, des coupes dans les salaires du secteur public et dans les retraites, des hausses d\u2019imp\u00f4ts\u2026<\/p>\n<p>Le Portugal a ramen\u00e9 en 2016 son d\u00e9ficit \u00e0 2\u00a0% du PIB. Entre-temps, l\u2019\u00c9tat a toutefois d\u00fb voler au secours de plusieurs banques en difficult\u00e9.<\/p>\n<p><strong>Gr\u00e8ce.<\/strong>\u00a0<a target=\"_self\" href=\"https:\/\/www.lanouvellerepublique.fr\/a-la-une\/non-monsieur-le-premier-ministre-la-france-n-est-pas-la-grece-1754507005\" rel=\"nofollow noopener\">La Gr\u00e8ce<\/a> a retrouv\u00e9 un puissant dynamisme apr\u00e8s une d\u00e9cennie de crise \u00e9conomique, avec une croissance de 5,6\u00a0% en 2022, 2\u00a0% en 2023 et 2,3\u00a0% en 2024. Ath\u00e8nes s\u2019attend \u00e0 2,5\u00a0% cette ann\u00e9e, selon les projections de la Banque de Gr\u00e8ce.\u00a0Le pays a aussi vu son taux d\u2019endettement diminuer de fa\u00e7on graduelle et devrait afficher un budget \u00e0 l\u2019\u00e9quilibre cette ann\u00e9e, d\u2019apr\u00e8s le FMI.<\/p>\n<p>La Gr\u00e8ce revient de tr\u00e8s loin\u00a0: trois programmes d\u2019aide totalisant environ 300\u00a0milliards d\u2019euros, accord\u00e9s par ses cr\u00e9anciers en \u00e9change de r\u00e9formes particuli\u00e8rement lourdes, passant par exemple par un gel des pensions, une hausse de la TVA et la baisse des salaires publics. Malgr\u00e9 l\u2019am\u00e9lioration macro\u00e9conomique dynamis\u00e9e par le tourisme notamment, de nombreux Grecs souffrent aujourd\u2019hui de la flamb\u00e9e des prix des produits alimentaires et de l\u2019\u00e9nergie, alors que les salaires continuent d\u2019\u00eatre bas. Le niveau de vie en Gr\u00e8ce reste l\u2019un des plus bas dans l\u2019UE.<\/p>\n","protected":false},"excerpt":{"rendered":"Espagne, Italie, Portugal, Gr\u00e8ce\u2026 Avant la France, d\u2019autres pays europ\u00e9ens ont \u00e9t\u00e9 en difficult\u00e9 financi\u00e8re, au moment de&hellip;\n","protected":false},"author":2,"featured_media":483318,"comment_status":"","ping_status":"","sticky":false,"template":"","format":"standard","meta":{"footnotes":""},"categories":[1586],"tags":[328,11,33,1777,674,1011,27,329,12,25,364],"class_list":{"0":"post-483317","1":"post","2":"type-post","3":"status-publish","4":"format-standard","5":"has-post-thumbnail","7":"category-europe","8":"tag-a-la-une","9":"tag-actualites","10":"tag-economie","11":"tag-eu","12":"tag-europe","13":"tag-fr","14":"tag-france","15":"tag-france-monde","16":"tag-news","17":"tag-republique-francaise","18":"tag-union-europeenne"},"share_on_mastodon":{"url":"https:\/\/pubeurope.com\/@fr\/115421062347411966","error":""},"_links":{"self":[{"href":"https:\/\/www.europesays.com\/fr\/wp-json\/wp\/v2\/posts\/483317","targetHints":{"allow":["GET"]}}],"collection":[{"href":"https:\/\/www.europesays.com\/fr\/wp-json\/wp\/v2\/posts"}],"about":[{"href":"https:\/\/www.europesays.com\/fr\/wp-json\/wp\/v2\/types\/post"}],"author":[{"embeddable":true,"href":"https:\/\/www.europesays.com\/fr\/wp-json\/wp\/v2\/users\/2"}],"replies":[{"embeddable":true,"href":"https:\/\/www.europesays.com\/fr\/wp-json\/wp\/v2\/comments?post=483317"}],"version-history":[{"count":0,"href":"https:\/\/www.europesays.com\/fr\/wp-json\/wp\/v2\/posts\/483317\/revisions"}],"wp:featuredmedia":[{"embeddable":true,"href":"https:\/\/www.europesays.com\/fr\/wp-json\/wp\/v2\/media\/483318"}],"wp:attachment":[{"href":"https:\/\/www.europesays.com\/fr\/wp-json\/wp\/v2\/media?parent=483317"}],"wp:term":[{"taxonomy":"category","embeddable":true,"href":"https:\/\/www.europesays.com\/fr\/wp-json\/wp\/v2\/categories?post=483317"},{"taxonomy":"post_tag","embeddable":true,"href":"https:\/\/www.europesays.com\/fr\/wp-json\/wp\/v2\/tags?post=483317"}],"curies":[{"name":"wp","href":"https:\/\/api.w.org\/{rel}","templated":true}]}}