{"id":483323,"date":"2025-10-23T02:15:21","date_gmt":"2025-10-23T02:15:21","guid":{"rendered":"https:\/\/www.europesays.com\/fr\/483323\/"},"modified":"2025-10-23T02:15:21","modified_gmt":"2025-10-23T02:15:21","slug":"la-section-paloise-en-force-dix-novices-seulement-quatre-trentenaires-la-liste-des-bleus-en-chiffres","status":"publish","type":"post","link":"https:\/\/www.europesays.com\/fr\/483323\/","title":{"rendered":"la Section Paloise en force, dix novices, seulement quatre trentenaires\u2026, la liste des Bleus en chiffres"},"content":{"rendered":"<p>\n    Fabien Galthi\u00e9 a d\u00e9voil\u00e9 ce mercredi les 42 joueurs pour lancer la pr\u00e9paration \u00e0 la tourn\u00e9e de novembre. Palois et Bayonnais y font une entr\u00e9e fracassante.<\/p>\n<p>Pau et Bayonne, les hits de l\u2019automne<\/p>\n<p class=\"fig-paragraph\">Fabien Galthi\u00e9 a s\u00e9lectionn\u00e9 42 joueurs issus de 11 clubs du Top 14 (seuls Castres, Montauban et Perpignan n\u2019ont pas de repr\u00e9sentants). En t\u00eate, comme toujours, les champions de France toulousains avec 11 joueurs. Et bient\u00f4t un douzi\u00e8me,\u00a0<a href=\"http:\/\/www.lefigaro.fr\/sports\/rugby\/xv-de-france\/xv-de-france-thomas-ramos-absent-de-la-liste-mais-excuse-20251022\" data-fig-type=\"NewsFlash\" data-gtm-custom-categorie=\"navigation\" data-gtm-custom-action=\"crossclick\" data-gtm-custom-label=\"Contextuel\" data-gtm-event=\"customEventSPE\" data-fig-domain=\"LEFIGARO\" rel=\"nofollow noopener\" target=\"_blank\">Thomas Ramos ayant \u00e9t\u00e9 excus\u00e9 pour ce premier stage<\/a>.<\/p>\n<p class=\"fig-paragraph\">Derri\u00e8re le Stade Toulousain, surprise, l\u2019UBB n\u2019est plus le seul deuxi\u00e8me pourvoyeur (6 joueurs, mais un seul avant, Cameron Woki). Il est rejoint par\u00a0<a href=\"http:\/\/www.lefigaro.fr\/sports\/rugby\/top-14\/top-14-la-patiente-montee-en-puissance-de-pau-qui-reve-de-retrouver-les-sommets-20251003\" data-fig-type=\"Article\" data-gtm-custom-categorie=\"navigation\" data-gtm-custom-action=\"crossclick\" data-gtm-custom-label=\"Contextuel\" data-gtm-event=\"customEventSPE\" data-fig-domain=\"LEFIGARO\" rel=\"nofollow noopener\" target=\"_blank\">le leader inattendu du championnat, la Section Paloise<\/a>, avec \u00e9galement six repr\u00e9sentants (dont trois novices)\u00a0: Auradou, Laclayat et Maximin devant ; Brau-Boirie, Gailleton et Grandidier Nkanang derri\u00e8re.<\/p>\n<p>                                    <a class=\"fig-a11y-skip a11y-hidden\" href=\"#fig-a11y-skip-main-inarticle\"><br \/>\n        Passer la publicit\u00e9<br \/>\n    <\/a><\/p>\n<p class=\"fig-paragraph\">L\u2019autre hit de ces derniers mois, l\u2019Aviron Bayonnais, fait une entr\u00e9e en force avec cinq joueurs du club basque retenus (Capilla, Fischer, Setiano, Segonds et Tiberghien). Les autres clubs repr\u00e9sent\u00e9s sont le Stade Rochelais (4 joueurs convoqu\u00e9s), Clermont (3), Montpellier, le Racing 92 et Toulon (2 chacun), le Stade Fran\u00e7ais et Lyon (1).<\/p>\n<p>Dix novices, sept joueurs \u00e0 1 ou 2 s\u00e9lections<\/p>\n<p class=\"fig-paragraph\">La liste comprend dix joueurs sans s\u00e9lection\u00a0: Barnab\u00e9 Massa, Guillaume Cramont, Benjamin Bertrand, Jimi Maximin,\u00a0<a href=\"http:\/\/www.lefigaro.fr\/sports\/rugby\/xv-de-france\/pointe-de-vitesse-a-36-km-h-indiscipline-reglee-septiste-accompli-cinq-choses-a-savoir-sur-esteban-capilla-le-nouvel-ovni-du-xv-de-france-20251021\" data-fig-type=\"NewsFlash\" data-gtm-custom-categorie=\"navigation\" data-gtm-custom-action=\"crossclick\" data-gtm-custom-label=\"Contextuel\" data-gtm-event=\"customEventSPE\" data-fig-domain=\"LEFIGARO\" rel=\"nofollow noopener\" target=\"_blank\">Esteban Capilla<\/a>\u00a0c\u00f4t\u00e9 avants ; Fabien Brau-Boirie,\u00a0<a href=\"http:\/\/www.lefigaro.fr\/sports\/rugby\/top-14\/top-14-couteau-suisse-artere-bouchee-suivi-par-galthie-cinq-choses-a-savoir-sur-kalvin-gourgues-le-jeune-phenomene-du-stade-toulousain-20251018\" data-fig-type=\"NewsFlash\" data-gtm-custom-categorie=\"navigation\" data-gtm-custom-action=\"crossclick\" data-gtm-custom-label=\"Contextuel\" data-gtm-event=\"customEventSPE\" data-fig-domain=\"LEFIGARO\" rel=\"nofollow noopener\" target=\"_blank\">Kalvin Gourgues<\/a>, Ga\u00ebl Dr\u00e9an, Aaron Grandidier Nkanang et Cheikh Tiberghien pour les trois-quarts. Il convient d\u2019ajouter sept Bleus \u00e0 1 ou 2 s\u00e9lections maximum pour mesurer l\u2019ampleur de la revue d\u2019effectif \u00e0 deux ans de la Coupe du monde en Australie. \u00abDans 20 mois, j\u2019annonce le groupe des 42 qui pr\u00e9parera la Coupe du monde, avait pr\u00e9venu Fabien Galthi\u00e9 d\u00e9but octobre, dans un entretien accord\u00e9 \u00e0 Sud-Ouest. Ces 20 mois correspondent aussi \u00e0 20 matches. C\u2019est \u00e0 la fois peu, mais aussi la possibilit\u00e9 de se lancer dans l\u2019aventure. Pour beaucoup de joueurs, ce sera l\u2019occasion de se r\u00e9v\u00e9ler.\u00bb<\/p>\n<p class=\"fig-body-link\">\n            \u00c0 lire aussi<br \/>\n        <a class=\"fig-body-link__link\" href=\"http:\/\/www.lefigaro.fr\/sports\/rugby\/top-14\/top-14-fierte-bretonne-pointe-a-37-km-h-le-choix-du-rct-gael-drean-pret-a-remettre-la-marche-avant-20251019\" data-fig-type=\"NewsFlash\" data-gtm-custom-categorie=\"navigation\" data-gtm-custom-action=\"crossclick\" data-gtm-custom-label=\"Contextuel\" data-gtm-event=\"customEventSPE\" data-fig-domain=\"LEFIGARO\" rel=\"nofollow noopener\" target=\"_blank\"><\/p>\n<p>        Top 14\u00a0: fiert\u00e9 bretonne, pointe \u00e0 37\u00a0km\/h, le choix du RCT&#8230; Ga\u00ebl Dr\u00e9an pr\u00eat \u00e0 remettre la marche avant<br \/>\n    <\/a>\n<\/p>\n<p>Prime \u00e0 la jeunesse<\/p>\n<p class=\"fig-paragraph\">La liste, en attendant le retour de Thomas Ramos, ne compte que quatre trentenaires\u00a0: Julien Marchand, Dorian Aldegheri, Romain Taofifenua (le doyen, 35 ans) et Ga\u00ebl Fickou. \u00c0 l\u2019inverse, quatorze joueurs ont 23 ans ou moins, le benjamin \u00e9tant\u00a0<a href=\"http:\/\/www.lefigaro.fr\/sports\/rugby\/top-14\/top-14-pas-de-limites-yannick-jauzion-club-de-son-oncle-cinq-choses-a-savoir-sur-fabien-brau-boirie-la-pepite-de-pau-qui-pourrait-etre-appele-en-bleu-20251010\" data-fig-type=\"NewsFlash\" data-gtm-custom-categorie=\"navigation\" data-gtm-custom-action=\"crossclick\" data-gtm-custom-label=\"Contextuel\" data-gtm-event=\"customEventSPE\" data-fig-domain=\"LEFIGARO\" rel=\"nofollow noopener\" target=\"_blank\">le trois-quarts centre de la Section Paloise, Fabien Brau-Boirie<\/a>, 19 ans.<\/p>\n<p>Six joueurs \u00e0 plus de 40 s\u00e9lections<\/p>\n<p class=\"fig-paragraph\">Seulement six joueurs (toujours en attendant le rappel de Ramos) comptent 40 s\u00e9lections ou plus\u00a0: Julien Marchand, Romain Taofifenua, Gr\u00e9gory Alldritt, Romain Ntamack, Damian Penaud, Ga\u00ebl Fickou (le plus cap\u00e9, et de loin, avec ses 96 capes). Trois de plus affichent 32 s\u00e9lections ou plus (Jean-Baptiste Gros, Thibaud Flament et Cameron Woki). Le d\u00e9ficit sera flagrant face \u00e0 la tr\u00e8s exp\u00e9riment\u00e9e s\u00e9lection sud-africaine&#8230;<\/p>\n","protected":false},"excerpt":{"rendered":"Fabien Galthi\u00e9 a d\u00e9voil\u00e9 ce mercredi les 42 joueurs pour lancer la pr\u00e9paration \u00e0 la tourn\u00e9e de novembre.&hellip;\n","protected":false},"author":2,"featured_media":483324,"comment_status":"","ping_status":"","sticky":false,"template":"","format":"standard","meta":{"footnotes":""},"categories":[2],"tags":[11,515,1011,27,33069,12,25,12098,8541],"class_list":{"0":"post-483323","1":"post","2":"type-post","3":"status-publish","4":"format-standard","5":"has-post-thumbnail","7":"category-actualites","8":"tag-actualites","9":"tag-fabien-galthie","10":"tag-fr","11":"tag-france","12":"tag-gael-fickou","13":"tag-news","14":"tag-republique-francaise","15":"tag-section-paloise","16":"tag-thomas-ramos"},"share_on_mastodon":{"url":"https:\/\/pubeurope.com\/@fr\/115421074120751214","error":""},"_links":{"self":[{"href":"https:\/\/www.europesays.com\/fr\/wp-json\/wp\/v2\/posts\/483323","targetHints":{"allow":["GET"]}}],"collection":[{"href":"https:\/\/www.europesays.com\/fr\/wp-json\/wp\/v2\/posts"}],"about":[{"href":"https:\/\/www.europesays.com\/fr\/wp-json\/wp\/v2\/types\/post"}],"author":[{"embeddable":true,"href":"https:\/\/www.europesays.com\/fr\/wp-json\/wp\/v2\/users\/2"}],"replies":[{"embeddable":true,"href":"https:\/\/www.europesays.com\/fr\/wp-json\/wp\/v2\/comments?post=483323"}],"version-history":[{"count":0,"href":"https:\/\/www.europesays.com\/fr\/wp-json\/wp\/v2\/posts\/483323\/revisions"}],"wp:featuredmedia":[{"embeddable":true,"href":"https:\/\/www.europesays.com\/fr\/wp-json\/wp\/v2\/media\/483324"}],"wp:attachment":[{"href":"https:\/\/www.europesays.com\/fr\/wp-json\/wp\/v2\/media?parent=483323"}],"wp:term":[{"taxonomy":"category","embeddable":true,"href":"https:\/\/www.europesays.com\/fr\/wp-json\/wp\/v2\/categories?post=483323"},{"taxonomy":"post_tag","embeddable":true,"href":"https:\/\/www.europesays.com\/fr\/wp-json\/wp\/v2\/tags?post=483323"}],"curies":[{"name":"wp","href":"https:\/\/api.w.org\/{rel}","templated":true}]}}