{"id":483329,"date":"2025-10-23T02:20:21","date_gmt":"2025-10-23T02:20:21","guid":{"rendered":"https:\/\/www.europesays.com\/fr\/483329\/"},"modified":"2025-10-23T02:20:21","modified_gmt":"2025-10-23T02:20:21","slug":"dans-la-douleur-medvedev-simpose-et-rejoint-moutet-au-deuxieme-tour","status":"publish","type":"post","link":"https:\/\/www.europesays.com\/fr\/483329\/","title":{"rendered":"dans la douleur, Medvedev s\u2019impose et rejoint Moutet au deuxi\u00e8me tour"},"content":{"rendered":"<p>                <img decoding=\"async\" src=\"https:\/\/www.europesays.com\/fr\/wp-content\/uploads\/2025\/10\/AnxN.jpg\" fetchpriority=\"high\" alt=\"ATP Vienne : dans la douleur, Medvedev s\u2019impose et rejoint Moutet au deuxi\u00e8me tour\"\/><\/p>\n<p>Daniil Medvedev, en lice pour se qualifier aux prestigieuses ATP Finals, a arrach\u00e9 une victoire difficile face \u00e0 Nuno Borges \u00e0 Vienne.<\/p>\n<p>Loin d\u2019une simple formalit\u00e9, ce duel a \u00e9t\u00e9 un v\u00e9ritable combat. Borges, class\u00e9 47e mondial, a emb\u00eat\u00e9 s\u00e9v\u00e8rement l\u2019ancien num\u00e9ro un mondial.<\/p>\n<p>Malgr\u00e9 la perte du premier set sur le fil, le Portugais ne s\u2019est pas \u00e9croul\u00e9 dans la manche suivante. Au contraire, il est all\u00e9 chercher un tie-break, sauvant deux balles de match au passage et l\u2019emportant 9-7.<\/p>\n<p>Dans la troisi\u00e8me et derni\u00e8re manche, Medvedev a hauss\u00e9 son niveau. Jeu apr\u00e8s jeu, il a \u00e9touff\u00e9 Borges, profitant \u00e9galement de son manque d\u2019efficacit\u00e9 tout au long de la rencontre (0\/4 balle de break).<\/p>\n<p>R\u00e9sultat : victoire du Russe 6-4, 6-7, 6-2 apr\u00e8s 2h18 de jeu et une qualification pour le deuxi\u00e8me tour o\u00f9 il retrouvera Corentin Moutet, joueur qu\u2019il conna\u00eet bien.<\/p>\n<p>En effet, les deux hommes se sont crois\u00e9s \u00e0 trois reprises sur le circuit, dont deux fois cette saison : victoire de Moutet en quart de finale de Washington (1-6, 6-4, 6-4), puis victoire de Medvedev en finale d\u2019Almaty (7-5, 6-7, 6-2).<\/p>\n","protected":false},"excerpt":{"rendered":"Daniil Medvedev, en lice pour se qualifier aux prestigieuses ATP Finals, a arrach\u00e9 une victoire difficile face \u00e0&hellip;\n","protected":false},"author":2,"featured_media":483330,"comment_status":"","ping_status":"","sticky":false,"template":"","format":"standard","meta":{"footnotes":""},"categories":[1415],"tags":[1011,27,60,1467],"class_list":{"0":"post-483329","1":"post","2":"type-post","3":"status-publish","4":"format-standard","5":"has-post-thumbnail","7":"category-tennis","8":"tag-fr","9":"tag-france","10":"tag-sports","11":"tag-tennis"},"share_on_mastodon":{"url":"https:\/\/pubeurope.com\/@fr\/115421094282975523","error":""},"_links":{"self":[{"href":"https:\/\/www.europesays.com\/fr\/wp-json\/wp\/v2\/posts\/483329","targetHints":{"allow":["GET"]}}],"collection":[{"href":"https:\/\/www.europesays.com\/fr\/wp-json\/wp\/v2\/posts"}],"about":[{"href":"https:\/\/www.europesays.com\/fr\/wp-json\/wp\/v2\/types\/post"}],"author":[{"embeddable":true,"href":"https:\/\/www.europesays.com\/fr\/wp-json\/wp\/v2\/users\/2"}],"replies":[{"embeddable":true,"href":"https:\/\/www.europesays.com\/fr\/wp-json\/wp\/v2\/comments?post=483329"}],"version-history":[{"count":0,"href":"https:\/\/www.europesays.com\/fr\/wp-json\/wp\/v2\/posts\/483329\/revisions"}],"wp:featuredmedia":[{"embeddable":true,"href":"https:\/\/www.europesays.com\/fr\/wp-json\/wp\/v2\/media\/483330"}],"wp:attachment":[{"href":"https:\/\/www.europesays.com\/fr\/wp-json\/wp\/v2\/media?parent=483329"}],"wp:term":[{"taxonomy":"category","embeddable":true,"href":"https:\/\/www.europesays.com\/fr\/wp-json\/wp\/v2\/categories?post=483329"},{"taxonomy":"post_tag","embeddable":true,"href":"https:\/\/www.europesays.com\/fr\/wp-json\/wp\/v2\/tags?post=483329"}],"curies":[{"name":"wp","href":"https:\/\/api.w.org\/{rel}","templated":true}]}}