{"id":483331,"date":"2025-10-23T02:22:20","date_gmt":"2025-10-23T02:22:20","guid":{"rendered":"https:\/\/www.europesays.com\/fr\/483331\/"},"modified":"2025-10-23T02:22:20","modified_gmt":"2025-10-23T02:22:20","slug":"diffusion-tv-programme-du-week-end-et-des-codes-promo-sur-les-produits-officiels","status":"publish","type":"post","link":"https:\/\/www.europesays.com\/fr\/483331\/","title":{"rendered":"diffusion TV, programme du week-end et des codes promo sur les produits officiels !"},"content":{"rendered":"<p class=\"paragraph text_align_left lp-f-body-02\">Le <b>circuit de Masaryk \u00e0 Brno<\/b> accueille ce week-end le <b>Grand Prix de Tch\u00e9quie<\/b>, juste avant la pause estivale. Apr\u00e8s une <a href=\"https:\/\/www.leparisien.fr\/codes-promo\/bons-plans\/motogp-horaires-et-diffusion-tv-du-grand-prix-dallemagne-2025-ainsi-que-des-codes-promo-sur-les-produits-officiels-10-07-2025-PM3ENZLB6RDJ3GDCFRTDXLJUQY.php\" target=\"_blank\" rel=\"dofollow noopener\">course rythm\u00e9e en Allemagne<\/a>, que nous r\u00e9servent les pilotes moto pour cette \u00e9tape du championnat ? Les deux fr\u00e8res <b>Marquez<\/b> vont-ils continuer \u00e0 briller et \u00e0 s\u2019imposer ? Le fran\u00e7ais <b>Fabio Quartararo <\/b>arrivera-t-il \u00e0 se hisser sur le podium ? R\u00e9ponse ce week-end sur les cha\u00eenes du groupe <b>Canal+<\/b> ! En attendant, <a href=\"https:\/\/www.leparisien.fr\/codes-promo\/\" target=\"_blank\" rel=\"dofollow noopener\">Le Parisien Codes Promo<\/a> vous propose le <b>programme complet du week-end<\/b>, ainsi que des <b>codes promo sur les produits officiels MotoGP<\/b> !<\/p>\n<p>Quel est le programme du Grand Prix Moto de Tch\u00e9quie ?<\/p>\n<p class=\"paragraph text_align_left lp-f-body-02\">Comme d\u2019habitude, l\u2019ensemble du <b>GP Moto<\/b> est diffus\u00e9 sur les cha\u00eenes du groupe Canal+. D\u00e9couvrez tout le programme en d\u00e9tail : <\/p>\n<p class=\"paragraph text_align_left lp-f-body-02\">Vendredi 18 juillet 2025 : <\/p>\n<ul class=\"margin_bottom_md fs_18_26 fs_20_28_ad blue-dot\">\n<li class=\"mb_150 pl_325\"><b>Essais libres 1 <\/b>: 10 h 35 sur Canal+ Sport 360.<\/li>\n<li class=\"mb_150 pl_325\"><b>Essais<\/b> : 14 h 50 sur Canal+ Sport 360.<\/li>\n<\/ul>\n<p class=\"paragraph text_align_left lp-f-body-02\">Samedi 19 juillet 2025 : <\/p>\n<ul class=\"margin_bottom_md fs_18_26 fs_20_28_ad blue-dot\">\n<li class=\"mb_150 pl_325\"><b>Essais libres 2<\/b> : 10 h 00 sur Canal+ Sport 360.<\/li>\n<li class=\"mb_150 pl_325\"><b>Qualifs<\/b> : 10 h 45 sur Canal+ Sport 360.<\/li>\n<li class=\"mb_150 pl_325\"><b>Course Sprint <\/b>: 15 h 00 sur Canal+ Sport 360.<\/li>\n<\/ul>\n<p class=\"paragraph text_align_left lp-f-body-02\">Dimanche 20 juillet 2025 : <\/p>\n<ul class=\"margin_bottom_md fs_18_26 fs_20_28_ad blue-dot\">\n<li class=\"mb_150 pl_325\"><b>Course<\/b> : 14 h 00 sur Canal+.<\/li>\n<\/ul>\n<p class=\"paragraph text_align_left lp-f-body-02\">Ainsi, il vous faut n\u00e9cessairement un <b>abonnement Canal+<\/b> pour suivre l\u2019int\u00e9gralit\u00e9 du GP Moto. Bonne nouvelle si vous n\u2019\u00eates pas abonn\u00e9, vous pouvez<b> <\/b><a href=\"https:\/\/www.leparisien.fr\/codes-promo\/marques\/canal-plus.php?cp=481061\" target=\"_blank\" rel=\"dofollow noopener\"><b>\u00e9conomiser 50 \u20ac avec l\u2019offre de parrainage<\/b><\/a>, ou b\u00e9n\u00e9ficier de<b> <\/b><a href=\"https:\/\/www.leparisien.fr\/codes-promo\/marques\/canal-plus.php?cp=499885\" target=\"_blank\" rel=\"dofollow noopener\"><b>l\u2019offre RAT+ Sport \u00e0 19,99\u20ac\/mois au lieu de 45,99\u20ac\/mois<\/b><\/a><b> <\/b>pour les moins de 26 ans !<\/p>\n<p>MotoGP : profitez de codes promo et remises sur les produits officiels !<\/p>\n<p class=\"paragraph text_align_left lp-f-body-02\">Fans de sports m\u00e9caniques et particuli\u00e8rement de moto ? Ne manquez pas ces codes promo pour vous offrir des goodies et produits d\u00e9riv\u00e9s \u00e0 prix r\u00e9duit !<\/p>\n<p class=\"paragraph text_align_left lp-f-body-02\">Ces offres sont temporaires, alors profitez-en vite pour vous offrir des <b>goodies MotoGP pas chers<\/b> ! Et pour tous vos achats du quotidien, n\u2019oubliez pas que les <a href=\"https:\/\/www.leparisien.fr\/codes-promo\/soldes\/\" target=\"_blank\" rel=\"dofollow noopener\"><b>soldes d\u2019\u00e9t\u00e9<\/b><\/a> s\u2019ach\u00e8vent dans quelques jours. Bon week-end de course !<\/p>\n","protected":false},"excerpt":{"rendered":"Le circuit de Masaryk \u00e0 Brno accueille ce week-end le Grand Prix de Tch\u00e9quie, juste avant la pause&hellip;\n","protected":false},"author":2,"featured_media":456340,"comment_status":"","ping_status":"","sticky":false,"template":"","format":"standard","meta":{"footnotes":""},"categories":[1413],"tags":[677,11769,1011,27,1457,1456,1858,60],"class_list":{"0":"post-483331","1":"post","2":"type-post","3":"status-publish","4":"format-standard","5":"has-post-thumbnail","7":"category-moto","8":"tag-bons-plans","9":"tag-codes-promo","10":"tag-fr","11":"tag-france","12":"tag-moto","13":"tag-motocycle","14":"tag-services","15":"tag-sports"},"share_on_mastodon":{"url":"https:\/\/pubeurope.com\/@fr\/115421101697202781","error":""},"_links":{"self":[{"href":"https:\/\/www.europesays.com\/fr\/wp-json\/wp\/v2\/posts\/483331","targetHints":{"allow":["GET"]}}],"collection":[{"href":"https:\/\/www.europesays.com\/fr\/wp-json\/wp\/v2\/posts"}],"about":[{"href":"https:\/\/www.europesays.com\/fr\/wp-json\/wp\/v2\/types\/post"}],"author":[{"embeddable":true,"href":"https:\/\/www.europesays.com\/fr\/wp-json\/wp\/v2\/users\/2"}],"replies":[{"embeddable":true,"href":"https:\/\/www.europesays.com\/fr\/wp-json\/wp\/v2\/comments?post=483331"}],"version-history":[{"count":0,"href":"https:\/\/www.europesays.com\/fr\/wp-json\/wp\/v2\/posts\/483331\/revisions"}],"wp:featuredmedia":[{"embeddable":true,"href":"https:\/\/www.europesays.com\/fr\/wp-json\/wp\/v2\/media\/456340"}],"wp:attachment":[{"href":"https:\/\/www.europesays.com\/fr\/wp-json\/wp\/v2\/media?parent=483331"}],"wp:term":[{"taxonomy":"category","embeddable":true,"href":"https:\/\/www.europesays.com\/fr\/wp-json\/wp\/v2\/categories?post=483331"},{"taxonomy":"post_tag","embeddable":true,"href":"https:\/\/www.europesays.com\/fr\/wp-json\/wp\/v2\/tags?post=483331"}],"curies":[{"name":"wp","href":"https:\/\/api.w.org\/{rel}","templated":true}]}}