{"id":483332,"date":"2025-10-23T02:23:14","date_gmt":"2025-10-23T02:23:14","guid":{"rendered":"https:\/\/www.europesays.com\/fr\/483332\/"},"modified":"2025-10-23T02:23:14","modified_gmt":"2025-10-23T02:23:14","slug":"gp-daustralie-2025-le-resume-de-michelin","status":"publish","type":"post","link":"https:\/\/www.europesays.com\/fr\/483332\/","title":{"rendered":"GP d&rsquo;Australie 2025, le r\u00e9sum\u00e9 de Michelin"},"content":{"rendered":"<p style=\"text-align: justify;\"><b>Le circuit de Phillip Island a r\u00e9serv\u00e9 son lot de surprises. Les pilotes MotoGP ont d\u00fb faire face \u00e0 des conditions m\u00e9t\u00e9orologiques contraignantes durant le week-end.<\/b><\/p>\n<p style=\"text-align: justify;\">Apr\u00e8s le resurfa\u00e7age complet effectu\u00e9 en 2024, le circuit de Phillip Island proposait cette ann\u00e9e un grip \u00e9lev\u00e9 mais une surface plus bossel\u00e9e. Les conditions m\u00e9t\u00e9orologiques ont \u00e9t\u00e9 tr\u00e8s variables, avec un vent fort, du froid puis du soleil.<\/p>\n<p style=\"text-align: justify;\">Fabio Quartararo s&rsquo;est offert <a href=\"https:\/\/franceracing.fr\/moto-gp\/gp-daustralie-2025-qualifs-fabio-quartararo-dans-la-derniere-seconde\/\" target=\"_blank\" rel=\"noopener nofollow\">la pole position<\/a>, disput\u00e9e lors d&rsquo;une fra\u00eeche matin\u00e9e. L&rsquo;apr\u00e8s-midi, pour <a href=\"https:\/\/franceracing.fr\/moto-gp\/gp-daustralie-2025-sprint-marco-bezzecchi-gagne\/\" target=\"_blank\" rel=\"noopener nofollow\">la Sprint<\/a>, Marco Bezzecchi s&rsquo;est impos\u00e9. Le dimanche, la victoire est revenue \u00e0 Ra\u00fal Fern\u00e1ndez, qui s&rsquo;offre son <a href=\"https:\/\/franceracing.fr\/moto-gp\/gp-daustralie-2025-course-raul-fernandez-vainqueur-de-grand-prix-motogp\/\" target=\"_blank\" rel=\"noopener nofollow\">premier succ\u00e8s en Grand Prix<\/a> en MotoGP.<\/p>\n<p>Michelin face aux conditions m\u00e9t\u00e9orologiques tr\u00e8s variables de l&rsquo;Australie<\/p>\n<blockquote>\n<p style=\"text-align: justify;\">\u00ab\u00a0Phillip Island est toujours un d\u00e9fi exceptionnel, et cette \u00e9dition 2025 l\u2019a encore d\u00e9montr\u00e9. Les conditions ont \u00e9t\u00e9 tr\u00e8s changeantes, avec du froid, du vent, puis une hausse rapide des temp\u00e9ratures le samedi apr\u00e8s-midi. Cela a permis de valider quasiment toutes les combinaisons de pneus que nous avions apport\u00e9es. Les pilotes ont pu exploiter pleinement la performance de la gamme Michelin Power : le Soft arri\u00e8re a brill\u00e9 lors de la Sprint, tandis que le couple Hard avant \/ Medium arri\u00e8re a parfaitement r\u00e9pondu aux exigences du Grand Prix. Les \u00e9carts de temp\u00e9rature entre les deux flancs \u2013 typiques de ce circuit asym\u00e9trique \u2013 ont \u00e9t\u00e9 tr\u00e8s bien ma\u00eetris\u00e9s gr\u00e2ce \u00e0 la conception sp\u00e9cifique de nos pneus. Nous avons \u00e9galement constat\u00e9 une progression notable du niveau global de performance. Les chronos battus \u00e0 plusieurs reprises, la constance sur la distance, et la satisfaction exprim\u00e9e par les pilotes confirment la pertinence de nos choix techniques et des ajustements r\u00e9alis\u00e9s depuis le resurfa\u00e7age de 2024. Phillip Island reste un circuit unique, o\u00f9 la nature, le vent et la vitesse se combinent pour cr\u00e9er des conditions extr\u00eames. Voir nos pneus performer dans ce contexte, avec des records et des courses disput\u00e9es, est une belle r\u00e9compense pour toute l\u2019\u00e9quipe Michelin Motorsport\u00a0\u00bb, d\u00e9clare Piero Taramasso, manager de la comp\u00e9tition deux-roues de Michelin.<\/p>\n<\/blockquote>\n","protected":false},"excerpt":{"rendered":"Le circuit de Phillip Island a r\u00e9serv\u00e9 son lot de surprises. Les pilotes MotoGP ont d\u00fb faire face&hellip;\n","protected":false},"author":2,"featured_media":483333,"comment_status":"","ping_status":"","sticky":false,"template":"","format":"standard","meta":{"footnotes":""},"categories":[1412],"tags":[1451,1452,1453,1454,1455,1011,27,60],"class_list":{"0":"post-483332","1":"post","2":"type-post","3":"status-publish","4":"format-standard","5":"has-post-thumbnail","7":"category-f1","8":"tag-f1","9":"tag-formula-1","10":"tag-formula1","11":"tag-formule-1","12":"tag-formule1","13":"tag-fr","14":"tag-france","15":"tag-sports"},"share_on_mastodon":{"url":"https:\/\/pubeurope.com\/@fr\/115421105641795773","error":""},"_links":{"self":[{"href":"https:\/\/www.europesays.com\/fr\/wp-json\/wp\/v2\/posts\/483332","targetHints":{"allow":["GET"]}}],"collection":[{"href":"https:\/\/www.europesays.com\/fr\/wp-json\/wp\/v2\/posts"}],"about":[{"href":"https:\/\/www.europesays.com\/fr\/wp-json\/wp\/v2\/types\/post"}],"author":[{"embeddable":true,"href":"https:\/\/www.europesays.com\/fr\/wp-json\/wp\/v2\/users\/2"}],"replies":[{"embeddable":true,"href":"https:\/\/www.europesays.com\/fr\/wp-json\/wp\/v2\/comments?post=483332"}],"version-history":[{"count":0,"href":"https:\/\/www.europesays.com\/fr\/wp-json\/wp\/v2\/posts\/483332\/revisions"}],"wp:featuredmedia":[{"embeddable":true,"href":"https:\/\/www.europesays.com\/fr\/wp-json\/wp\/v2\/media\/483333"}],"wp:attachment":[{"href":"https:\/\/www.europesays.com\/fr\/wp-json\/wp\/v2\/media?parent=483332"}],"wp:term":[{"taxonomy":"category","embeddable":true,"href":"https:\/\/www.europesays.com\/fr\/wp-json\/wp\/v2\/categories?post=483332"},{"taxonomy":"post_tag","embeddable":true,"href":"https:\/\/www.europesays.com\/fr\/wp-json\/wp\/v2\/tags?post=483332"}],"curies":[{"name":"wp","href":"https:\/\/api.w.org\/{rel}","templated":true}]}}