{"id":483334,"date":"2025-10-23T02:24:17","date_gmt":"2025-10-23T02:24:17","guid":{"rendered":"https:\/\/www.europesays.com\/fr\/483334\/"},"modified":"2025-10-23T02:24:17","modified_gmt":"2025-10-23T02:24:17","slug":"cyclisme-retraite-un-coureur-de-la-conti-de-decathlon-ag2r-met-pied-a-terre-a-22-ans","status":"publish","type":"post","link":"https:\/\/www.europesays.com\/fr\/483334\/","title":{"rendered":"Cyclisme. Retraite &#8211; Un coureur de la conti de D\u00e9cathlon AG2R met pied \u00e0 terre \u00e0 22 ans"},"content":{"rendered":"<p>Ancien transfuge de la <strong>Red Bull-BORA-hansgrohe<\/strong>, l&rsquo;ex-futur coureur de la <strong><a href=\"https:\/\/www.cyclismactu.net\/..\/news-transfert-route-cinq-nouvelles-recrues-dont-olav-kooij-chez-decathlon-ag2r-mondiale-90032.html\" target=\"_blank\" rel=\"noopener\">Decathlon AG2R La Mondiale Development Team<\/a><\/strong>, <strong>Luis-Joe Luhrs<\/strong>\u00a0d\u00e9cide de mettre un terme \u00e0 sa carri\u00e8re \u00e0 l&rsquo;\u00e2ge de 22 ans. Arriv\u00e9 tr\u00e8s t\u00f4t en WorldTour avec l&rsquo;\u00e9quipe allemande, son ann\u00e9e dans la structure de d\u00e9veloppement tricolore n&rsquo;aura pas suffi \u00e0 relancer le prometteur rouleur allemand.<\/p>\n<p>Vid\u00e9o &#8211; Paul Seixas, ancien membre de la conti de D\u00e9cathlon AG2R  Lire la suite de l&rsquo;article&#13;<\/p>\n<p>\u00a0<\/p>\n<p>&#13;<br \/>\nDes promesses non tenues&#13;<\/p>\n<p>Co\u00e9quipier du tr\u00e8s prometteur <strong>Cian Uijtdebroks <\/strong>(Team Visma | Lease a Bike)\u00a0chez les jeunes de la <strong>RedBull<\/strong>, leurs destins sont depuis bien diff\u00e9rents&#8230;\u00a0<strong>Luis-Joe L\u00fchrs<\/strong> a d\u00e9cid\u00e9 de raccrocher le v\u00e9lo \u00e0 seulement 22 ans, \u00e9puis\u00e9 apr\u00e8s avoir \u00ab\u00a0pass\u00e9 plus ou moins trois saisons \u00e0 rouler \u00e0 l\u2019avant du peloton, derri\u00e8re les \u00e9chapp\u00e9es\u00a0\u00bb\u00a0comme il l&rsquo;explique \u00e0 nos confr\u00e8res de <a href=\"https:\/\/www.directvelo.com\/actualite\/124817\/decathlon-ag2r-dt-luis-joe-luehrs-arrete-sa-carriere\" target=\"_blank\" rel=\"noopener\">Direct Velo<\/a>. Aujourd&rsquo;hui il aspire \u00e0 quelque chose de nouveau. Son ann\u00e9e 2025 reste encourageante avec une 8e place lors des <strong>Championnats d&rsquo;Allemagne espoirs du contre la montre<\/strong>.\u00a0<\/p>\n","protected":false},"excerpt":{"rendered":"Ancien transfuge de la Red Bull-BORA-hansgrohe, l&rsquo;ex-futur coureur de la Decathlon AG2R La Mondiale Development Team, Luis-Joe Luhrs\u00a0d\u00e9cide&hellip;\n","protected":false},"author":2,"featured_media":483335,"comment_status":"","ping_status":"","sticky":false,"template":"","format":"standard","meta":{"footnotes":""},"categories":[1411],"tags":[1154,207,211,1011,27,137,209,60,210,212,208,213],"class_list":{"0":"post-483334","1":"post","2":"type-post","3":"status-publish","4":"format-standard","5":"has-post-thumbnail","7":"category-cyclisme","8":"tag-cycling","9":"tag-cyclisme","10":"tag-ffc","11":"tag-fr","12":"tag-france","13":"tag-retraite","14":"tag-route","15":"tag-sports","16":"tag-tour-de-france","17":"tag-uci","18":"tag-velo","19":"tag-world-tour"},"share_on_mastodon":{"url":"https:\/\/pubeurope.com\/@fr\/115421109516853411","error":""},"_links":{"self":[{"href":"https:\/\/www.europesays.com\/fr\/wp-json\/wp\/v2\/posts\/483334","targetHints":{"allow":["GET"]}}],"collection":[{"href":"https:\/\/www.europesays.com\/fr\/wp-json\/wp\/v2\/posts"}],"about":[{"href":"https:\/\/www.europesays.com\/fr\/wp-json\/wp\/v2\/types\/post"}],"author":[{"embeddable":true,"href":"https:\/\/www.europesays.com\/fr\/wp-json\/wp\/v2\/users\/2"}],"replies":[{"embeddable":true,"href":"https:\/\/www.europesays.com\/fr\/wp-json\/wp\/v2\/comments?post=483334"}],"version-history":[{"count":0,"href":"https:\/\/www.europesays.com\/fr\/wp-json\/wp\/v2\/posts\/483334\/revisions"}],"wp:featuredmedia":[{"embeddable":true,"href":"https:\/\/www.europesays.com\/fr\/wp-json\/wp\/v2\/media\/483335"}],"wp:attachment":[{"href":"https:\/\/www.europesays.com\/fr\/wp-json\/wp\/v2\/media?parent=483334"}],"wp:term":[{"taxonomy":"category","embeddable":true,"href":"https:\/\/www.europesays.com\/fr\/wp-json\/wp\/v2\/categories?post=483334"},{"taxonomy":"post_tag","embeddable":true,"href":"https:\/\/www.europesays.com\/fr\/wp-json\/wp\/v2\/tags?post=483334"}],"curies":[{"name":"wp","href":"https:\/\/api.w.org\/{rel}","templated":true}]}}