{"id":483338,"date":"2025-10-23T02:26:11","date_gmt":"2025-10-23T02:26:11","guid":{"rendered":"https:\/\/www.europesays.com\/fr\/483338\/"},"modified":"2025-10-23T02:26:11","modified_gmt":"2025-10-23T02:26:11","slug":"arthur-karine-le-marchand-pascal-praud-les-soutiens-des-stars-tele-a-nicolas-sarkozy","status":"publish","type":"post","link":"https:\/\/www.europesays.com\/fr\/483338\/","title":{"rendered":"Arthur, Karine Le Marchand, Pascal Praud&#8230; les soutiens des stars t\u00e9l\u00e9 \u00e0 Nicolas Sarkozy"},"content":{"rendered":"<p>\n    L\u2019ancien pr\u00e9sident de la R\u00e9publique est incarc\u00e9r\u00e9 depuis ce mardi 21 octobre \u00e0 la prison de la Sant\u00e9 pour association de malfaiteurs. Nombreuses sont les personnalit\u00e9s du monde de la t\u00e9l\u00e9vision \u00e0 s\u2019en \u00eatre \u00e9mues.<\/p>\n<p class=\"fig-paragraph\">L\u2019\u00e9v\u00e9nement est historique. Hier, mardi 21 octobre 2025,\u00a0<a href=\"https:\/\/www.lefigaro.fr\/tag\/nicolas-sarkozy\" target=\"_blank\" rel=\"sponsored noopener nofollow\" data-gtm-custom-categorie=\"navigation\" data-gtm-custom-action=\"crossclick\" data-gtm-custom-label=\"Contextuel\" data-gtm-event=\"customEventSPE\"><strong>Nicolas Sarkozy<\/strong><\/a> \u00a0a \u00e9t\u00e9 incarc\u00e9r\u00e9 \u00e0 la prison de la Sant\u00e9. Alors qu\u2019il s\u2019appr\u00eatait \u00e0 entrer dans une voiture\u00a0<a href=\"http:\/\/www.lefigaro.fr\/actualite-france\/incarceration-de-nicolas-sarkozy-les-images-de-l-ancien-chef-de-l-etat-sortant-de-son-domicile-sous-les-applaudissements-20251021\" target=\"_blank\" data-fig-type=\"NewsFlash\" rel=\"noopener nofollow\" data-gtm-custom-categorie=\"navigation\" data-gtm-custom-action=\"crossclick\" data-gtm-custom-label=\"Contextuel\" data-gtm-event=\"customEventSPE\" data-fig-domain=\"LEFIGARO\">l\u2019emmenant \u00e0 l\u2019\u00e9tablissement p\u00e9nitentiaire<\/a>, l\u2019ancien pr\u00e9sident de la R\u00e9publique \u00e9tait attendu par une nu\u00e9e de supporters venus le soutenir, lui et sa famille.<\/p>\n<p class=\"fig-paragraph\">Et ces inconnus ne sont pas les seuls \u00e0 afficher publiquement leur soutien. Parmi ses d\u00e9fenseurs, Nicolas Sarkozy peut compter sur des personnalit\u00e9s du monde de la t\u00e9l\u00e9vision. La premi\u00e8re \u00e0 s\u2019\u00eatre indign\u00e9e du sort de l\u2019homme politique a \u00e9t\u00e9\u00a0<a href=\"https:\/\/www.lefigaro.fr\/tag\/karine-le-marchand\" target=\"_blank\" rel=\"sponsored noopener nofollow\" data-gtm-custom-categorie=\"navigation\" data-gtm-custom-action=\"crossclick\" data-gtm-custom-label=\"Contextuel\" data-gtm-event=\"customEventSPE\">Karine Le Marchand<\/a>\u00a0le 27 septembre dernier.<\/p>\n<p class=\"fig-body-link\">\n            \u00c0 lire aussi<br \/>\n        <a class=\"fig-body-link__link\" href=\"http:\/\/tvmag.lefigaro.fr\/programme-tv\/actu-tele\/c-est-une-catastrophe-pour-la-france-l-emotion-de-patrick-balkany-apres-l-incarceration-de-nicolas-sarkozy-20251021\" target=\"_blank\" data-fig-type=\"Article\" rel=\"noopener nofollow\" data-gtm-custom-categorie=\"navigation\" data-gtm-custom-action=\"crossclick\" data-gtm-custom-label=\"Contextuel\" data-gtm-event=\"customEventSPE\" data-fig-domain=\"TVMAG\"><\/p>\n<p>        \u00abC\u2019est une catastrophe pour la France\u00bb: l\u2019\u00e9motion de Patrick Balkany apr\u00e8s l\u2019incarc\u00e9ration de Nicolas Sarkozy<br \/>\n    <\/a>\n<\/p>\n<p>                                    <a class=\"fig-a11y-skip a11y-hidden\" href=\"#fig-a11y-skip-main-inarticle\"><br \/>\n        Passer la publicit\u00e9<br \/>\n    <\/a><\/p>\n<p class=\"fig-paragraph\">\u00abVous savez aussi que je prends tr\u00e8s peu la parole pour la politique, parce que je pr\u00e9sente\u00a0<a href=\"http:\/\/tvmag.lefigaro.fr\/programme-tv\/actu-tele\/on-s-en-doutait-un-petit-peu-karine-le-marchand-revient-sur-les-faibles-audiences-d-une-ambition-intime-20250603\" target=\"_blank\" data-fig-type=\"Article\" rel=\"noopener nofollow\" data-gtm-custom-categorie=\"navigation\" data-gtm-custom-action=\"crossclick\" data-gtm-custom-label=\"Contextuel\" data-gtm-event=\"customEventSPE\" data-fig-domain=\"TVMAG\">\u201cUne ambition intime\u201d<\/a> \u00a0et j\u2019essaie de rester neutre, mais en tant que Fran\u00e7aise, que citoyenne, je ne comprends pas ce qui se passe avec\u00a0Nicolas Sarkozy, 70 ans, ancien Pr\u00e9sident de la R\u00e9publique\u00bb, avait d\u00e9but\u00e9 l\u2019animatrice de \u00abL\u2019amour est dans le pr\u00e9\u00bb avant d\u2019ajouter\u00a0: \u00abJe ne comprends pas cette justice. Je suis extr\u00eamement choqu\u00e9e. Je ne pouvais pas ne pas le dire. Nicolas, tu as tout mon soutien et si je peux faire quelque chose vous me le demandez.\u00bb<\/p>\n<p>\u00abUne mesure injuste\u00bb<\/p>\n<p class=\"fig-paragraph\">Ce mardi matin, au milieu d\u2019anonymes se trouvait\u00a0<a href=\"https:\/\/www.lefigaro.fr\/tag\/capucine-anav\" target=\"_blank\" rel=\"sponsored noopener nofollow\" data-gtm-custom-categorie=\"navigation\" data-gtm-custom-action=\"crossclick\" data-gtm-custom-label=\"Contextuel\" data-gtm-event=\"customEventSPE\">Capucine Anav\u2019,<\/a>\u00a0ex-compagne de\u00a0<a href=\"http:\/\/tvmag.lefigaro.fr\/programme-tv\/actu-tele\/candidat-a-la-mairie-de-menton-louis-sarkozy-va-t-il-devoir-arreter-ses-chroniques-sur-lci-et-rmc-20250912\" data-fig-type=\"Article\" data-gtm-custom-categorie=\"navigation\" data-gtm-custom-action=\"crossclick\" data-gtm-custom-label=\"Contextuel\" data-gtm-event=\"customEventSPE\" data-fig-domain=\"TVMAG\" rel=\"nofollow noopener\" target=\"_blank\">Louis Sarkozy<\/a>, chroniqueuse t\u00e9l\u00e9 et ex-candidate de t\u00e9l\u00e9r\u00e9alit\u00e9. \u00abJe suis venue, car c\u2019est une famille avec laquelle j\u2019ai gard\u00e9 de bons rapports. C\u2019est important pour moi de soutenir Nicolas Sarkozy aujourd\u2019hui, m\u00eame si je sais qu\u2019il a une force extraordinaire\u00bb, a-t-elle confi\u00e9 \u00e0 nos confr\u00e8res de Gala. Et d\u2019ajouter\u00a0: \u00ab\u00c7a me tenait \u00e0 c\u0153ur d\u2019\u00eatre ici et de montrer que je ne suis pas d\u2019accord avec cette d\u00e9cision de justice. Quand on n\u2019est pas d\u2019accord, c\u2019est important de le montrer.\u00bb<\/p>\n<p class=\"fig-paragraph\">Le journaliste et pr\u00e9sentateur\u00a0<a href=\"https:\/\/www.lefigaro.fr\/tag\/pascal-praud\" target=\"_blank\" rel=\"sponsored noopener nofollow\" data-gtm-custom-categorie=\"navigation\" data-gtm-custom-action=\"crossclick\" data-gtm-custom-label=\"Contextuel\" data-gtm-event=\"customEventSPE\"><strong>Pascal Praud<\/strong><\/a> \u00a0a quant \u00e0 lui d\u00e9di\u00e9 son \u00e9dito de \u00abL\u2019Heure des Pros\u00bb sur\u00a0<a href=\"https:\/\/tvmag.lefigaro.fr\/programme-tv\/chaine\/226\/tous-les-programmes-de-cnews\" target=\"_blank\" rel=\"sponsored noopener nofollow\" data-gtm-custom-categorie=\"navigation\" data-gtm-custom-action=\"crossclick\" data-gtm-custom-label=\"Contextuel\" data-gtm-event=\"customEventSPE\">CNews<\/a>\u00a0au partage de son indignation. \u00abJ\u2019ai \u00e9prouv\u00e9 hier un sentiment de malaise, pour ne pas dire d\u2019\u00e9c\u0153urement, quand j\u2019ai vu entrer \u00e0 la prison de la Sant\u00e9 Nicolas Sarkozy, ex-pr\u00e9sident de la R\u00e9publique, pr\u00e9sum\u00e9 innocent\u00bb, a amorc\u00e9 l\u2019homme de 61 ans et de lister les sentiments \u00e9prouv\u00e9s\u00a0: \u00abMalaise, \u00e9c\u0153urement mais aussi tristesse, honte, col\u00e8re. Sentiments partag\u00e9s j\u2019imagine par bon nombre de Fran\u00e7ais. [&#8230;] La bataille contre la justice est \u00e0 g\u00e9om\u00e9trie variable. Qui contestera que l\u2019ex\u00e9cution provisoire qui frappe Nicolas Sarkozy est une mesure injuste. Et je ne parle pas du jugement.\u00bb<\/p>\n<p class=\"fig-paragraph\">Toujours sur la cha\u00eene d\u2019information en continu du groupe de Vincent Bollor\u00e9,\u00a0<a href=\"https:\/\/www.lefigaro.fr\/tag\/laurence-ferrari\" target=\"_blank\" rel=\"sponsored noopener nofollow\" data-gtm-custom-categorie=\"navigation\" data-gtm-custom-action=\"crossclick\" data-gtm-custom-label=\"Contextuel\" data-gtm-event=\"customEventSPE\">Laurence Ferrari<\/a>\u00a0recevait hier soir l\u2019animateur\u00a0<a href=\"https:\/\/www.lefigaro.fr\/tag\/arthur\" target=\"_blank\" rel=\"sponsored noopener nofollow\" data-gtm-custom-categorie=\"navigation\" data-gtm-custom-action=\"crossclick\" data-gtm-custom-label=\"Contextuel\" data-gtm-event=\"customEventSPE\">Arthur<\/a>\u00a0\u00e0 l\u2019occasion de la sortie de son livre J\u2019ai perdu un B\u00e9douin dans Paris. La pr\u00e9sentatrice a profit\u00e9 de la pr\u00e9sence de l\u2019invit\u00e9 pour le questionner sur l\u2019incarc\u00e9ration de Nicolas Sarkozy. \u00abJ\u2019ai eu la chance de rencontrer le pr\u00e9sident Sarkozy en 1996 et nous sommes devenus amis. C\u2019est vrai que ces images \u00e9taient douloureuses et folles ce matin, de voir un pr\u00e9sident accompagn\u00e9 jusqu\u2019\u00e0 une cellule. Je n\u2019ai pas tout compris mais j\u2019ai l\u2019impression qu\u2019il est innocent, de ce que j\u2019ai cru comprendre donc c\u2019est fou\u00bb, a d\u00e9plor\u00e9 l\u2019animateur et producteur de \u00abVendredi tout est permis\u00bb.<\/p>\n<p class=\"fig-paragraph\">Son \u00e9pouse, Carla Bruni, a tenu \u00e0 porter sa voix dans une publication post\u00e9e sur ses r\u00e9seaux sociaux. Un texte qui a, lui aussi, valu une vague de soutien. \u00abCourage \u00e0 vous , \u00e0 Nicolas et aux enfants\u00bb, a comment\u00e9 l\u2019animatrice Karine Ferri tandis que la com\u00e9dienne Vanessa Demouy abondait \u00e9galement en ce sens. Laura Smet s\u2019est quant \u00e0 elle content\u00e9e d\u2019un c\u0153ur rouge en marque d\u2019affection.<\/p>\n<p>                                    <a class=\"fig-a11y-skip a11y-hidden\" href=\"#fig-a11y-skip-main-inarticle_mtf\"><br \/>\n        Passer la publicit\u00e9<br \/>\n    <\/a><\/p>\n<p class=\"fig-paragraph\">Une publication par ailleurs aim\u00e9e par bon nombre de personnalit\u00e9s \u00e0 l\u2019instar des animateurs et journalistes\u00a0<a href=\"http:\/\/tvmag.lefigaro.fr\/programme-tv\/actu-tele\/on-ouvre-une-nouvelle-page-de-notre-histoire-jean-marc-morandini-de-retour-dans-les-locaux-de-cnews-a-la-rentree-20250725\" target=\"_blank\" data-fig-type=\"Article\" rel=\"noopener nofollow\" data-gtm-custom-categorie=\"navigation\" data-gtm-custom-action=\"crossclick\" data-gtm-custom-label=\"Contextuel\" data-gtm-event=\"customEventSPE\" data-fig-domain=\"TVMAG\">Jean-Marc Morandini<\/a>,\u00a0<a href=\"http:\/\/tvmag.lefigaro.fr\/programme-tv\/people\/caroline-ithurbide-annonce-sa-grossesse-en-direct-sur-europe-1-20250925\" target=\"_blank\" data-fig-type=\"Article\" rel=\"noopener nofollow\" data-gtm-custom-categorie=\"navigation\" data-gtm-custom-action=\"crossclick\" data-gtm-custom-label=\"Contextuel\" data-gtm-event=\"customEventSPE\" data-fig-domain=\"TVMAG\">Caroline Ithurbide<\/a>,\u00a0<a href=\"http:\/\/tvmag.lefigaro.fr\/programme-tv\/actu-tele\/oh-taisez-vous-alex-lutz-raille-emilie-tran-nguyen-apres-une-question-sur-le-film-connemara-20250909\" target=\"_blank\" data-fig-type=\"Article\" rel=\"noopener nofollow\" data-gtm-custom-categorie=\"navigation\" data-gtm-custom-action=\"crossclick\" data-gtm-custom-label=\"Contextuel\" data-gtm-event=\"customEventSPE\" data-fig-domain=\"TVMAG\">Emilie Tran Nguyen<\/a>,\u00a0<a href=\"http:\/\/tvmag.lefigaro.fr\/programme-tv\/actu-tele\/depuis-quand-une-femme-de-40-ans-est-deja-vieille-le-coup-de-gueule-de-cristina-cordula-contre-l-agisme-20251005\" target=\"_blank\" data-fig-type=\"Article\" rel=\"noopener nofollow\" data-gtm-custom-categorie=\"navigation\" data-gtm-custom-action=\"crossclick\" data-gtm-custom-label=\"Contextuel\" data-gtm-event=\"customEventSPE\" data-fig-domain=\"TVMAG\">Cristina Cordula<\/a>. Mais \u00e9galement de l\u2019acheteuse connue du grand public dans \u00abAffaire conclue\u00bb\u00a0<a href=\"http:\/\/tvmag.lefigaro.fr\/programme-tv\/people\/vous-etiez-nombreux-a-mon-enterrement-caroline-margeridon-dement-avec-humour-la-rumeur-l-annoncant-morte-20240821\" target=\"_blank\" data-fig-type=\"Article\" rel=\"noopener nofollow\" data-gtm-custom-categorie=\"navigation\" data-gtm-custom-action=\"crossclick\" data-gtm-custom-label=\"Contextuel\" data-gtm-event=\"customEventSPE\" data-fig-domain=\"TVMAG\">Caroline Margeridon<\/a>, de l\u2019ex-Miss France et compagne d\u2019Arthur,\u00a0<a href=\"http:\/\/tvmag.lefigaro.fr\/programme-tv\/people\/il-a-eu-raison-de-prendre-la-parole-mareva-galanter-commente-l-engagement-de-son-mari-arthur-20250331\" data-fig-type=\"Article\" data-gtm-custom-categorie=\"navigation\" data-gtm-custom-action=\"crossclick\" data-gtm-custom-label=\"Contextuel\" data-gtm-event=\"customEventSPE\" data-fig-domain=\"TVMAG\" rel=\"nofollow noopener\" target=\"_blank\">Mareva Galanter<\/a>\u00a0ou encore de la com\u00e9dienne\u00a0<a href=\"http:\/\/tvmag.lefigaro.fr\/programme-tv\/people\/je-me-suis-fait-une-dechirure-anne-roumanoff-a-ete-blessee-lors-d-une-choregraphie-avec-maxime-dereymez-20251006\" target=\"_blank\" data-fig-type=\"Article\" rel=\"noopener nofollow\" data-gtm-custom-categorie=\"navigation\" data-gtm-custom-action=\"crossclick\" data-gtm-custom-label=\"Contextuel\" data-gtm-event=\"customEventSPE\" data-fig-domain=\"TVMAG\">Anne Roumanoff<\/a>.<\/p>\n","protected":false},"excerpt":{"rendered":"L\u2019ancien pr\u00e9sident de la R\u00e9publique est incarc\u00e9r\u00e9 depuis ce mardi 21 octobre \u00e0 la prison de la Sant\u00e9&hellip;\n","protected":false},"author":2,"featured_media":483339,"comment_status":"","ping_status":"","sticky":false,"template":"","format":"standard","meta":{"footnotes":""},"categories":[1359],"tags":[14684,58,59,1011,27,5413,43695,3091,10160,973],"class_list":{"0":"post-483338","1":"post","2":"type-post","3":"status-publish","4":"format-standard","5":"has-post-thumbnail","7":"category-people","8":"tag-arthur","9":"tag-divertissement","10":"tag-entertainment","11":"tag-fr","12":"tag-france","13":"tag-karine-le-marchand","14":"tag-mareva-galanter","15":"tag-nicolas-sarkozy","16":"tag-pascal-praud","17":"tag-people"},"share_on_mastodon":{"url":"https:\/\/pubeurope.com\/@fr\/115421117443021735","error":""},"_links":{"self":[{"href":"https:\/\/www.europesays.com\/fr\/wp-json\/wp\/v2\/posts\/483338","targetHints":{"allow":["GET"]}}],"collection":[{"href":"https:\/\/www.europesays.com\/fr\/wp-json\/wp\/v2\/posts"}],"about":[{"href":"https:\/\/www.europesays.com\/fr\/wp-json\/wp\/v2\/types\/post"}],"author":[{"embeddable":true,"href":"https:\/\/www.europesays.com\/fr\/wp-json\/wp\/v2\/users\/2"}],"replies":[{"embeddable":true,"href":"https:\/\/www.europesays.com\/fr\/wp-json\/wp\/v2\/comments?post=483338"}],"version-history":[{"count":0,"href":"https:\/\/www.europesays.com\/fr\/wp-json\/wp\/v2\/posts\/483338\/revisions"}],"wp:featuredmedia":[{"embeddable":true,"href":"https:\/\/www.europesays.com\/fr\/wp-json\/wp\/v2\/media\/483339"}],"wp:attachment":[{"href":"https:\/\/www.europesays.com\/fr\/wp-json\/wp\/v2\/media?parent=483338"}],"wp:term":[{"taxonomy":"category","embeddable":true,"href":"https:\/\/www.europesays.com\/fr\/wp-json\/wp\/v2\/categories?post=483338"},{"taxonomy":"post_tag","embeddable":true,"href":"https:\/\/www.europesays.com\/fr\/wp-json\/wp\/v2\/tags?post=483338"}],"curies":[{"name":"wp","href":"https:\/\/api.w.org\/{rel}","templated":true}]}}