{"id":483342,"date":"2025-10-23T02:28:38","date_gmt":"2025-10-23T02:28:38","guid":{"rendered":"https:\/\/www.europesays.com\/fr\/483342\/"},"modified":"2025-10-23T02:28:38","modified_gmt":"2025-10-23T02:28:38","slug":"quel-est-ce-livre-adapte-en-serie-sur-france-2","status":"publish","type":"post","link":"https:\/\/www.europesays.com\/fr\/483342\/","title":{"rendered":"quel est ce livre adapt\u00e9 en s\u00e9rie sur France 2 ?"},"content":{"rendered":"<p><img alt=\"\" loading=\"lazy\" width=\"627\" height=\"408\" decoding=\"async\" data-nimg=\"1\" class=\"rounded-lg\" style=\"color:transparent\" src=\"https:\/\/www.europesays.com\/fr\/wp-content\/uploads\/2025\/10\/2434e2d2b749cfc9540607934a5635e7.jpeg\"\/><\/p>\n<p>D\u00e9senchant\u00e9es : quel est ce livre adapt\u00e9 en s\u00e9rie sur France 2 ?<\/p>\n<p class=\"mb-4 text-lg md:leading-8 break-words\">Dans quelques jours, France T\u00e9l\u00e9visions d\u00e9voilera \u00ab D\u00e9senchant\u00e9es \u00bb, une s\u00e9rie en quatre \u00e9pisodes adapt\u00e9e du <a href=\"https:\/\/fr.style.yahoo.com\/roman-va-captiver-vacances-vient-084813765.html\" data-ylk=\"slk:livre \u00e9ponyme de Marie Vareille;elm:context_link;itc:0;sec:content-canvas;outcm:mb_qualified_link;_E:mb_qualified_link;ct:story;\" class=\"link  yahoo-link\" target=\"_blank\" rel=\"noopener\">livre \u00e9ponyme de Marie Vareille<\/a>. Direction la C\u00f4te d&rsquo;Opale. Fanny, Ang\u00e9lique, Sarah, Jasmine et Morgane sont des ados des ann\u00e9es 90 qui \u00e9coutent les Spice Girls, Larusso et bien s\u00fbr <a href=\"https:\/\/www.elle.fr\/Personnalites\/Mylene-Farmer#\" rel=\"nofollow noopener\" target=\"_blank\" data-ylk=\"slk:Myl\u00e8ne Farmer;elm:context_link;itc:0;sec:content-canvas\" class=\"link \">Myl\u00e8ne Farmer<\/a>, et s&rsquo;ennuient dans leur petite ville. Jusqu&rsquo;au jour o\u00f9 le p\u00e8re de Sarah agrandit la famille avec l&rsquo;arriv\u00e9e de sa nouvelle compagne et ses deux fils. Mais Sarah dispara\u00eet, et vingt ans apr\u00e8s, Fanny, devenue journaliste parisienne, revient sur les traces de son pass\u00e9 pour un article et remue les souvenirs de ses amies.<\/p>\n<p class=\"mb-4 text-lg md:leading-8 break-words\">Sur fond de thriller, <a href=\"https:\/\/fr.style.yahoo.com\/challenge-lecture-num%C3%A9ro-6-six-090000372.html\" data-ylk=\"slk:Marie Vareille fait dans \u00ab D\u00e9senchant\u00e9es \u00bb ce qu&#039;elle sait faire de mieux;elm:context_link;itc:0;sec:content-canvas;outcm:mb_qualified_link;_E:mb_qualified_link;ct:story;\" class=\"link  yahoo-link\" target=\"_blank\" rel=\"noopener\">Marie Vareille fait dans \u00ab D\u00e9senchant\u00e9es \u00bb ce qu&rsquo;elle sait faire de mieux<\/a> : raconter l&rsquo;adolescence. Ici, elle prend la forme d&rsquo;un groupe de filles autoproclam\u00e9es les D\u00e9senchant\u00e9es. D\u00e9senchant\u00e9es par la vie, par leurs parents, par les hommes, par leur avenir. Avec leur regard d&rsquo;adulte, ces filles r\u00e9fl\u00e9chissent \u00e0 leur pass\u00e9, aux promesses non tenues, aux liens qui les unissent, aux sacrifices de la jeunesse. Impossible de ne pas se mettre \u00e0 leur place. Mais ce qui transpara\u00eet, c&rsquo;est la solidarit\u00e9 entre ces filles. Ici, Marie Vareille ne cherche pas \u00e0 trouver un premier amour \u00e0 ces ados. Elle leur offre \u00e0 la place des s\u0153urs de lutte, celles dont le soutien sera sans faille, pour toujours. Une belle le\u00e7on de sororit\u00e9 \u00e0 d\u00e9couvrir sur France.tv d\u00e8s le 23 octobre et sur France 2 le 12 novembre.<\/p>\n<p class=\"mb-4 text-lg md:leading-8 break-words\"><a href=\"https:\/\/www.elle.fr\/Loisirs\/Livres\/News\/Desenchantees-quel-est-ce-livre-adapte-en-serie-sur-France-2-4409132\" rel=\"nofollow noopener\" target=\"_blank\" data-ylk=\"slk:Voir l&#039;article original sur ELLE;elm:context_link;itc:0;sec:content-canvas\" class=\"link \">Voir l&rsquo;article original sur ELLE<\/a><\/p>\n","protected":false},"excerpt":{"rendered":"D\u00e9senchant\u00e9es : quel est ce livre adapt\u00e9 en s\u00e9rie sur France 2 ? Dans quelques jours, France T\u00e9l\u00e9visions&hellip;\n","protected":false},"author":2,"featured_media":483343,"comment_status":"","ping_status":"","sticky":false,"template":"","format":"standard","meta":{"footnotes":""},"categories":[1357],"tags":[1379,60656,58,59,1011,27,2400,1380,60655],"class_list":{"0":"post-483342","1":"post","2":"type-post","3":"status-publish","4":"format-standard","5":"has-post-thumbnail","7":"category-livres","8":"tag-books","9":"tag-desenchantees","10":"tag-divertissement","11":"tag-entertainment","12":"tag-fr","13":"tag-france","14":"tag-france-televisions","15":"tag-livres","16":"tag-marie-vareille"},"share_on_mastodon":{"url":"https:\/\/pubeurope.com\/@fr\/115421125995171442","error":""},"_links":{"self":[{"href":"https:\/\/www.europesays.com\/fr\/wp-json\/wp\/v2\/posts\/483342","targetHints":{"allow":["GET"]}}],"collection":[{"href":"https:\/\/www.europesays.com\/fr\/wp-json\/wp\/v2\/posts"}],"about":[{"href":"https:\/\/www.europesays.com\/fr\/wp-json\/wp\/v2\/types\/post"}],"author":[{"embeddable":true,"href":"https:\/\/www.europesays.com\/fr\/wp-json\/wp\/v2\/users\/2"}],"replies":[{"embeddable":true,"href":"https:\/\/www.europesays.com\/fr\/wp-json\/wp\/v2\/comments?post=483342"}],"version-history":[{"count":0,"href":"https:\/\/www.europesays.com\/fr\/wp-json\/wp\/v2\/posts\/483342\/revisions"}],"wp:featuredmedia":[{"embeddable":true,"href":"https:\/\/www.europesays.com\/fr\/wp-json\/wp\/v2\/media\/483343"}],"wp:attachment":[{"href":"https:\/\/www.europesays.com\/fr\/wp-json\/wp\/v2\/media?parent=483342"}],"wp:term":[{"taxonomy":"category","embeddable":true,"href":"https:\/\/www.europesays.com\/fr\/wp-json\/wp\/v2\/categories?post=483342"},{"taxonomy":"post_tag","embeddable":true,"href":"https:\/\/www.europesays.com\/fr\/wp-json\/wp\/v2\/tags?post=483342"}],"curies":[{"name":"wp","href":"https:\/\/api.w.org\/{rel}","templated":true}]}}