{"id":483352,"date":"2025-10-23T02:33:19","date_gmt":"2025-10-23T02:33:19","guid":{"rendered":"https:\/\/www.europesays.com\/fr\/483352\/"},"modified":"2025-10-23T02:33:19","modified_gmt":"2025-10-23T02:33:19","slug":"la-liste-des-42-bleus-pour-les-tests-de-novembre","status":"publish","type":"post","link":"https:\/\/www.europesays.com\/fr\/483352\/","title":{"rendered":"la liste des 42 Bleus pour les tests de novembre"},"content":{"rendered":"<p>            Par<br \/>\n        <strong><br \/>\n            <a href=\"https:\/\/actu.fr\/auteur\/emilie-dudonfournier\" title=\"Consulter tous les articles de Emilie Dudon-Fournier\" target=\"_blank\" rel=\"noopener\">Emilie Dudon-Fournier<\/a><br \/>\n        <\/strong><\/p>\n<p>        Publi\u00e9 le<\/p>\n<p>            22 oct. 2025 \u00e0 13h38        <\/p>\n<p>Fabien Galthi\u00e9 a d\u00e9voil\u00e9 ce mercredi <strong>son groupe \u00e9largi de 42 joueurs<\/strong> pour pr\u00e9parer les <strong>tests de novembre<\/strong> durant lesquels <a href=\"https:\/\/actu.fr\/rugby\/xv-de-france\" target=\"_blank\" rel=\"noopener\">le XV de France<\/a> recevra les champions du monde sud-africains le 8 novembre \u00e0 Paris, les Fidji le 15 novembre \u00e0 Bordeaux et l\u2019Australie le 22 novembre au Stade de France \u00e9galement.<\/p>\n<p>Ramos excus\u00e9 pour raisons personnelles<\/p>\n<p class=\" wall-content\">Elle r\u00e9serve des surprises de taille. En premier lieu, l\u2019absence de l\u2019arri\u00e8re Thomas Ramos, ind\u00e9boulonnable au poste d\u2019arri\u00e8re et \u00e9galement utilis\u00e9 \u00e0 l\u2019ouverture par le s\u00e9lectionneur. Le Toulousain, qui n\u2019\u00e9tait pas du d\u00e9placement \u00e0 Pau la semaine derni\u00e8re et n\u2019\u00e9tait pas pr\u00e9sent \u00e0 l\u2019entra\u00eenement en d\u00e9but de semaine, ne figurait cependant pas officiellement dans liste des bless\u00e9s de son \u00e9quipe. Selon L\u2019Equipe, il a \u00e9t\u00e9 excus\u00e9 en raison d\u2019un heureux \u00e9v\u00e9nement \u00e0 venir dans sa vie personnelle et sera pr\u00e9sent pour le premier match contre l\u2019Afrique du Sud.<\/p>\n<p>Gourgues, Brau-Boirie et Tiberghien appel\u00e9s<\/p>\n<p class=\" wall-content\">Contrairement \u00e0 Pierre-Louis Barassi, touch\u00e9 \u00e0 une cuisse en B\u00e9arn mais qui a pass\u00e9 des examens rassurants et fait partie des centres retenus, aux c\u00f4t\u00e9s de <a href=\"https:\/\/actu.fr\/occitanie\/toulouse_31555\/de-11-mois-de-galere-a-la-revelation-l-histoire-inspirante-de-kalvin-gourgues-joyau-de-toulouse_63174737.html\" target=\"_blank\" rel=\"noopener\">son tonitruant co\u00e9quipier Kalvin Gourgues<\/a>, pressenti apr\u00e8s son d\u00e9but de saison canon. Autre jeune en forme : le Palois Fabien Brau-Boirie en est \u00e9galement, aux c\u00f4t\u00e9s d\u2019Emilien Gailleton, Nicolas Depoort\u00e8re et Ga\u00ebl Fickou.<\/p>\n<p class=\" wall-content\">L\u2019arri\u00e8re est donc couvert par la Parisien L\u00e9o Barr\u00e9 et le Bayonnais Cheikh Tiberghien, appel\u00e9 pour la derni\u00e8re tourn\u00e9e en Nouvelle-Z\u00e9lande mais finalement forfait. Aux ailes, les Bordelais Damian Penaud et Louis Bielle-Biarrey sont bien s\u00fbr l\u00e0. Ils sont accompagn\u00e9s du Palois Aaron Grandidier et du Toulonnais Ga\u00ebl Dr\u00e9an.<\/p>\n<p>Lucu est pr\u00e9sent, pas Serin<\/p>\n<p class=\" wall-content\">Autre surprise, \u00e0 la charni\u00e8re, avec la s\u00e9lection de Maxime Lucu absent depuis le d\u00e9but de saison en raison d\u2019une blessure \u00e0 un pouce. Depuis la finale de Top 14, le demi de m\u00eal\u00e9e bordelais n\u2019a disput\u00e9 qu\u2019un match amical. Il devrait reprendre ce week-end \u00e0 Bayonne.<\/p>\n<p class=\" wall-content\">Bien qu\u2019il ne soit pas bless\u00e9 finalement, le Toulonnais Baptiste Serin n\u2019a pas \u00e9t\u00e9 retenu et ce sont le Rochelais Nolann Le Garrec et le Clermontois Baptiste Jauneau qui couvrent la m\u00eal\u00e9e aussi. Le Bayonnais Joris Segonds, auteur d\u2019un tr\u00e8s bon d\u00e9but de saison, compl\u00e8te le poste d\u2019ouvreur aux c\u00f4t\u00e9s de Matthieu Jalibert et Romain Ntamack.<\/p>\n<p>Les Toulousains Bertrand et Cramont en premi\u00e8re ligne<\/p>\n<p class=\" wall-content\">Devant, la fus\u00e9e bayonnaise Esteban Capilla est retenue en 3e ligne comme attendu, aux c\u00f4t\u00e9s de Gr\u00e9gory Alldritt, Anthony Jelonch, Pierre Boudehent et Oscar J\u00e9gou. Le Bayonnais Alexandre Fischer est rappel\u00e9 apr\u00e8s la tourn\u00e9e en Nouvelle-Z\u00e9lande, de m\u00eame que Cameron Woki. <a href=\"https:\/\/actu.fr\/occitanie\/montpellier_34172\/xv-de-france-nouchi-attend-la-liste-de-galthie-pour-les-tests-de-novembre_63310981.html\" target=\"_blank\" rel=\"noopener\">Le Montpelli\u00e9rain Lenni Nouchi<\/a>, qui figurait dans la liste \u00e9largie avant le dernier Tournoi des 6 Nations, est r\u00e9compens\u00e9 de son bon d\u00e9but de saison.<\/p>\n<p class=\" wall-content\">En premi\u00e8re ligne, la sensation vient de la s\u00e9lection du jeune Toulousain Benjamin Bertrand en pilier gauche. Le joueur de 22 ans, utilis\u00e9 3 fois cette saison (1 titularisation, 2 remplacements) a \u00e9t\u00e9 pr\u00e9f\u00e9r\u00e9 \u00e0 son co\u00e9quipier Cyril Baille, actuellement en m\u00e9forme. Pressenti, le Montpelli\u00e9rain Baptiste Erdocio est bien l\u00e0, tout comme le cadre toulonnais Jean-Baptiste Gros.<\/p>\n<p>Votre r\u00e9gion, votre actu !<\/p>\n<p>Recevez chaque jour les infos qui comptent pour vous.<\/p>\n<p>\t<a href=\"https:\/\/actu.fr\/newsletter\" class=\"ac-btn ac-btn--corner ac-btn--medium ac-btn--blue800\" target=\"_blank\" rel=\"noopener\">S&rsquo;incrire<\/a><\/p>\n<p class=\" wall-content\">Tr\u00e8s en vue du c\u00f4t\u00e9 du Stade toulousain, Guillaume Cramont est appel\u00e9 pour la premi\u00e8re fois dans le groupe France \u00e0 presque 25 ans. De m\u00eame que le Clermontois Barnab\u00e9 Massa, champion du monde avec les U20 et titulaire dans son club. Il sont accompagn\u00e9s par Julien Marchand.<\/p>\n<p class=\" wall-content\">Enfin, chez les piliers droits, poste o\u00f9 les interrogations \u00e9taient nombreuses apr\u00e8s les forfaits d\u2019Atonio et Tatafu, Fabien Galthi\u00e9 a mis\u00e9 sur Aldegheri et Montagne, rappel\u00e9 apr\u00e8s 6 ans d\u2019absence Emerick Setiano, et opt\u00e9 pour le Palois Thomas Laclayat, en forme apr\u00e8s une exp\u00e9rience mitig\u00e9e au Racing 92. Exit les Slimani, Bamba et autres Colombe.<\/p>\n<p>La liste des 42 joueurs retenus pour les tests de novembre<\/p>\n<p>Premi\u00e8re ligne : Marchand (Toulouse), Cramont (Toulouse), Massa (Clermont)<br \/>Gros (Toulon), Aldegheri (Toulouse), Bertrand (Toulouse), Erdocio (Montpellier), Laclayat (Pau), Montagne (Clermont), Setiano (Bayonne),<\/p>\n<p>Deuxi\u00e8me ligne : Flament (Toulouse), Meafou (Toulouse), Guillard (Lyon), Auradou (Pau), Maximin (Pau), Taofifenua (Racing 92)<\/p>\n<p>Troisi\u00e8me ligne : Alldritt (La Rochelle), Boudehent (La Rochelle), Jegou (La Rochelle), Jelonch (Toulouse), Capilla (Bayonne), Fischer (Bayonne), Nouchi (Montpellier), Woki (Bordaux).<\/p>\n<p>Charni\u00e8re : Jalibert (UBB), Jauneau (Clermont), Lucu (UBB), Le Garrec (La Rochelle), Ntamack (Toulouse), Segond (Bayonne)<\/p>\n<p>Centre : Barassi (Toulouse), Brau-Boirie (Pau), Depoort\u00e8re (UBB), Fickou (Racing 92), Gailleton (Pau), Gourgues (Toulouse)<\/p>\n<p>Ailier-arri\u00e8re : Barr\u00e9 (Paris), Bielle-Biarrey (UBB), Drean (Toulon), Grandidier (Pau), Tiberghien (Bayonne), Penaud (UBB).<\/p>\n<p class=\" wall-content\">Personnalisez votre actualit\u00e9 en ajoutant vos villes et m\u00e9dias en favori avec <a href=\"https:\/\/moncompte.actu.fr\" title=\"D\u00e9couvez Mon Actu\" rel=\"nofollow noopener\" data-trk=\"{&quot;cta&quot;:{&quot;action&quot;:&quot;https:\\\/\\\/moncompte.actu.fr&quot;,&quot;category&quot;:&quot;mon compte&quot;,&quot;from&quot;:&quot;article footer&quot;,&quot;name&quot;:&quot;Mon actu&quot;,&quot;type&quot;:&quot;cta&quot;}}\" target=\"_blank\">Mon Actu<\/a>.<\/p>\n","protected":false},"excerpt":{"rendered":"Par Emilie Dudon-Fournier Publi\u00e9 le 22 oct. 2025 \u00e0 13h38 Fabien Galthi\u00e9 a d\u00e9voil\u00e9 ce mercredi son groupe&hellip;\n","protected":false},"author":2,"featured_media":483353,"comment_status":"","ping_status":"","sticky":false,"template":"","format":"standard","meta":{"footnotes":""},"categories":[9],"tags":[515,1011,27,479,60,513],"class_list":{"0":"post-483352","1":"post","2":"type-post","3":"status-publish","4":"format-standard","5":"has-post-thumbnail","7":"category-sports","8":"tag-fabien-galthie","9":"tag-fr","10":"tag-france","11":"tag-rugby","12":"tag-sports","13":"tag-xv-de-france"},"share_on_mastodon":{"url":"https:\/\/pubeurope.com\/@fr\/115421145018834746","error":""},"_links":{"self":[{"href":"https:\/\/www.europesays.com\/fr\/wp-json\/wp\/v2\/posts\/483352","targetHints":{"allow":["GET"]}}],"collection":[{"href":"https:\/\/www.europesays.com\/fr\/wp-json\/wp\/v2\/posts"}],"about":[{"href":"https:\/\/www.europesays.com\/fr\/wp-json\/wp\/v2\/types\/post"}],"author":[{"embeddable":true,"href":"https:\/\/www.europesays.com\/fr\/wp-json\/wp\/v2\/users\/2"}],"replies":[{"embeddable":true,"href":"https:\/\/www.europesays.com\/fr\/wp-json\/wp\/v2\/comments?post=483352"}],"version-history":[{"count":0,"href":"https:\/\/www.europesays.com\/fr\/wp-json\/wp\/v2\/posts\/483352\/revisions"}],"wp:featuredmedia":[{"embeddable":true,"href":"https:\/\/www.europesays.com\/fr\/wp-json\/wp\/v2\/media\/483353"}],"wp:attachment":[{"href":"https:\/\/www.europesays.com\/fr\/wp-json\/wp\/v2\/media?parent=483352"}],"wp:term":[{"taxonomy":"category","embeddable":true,"href":"https:\/\/www.europesays.com\/fr\/wp-json\/wp\/v2\/categories?post=483352"},{"taxonomy":"post_tag","embeddable":true,"href":"https:\/\/www.europesays.com\/fr\/wp-json\/wp\/v2\/tags?post=483352"}],"curies":[{"name":"wp","href":"https:\/\/api.w.org\/{rel}","templated":true}]}}