{"id":483405,"date":"2025-10-23T03:10:25","date_gmt":"2025-10-23T03:10:25","guid":{"rendered":"https:\/\/www.europesays.com\/fr\/483405\/"},"modified":"2025-10-23T03:10:25","modified_gmt":"2025-10-23T03:10:25","slug":"a-marseille-apres-sa-fermeture-le-collectif-metaphore-veut-mobiliser","status":"publish","type":"post","link":"https:\/\/www.europesays.com\/fr\/483405\/","title":{"rendered":"\u00e0 Marseille, apr\u00e8s sa fermeture, le collectif Metaphore veut mobiliser"},"content":{"rendered":"<p>\u00ab\u00a0M\u00eame si nous ne savons toujours pas si la pr\u00e9fecture nous reproche quelque chose par rapport au fait que notre lieu n\u2019est pas un ERP (pour \u00ab\u00a0\u00e9tablissement recevant du public\u00a0\u00bb), nous ne sommes pas assur\u00e9s de maintenir nos activit\u00e9s. Nous avons fait une demande au propri\u00e9taire des lieux pour changer le statut du b\u00e2timent et le mettre aux normes\u00a0\u00bb, explique Simon, l\u2019un des fondateurs du collectif, sans r\u00e9ponse \u00e0 ce stade.<\/p>\n<p>Marseille loin derri\u00e8re Paris et Lyon pour la f\u00eate<\/p>\n<p>Avec 100 personnes \u00e0 ses d\u00e9buts en\u00a02011, le collectif Metaphore revendique 6\u00a0000 adh\u00e9rents en\u00a02025, ce qui en fait l\u2019une des plus grosses structures pour la f\u00eate marseillaise. Et pourtant, \u00ab\u00a0sur place, tout est parti d\u2019un id\u00e9al. Permettre \u00e0 tout le m&#8230;<\/p>\n","protected":false},"excerpt":{"rendered":"\u00ab\u00a0M\u00eame si nous ne savons toujours pas si la pr\u00e9fecture nous reproche quelque chose par rapport au fait&hellip;\n","protected":false},"author":2,"featured_media":483406,"comment_status":"","ping_status":"","sticky":false,"template":"","format":"standard","meta":{"footnotes":""},"categories":[2814],"tags":[17,1111,11,9294,58171,2837,386,1777,674,14012,1011,27,3027,884,12,5241,882,25,104],"class_list":{"0":"post-483405","1":"post","2":"type-post","3":"status-publish","4":"format-standard","5":"has-post-thumbnail","7":"category-marseille","8":"tag-17","9":"tag-actu","10":"tag-actualites","11":"tag-alternatif","12":"tag-cruellement","13":"tag-dun","14":"tag-espace","15":"tag-eu","16":"tag-europe","17":"tag-festif","18":"tag-fr","19":"tag-france","20":"tag-manque","21":"tag-marseille","22":"tag-news","23":"tag-on","24":"tag-provence-alpes-cote-dazur","25":"tag-republique-francaise","26":"tag-societe"},"share_on_mastodon":{"url":"https:\/\/pubeurope.com\/@fr\/115421290570778179","error":""},"_links":{"self":[{"href":"https:\/\/www.europesays.com\/fr\/wp-json\/wp\/v2\/posts\/483405","targetHints":{"allow":["GET"]}}],"collection":[{"href":"https:\/\/www.europesays.com\/fr\/wp-json\/wp\/v2\/posts"}],"about":[{"href":"https:\/\/www.europesays.com\/fr\/wp-json\/wp\/v2\/types\/post"}],"author":[{"embeddable":true,"href":"https:\/\/www.europesays.com\/fr\/wp-json\/wp\/v2\/users\/2"}],"replies":[{"embeddable":true,"href":"https:\/\/www.europesays.com\/fr\/wp-json\/wp\/v2\/comments?post=483405"}],"version-history":[{"count":0,"href":"https:\/\/www.europesays.com\/fr\/wp-json\/wp\/v2\/posts\/483405\/revisions"}],"wp:featuredmedia":[{"embeddable":true,"href":"https:\/\/www.europesays.com\/fr\/wp-json\/wp\/v2\/media\/483406"}],"wp:attachment":[{"href":"https:\/\/www.europesays.com\/fr\/wp-json\/wp\/v2\/media?parent=483405"}],"wp:term":[{"taxonomy":"category","embeddable":true,"href":"https:\/\/www.europesays.com\/fr\/wp-json\/wp\/v2\/categories?post=483405"},{"taxonomy":"post_tag","embeddable":true,"href":"https:\/\/www.europesays.com\/fr\/wp-json\/wp\/v2\/tags?post=483405"}],"curies":[{"name":"wp","href":"https:\/\/api.w.org\/{rel}","templated":true}]}}