{"id":483409,"date":"2025-10-23T03:12:17","date_gmt":"2025-10-23T03:12:17","guid":{"rendered":"https:\/\/www.europesays.com\/fr\/483409\/"},"modified":"2025-10-23T03:12:17","modified_gmt":"2025-10-23T03:12:17","slug":"lyon-un-homme-violemment-agresse-a-coups-de-machette-dans-la-rue-ce-quil-sest-passe","status":"publish","type":"post","link":"https:\/\/www.europesays.com\/fr\/483409\/","title":{"rendered":"Lyon. Un homme violemment agress\u00e9 \u00e0 coups de machette dans la rue, ce qu&rsquo;il s&rsquo;est pass\u00e9"},"content":{"rendered":"<p>            Par<br \/>\n        <strong><br \/>\n            <a href=\"https:\/\/actu.fr\/auteur\/anthony-soudani\" title=\"Consulter tous les articles de Anthony Soudani\" target=\"_blank\" rel=\"noopener\">Anthony Soudani<\/a><br \/>\n        <\/strong><\/p>\n<p>        Publi\u00e9 le<\/p>\n<p>            22 oct. 2025 \u00e0 18h06        <\/p>\n<p><strong>INFO ACTU LYON.<\/strong> Une violente agression a eu lieu place Raspail, dans le 7e arrondissement de <a href=\"https:\/\/actu.fr\/auvergne-rhone-alpes\/lyon_69123\" target=\"_blank\" rel=\"noopener\">Lyon<\/a>. Un homme a ass\u00e9n\u00e9 des <strong>coups de machette<\/strong> \u00e0 un autre individu, mardi 21 octobre, vers 19 h. Les policiers de la brigade sp\u00e9cialis\u00e9e de terrain sont intervenus rapidement dans ce secteur de la <a href=\"https:\/\/actu.fr\/tag\/guillotiere\" target=\"_blank\" rel=\"noopener\">Guilloti\u00e8re<\/a>.<\/p>\n<p>    <a href=\"https:\/\/www.google.com\/maps\/embed?pb=!1m18!1m12!1m3!1d3310.524010667213!2d4.837085068669712!3d45.7549995300318!2m3!1f0!2f0!3f0!3m2!1i1024!2i768!4f13.1!3m3!1m2!1s0x47f4ea5ab93a1d03%3A0xb5de3dd631696b48!2sPlace%20Raspail!5e0!3m2!1sfr!2sfr!4v1761135855350!5m2!1sfr!2sfr\" title=\"Ouvrie le lien\" target=\"_blank\" rel=\"noopener\">Cliquez ici pour visualiser le contenu<\/a><\/p>\n<p>Les policiers tasent le suspect arm\u00e9 d\u2019une machette<\/p>\n<p class=\" wall-content\">Sur les lieux, les forces de l\u2019ordre ont fait face \u00e0 un homme mena\u00e7ant, arm\u00e9 d\u2019une machette. Ce dernier ne voulait pas la poser au sol.<\/p>\n<p class=\" wall-content\">Face au refus d\u2019obtemp\u00e9rer, les agents ont fait usage \u00e0 deux reprises d\u2019un pistolet \u00e0 impulsion \u00e9lectrique pour ma\u00eetriser l\u2019individu et lui faire l\u00e2cher son arme, selon les informations d\u2019actu Lyon.<\/p>\n<p>Une victime touch\u00e9e \u00e0 plusieurs reprises<\/p>\n<p class=\" wall-content\">Neutralis\u00e9, le suspect avait sur lui vingt paquets de cigarettes de contrebande.<\/p>\n<p class=\" wall-content\">La victime, elle, a \u00e9t\u00e9 prise en charge pas les sapeurs-pompiers pour des coups de machette port\u00e9s <strong>sur les bras et la jambe gauche<\/strong>. Cet homme a \u00e9t\u00e9 transport\u00e9 \u00e0 l\u2019h\u00f4pital \u00c9douard-Herriot sans pronostic vital engag\u00e9.<\/p>\n<p class=\" wall-content\">Personnalisez votre actualit\u00e9 en ajoutant vos villes et m\u00e9dias en favori avec <a href=\"https:\/\/moncompte.actu.fr\" title=\"D\u00e9couvez Mon Actu\" rel=\"nofollow noopener\" data-trk=\"{&quot;cta&quot;:{&quot;action&quot;:&quot;https:\\\/\\\/moncompte.actu.fr&quot;,&quot;category&quot;:&quot;mon compte&quot;,&quot;from&quot;:&quot;article footer&quot;,&quot;name&quot;:&quot;Mon actu&quot;,&quot;type&quot;:&quot;cta&quot;}}\" target=\"_blank\">Mon Actu<\/a>.<\/p>\n","protected":false},"excerpt":{"rendered":"Par Anthony Soudani Publi\u00e9 le 22 oct. 2025 \u00e0 18h06 INFO ACTU LYON. Une violente agression a eu&hellip;\n","protected":false},"author":2,"featured_media":483410,"comment_status":"","ping_status":"","sticky":false,"template":"","format":"standard","meta":{"footnotes":""},"categories":[1889],"tags":[1111,11,2430,1777,674,118,1011,27,23173,2825,2428,12,1072,25],"class_list":{"0":"post-483409","1":"post","2":"type-post","3":"status-publish","4":"format-standard","5":"has-post-thumbnail","7":"category-lyon","8":"tag-actu","9":"tag-actualites","10":"tag-auvergne-rhone-alpes","11":"tag-eu","12":"tag-europe","13":"tag-faits-divers","14":"tag-fr","15":"tag-france","16":"tag-guillotiere","17":"tag-insecurite","18":"tag-lyon","19":"tag-news","20":"tag-police","21":"tag-republique-francaise"},"share_on_mastodon":{"url":"https:\/\/pubeurope.com\/@fr\/115421298365750063","error":""},"_links":{"self":[{"href":"https:\/\/www.europesays.com\/fr\/wp-json\/wp\/v2\/posts\/483409","targetHints":{"allow":["GET"]}}],"collection":[{"href":"https:\/\/www.europesays.com\/fr\/wp-json\/wp\/v2\/posts"}],"about":[{"href":"https:\/\/www.europesays.com\/fr\/wp-json\/wp\/v2\/types\/post"}],"author":[{"embeddable":true,"href":"https:\/\/www.europesays.com\/fr\/wp-json\/wp\/v2\/users\/2"}],"replies":[{"embeddable":true,"href":"https:\/\/www.europesays.com\/fr\/wp-json\/wp\/v2\/comments?post=483409"}],"version-history":[{"count":0,"href":"https:\/\/www.europesays.com\/fr\/wp-json\/wp\/v2\/posts\/483409\/revisions"}],"wp:featuredmedia":[{"embeddable":true,"href":"https:\/\/www.europesays.com\/fr\/wp-json\/wp\/v2\/media\/483410"}],"wp:attachment":[{"href":"https:\/\/www.europesays.com\/fr\/wp-json\/wp\/v2\/media?parent=483409"}],"wp:term":[{"taxonomy":"category","embeddable":true,"href":"https:\/\/www.europesays.com\/fr\/wp-json\/wp\/v2\/categories?post=483409"},{"taxonomy":"post_tag","embeddable":true,"href":"https:\/\/www.europesays.com\/fr\/wp-json\/wp\/v2\/tags?post=483409"}],"curies":[{"name":"wp","href":"https:\/\/api.w.org\/{rel}","templated":true}]}}