{"id":483421,"date":"2025-10-23T03:20:23","date_gmt":"2025-10-23T03:20:23","guid":{"rendered":"https:\/\/www.europesays.com\/fr\/483421\/"},"modified":"2025-10-23T03:20:23","modified_gmt":"2025-10-23T03:20:23","slug":"et-si-emily-in-paris-changeait-de-nom-la-bande-annonce-de-la-saison-5-seme-le-doute","status":"publish","type":"post","link":"https:\/\/www.europesays.com\/fr\/483421\/","title":{"rendered":"Et si \u00ab\u00a0Emily in Paris\u00a0\u00bb changeait de nom\u00a0? La bande-annonce de la saison 5\u00a0s\u00e8me le doute"},"content":{"rendered":"<p>        <img decoding=\"async\" loading=\"lazy\" src=\"https:\/\/www.europesays.com\/fr\/wp-content\/uploads\/2025\/10\/c735281_upload-1-tiowz3mdofji-52736d1bab2a98ca31a51c82f725850e.jpg\"  width=\"728\" height=\"409\" alt=\"Emily et son nouveau copain, Marcello, ici \u00e0 Rome dans la nouvelle saison d\u2019\u00ab\u00a0Emily in Paris\u00a0\u00bb.\"\/>  <\/p>\n<p>Netflix<\/p>\n<p>Emily et son nouveau copain, Marcello, ici \u00e0 Rome dans la nouvelle saison d\u2019\u00ab\u00a0Emily in Paris\u00a0\u00bb.<\/p>\n<p class=\"asset asset-text\">S\u00c9RIES T\u00c9L\u00c9 &#8211; Un tour en Vespa, une m\u00e9t\u00e9o \u00ab\u00a0farniente\u00a0\u00bb, des fontaines et encore des fontaines\u2026 \u00c7a ne fait aucun doute\u00a0: Emily Cooper a pos\u00e9 ses valises \u00e0 <a href=\"https:\/\/www.huffingtonpost.fr\/international\/article\/pourquoi-cette-visite-du-roi-charles-iii-au-vatican-est-historique_256113.html\" target=\"_blank\" rel=\"noopener\">Rome<\/a>. Ciao la capitale\u00a0fran\u00e7aise\u00a0? C\u2019est en tout cas ce que laisse croire la bande-annonce de <a href=\"https:\/\/www.huffingtonpost.fr\/culture\/article\/emily-in-paris-date-de-sortie-casting-tout-ce-que-l-on-sait-sur-la-saison-5-a-rome_253848.html\" target=\"_blank\" rel=\"noopener\">la cinqui\u00e8me saison<\/a> de <a href=\"https:\/\/www.huffingtonpost.fr\/culture\/article\/la-serie-emily-in-paris-endeuillee-apres-la-mort-d-un-membre-de-la-production-en-plein-tournage-en-italie_253911.html\" target=\"_blank\" rel=\"noopener\">la s\u00e9rie Netflix<\/a>, qui vient d\u2019\u00eatre d\u00e9voil\u00e9e, ce mercredi 22\u00a0octobre.<\/p>\n<p class=\"asset asset-text\">Au programme\u00a0: sa relation naissante (mais non moins torride) avec le beau Marcello, une vir\u00e9e en mer pour Sylvie, un concert d\u00e9jant\u00e9 de sa meilleure copine Mindy, et des soir\u00e9es endiabl\u00e9es dans les plus grands palaces de la ville \u00e9ternelle. \u00ab\u00a0Si on est tous l\u00e0, qui est \u00e0 Paris\u00a0?\u00a0\u00bb s\u2019interroge son coll\u00e8gue Julien.<\/p>\n<p class=\"asset asset-text\">La question m\u00e9rite d\u2019\u00eatre pos\u00e9e, notamment au regard de la chute. La vid\u00e9o se termine sur le titre de la s\u00e9rie, dont le mot \u00ab\u00a0Paris\u00a0\u00bb se voit \u00eatre barr\u00e9, puis remplac\u00e9 par \u00ab\u00a0Rome\u00a0\u00bb. Coup de bluff, ou vrai d\u00e9m\u00e9nagement pour la plus parisienne des Am\u00e9ricaines\u00a0?<\/p>\n<p> La lecture de ce contenu est susceptible d\u2019entra\u00eener un d\u00e9p\u00f4t de cookies de la part de l\u2019op\u00e9rateur tiers qui l\u2019h\u00e9berge. Compte-tenu des choix que vous avez exprim\u00e9s en mati\u00e8re de d\u00e9p\u00f4t de cookies, nous avons bloqu\u00e9 l\u2019affichage de ce contenu. Si vous souhaitez y acc\u00e9der, vous devez accepter la cat\u00e9gorie de cookies \u201cContenus tiers\u201d en cliquant sur le bouton ci-dessous. <\/p>\n<p> Lire la Vid\u00e9o              <\/p>\n<p class=\"asset asset-text\">M\u00eame si la nouvelle saison d\u00e9marre dans la capitale italienne, \u00ab\u00a0cela ne signifie pas qu\u2019Emily ne sera pas \u00e0 Paris\u00a0\u00bb, a tout de m\u00eame tenu \u00e0 rassurer le cr\u00e9ateur de la s\u00e9rie, Darren Starr, dans <a href=\"https:\/\/www.netflix.com\/tudum\/articles\/emily-in-paris-season-5-cast-release-date-news\" target=\"_blank\" rel=\"noopener\" title=\"Nouvelle fen\u00eatre\">un communiqu\u00e9<\/a>. Avant d\u2019ajouter\u00a0: \u00ab\u00a0Nous voulons avant tout qu\u2019elle puisse trouver un meilleur \u00e9quilibre entre sa vie professionnelle et sa vie priv\u00e9e.\u00a0\u00bb<\/p>\n<p>                     Emily peut \u00eatre \u00ab\u00a0juste elle-m\u00eame\u00a0\u00bb    <\/p>\n<p class=\"asset asset-text\">Folle amoureuse de Paris, Emily a d\u00e9cid\u00e9 de tout quitter en fin de saison pour s\u2019installer \u00e0 Rome et g\u00e9rer le bureau local de son agence de marketing. \u00ab\u00a0Elle n\u2019est jamais venue ici, c\u2019\u00e9tait un risque \u00e9norme, a expliqu\u00e9 son interpr\u00e8te \u00e0 <a href=\"https:\/\/www.tf1info.fr\/culture\/interview-emily-in-paris-saison-4-netflix-apres-une-halte-a-rome-lily-collins-reve-d-explorer-un-peu-plus-l-italie-2319513.html\" target=\"_blank\" rel=\"noopener\" title=\"Nouvelle fen\u00eatre\">nos confr\u00e8res de TF1<\/a>, en septembre\u00a02024. Elle a fait le voyage sans aucune autre attente que suivre son c\u0153ur.\u00a0\u00bb<\/p>\n<p class=\"asset asset-text\">Rome est \u00ab\u00a0tout simplement une tr\u00e8s belle ville \u00e0 regarder quand vous la parcourez\u00a0\u00bb, selon lui. D\u2019autant plus quand on s\u2019y rend seul, comme Emily. \u00ab\u00a0Elle n\u2019a donc personne pour juger de ses choix. Elle peut juste \u00eatre elle-m\u00eame\u00a0\u00bb, s\u2019est enthousiasm\u00e9e Lily Collins.<\/p>\n<p class=\"asset asset-text\">Jusqu\u2019\u00e0 quand\u00a0? L\u2019arriv\u00e9e surprise de Gabriel, qui vient seulement de s\u2019apercevoir qui ne peut pas vivre sans elle, peut-elle chambouler le nouvel horizon vers lequel vogue notre h\u00e9ro\u00efne\u00a0? La r\u00e9ponse le 18\u00a0d\u00e9cembre prochain, date de mise en ligne des aventures de la n\u00e9oitalienne.<\/p>\n","protected":false},"excerpt":{"rendered":"Netflix Emily et son nouveau copain, Marcello, ici \u00e0 Rome dans la nouvelle saison d\u2019\u00ab\u00a0Emily in Paris\u00a0\u00bb. S\u00c9RIES&hellip;\n","protected":false},"author":2,"featured_media":483422,"comment_status":"","ping_status":"","sticky":false,"template":"","format":"standard","meta":{"footnotes":""},"categories":[1888],"tags":[11,251,11739,1777,674,1011,27,127,12,626,25,595],"class_list":{"0":"post-483421","1":"post","2":"type-post","3":"status-publish","4":"format-standard","5":"has-post-thumbnail","7":"category-paris","8":"tag-actualites","9":"tag-culture","10":"tag-emily-in-paris","11":"tag-eu","12":"tag-europe","13":"tag-fr","14":"tag-france","15":"tag-netflix","16":"tag-news","17":"tag-paris","18":"tag-republique-francaise","19":"tag-serie-tv"},"share_on_mastodon":{"url":"https:\/\/pubeurope.com\/@fr\/115421330446937729","error":""},"_links":{"self":[{"href":"https:\/\/www.europesays.com\/fr\/wp-json\/wp\/v2\/posts\/483421","targetHints":{"allow":["GET"]}}],"collection":[{"href":"https:\/\/www.europesays.com\/fr\/wp-json\/wp\/v2\/posts"}],"about":[{"href":"https:\/\/www.europesays.com\/fr\/wp-json\/wp\/v2\/types\/post"}],"author":[{"embeddable":true,"href":"https:\/\/www.europesays.com\/fr\/wp-json\/wp\/v2\/users\/2"}],"replies":[{"embeddable":true,"href":"https:\/\/www.europesays.com\/fr\/wp-json\/wp\/v2\/comments?post=483421"}],"version-history":[{"count":0,"href":"https:\/\/www.europesays.com\/fr\/wp-json\/wp\/v2\/posts\/483421\/revisions"}],"wp:featuredmedia":[{"embeddable":true,"href":"https:\/\/www.europesays.com\/fr\/wp-json\/wp\/v2\/media\/483422"}],"wp:attachment":[{"href":"https:\/\/www.europesays.com\/fr\/wp-json\/wp\/v2\/media?parent=483421"}],"wp:term":[{"taxonomy":"category","embeddable":true,"href":"https:\/\/www.europesays.com\/fr\/wp-json\/wp\/v2\/categories?post=483421"},{"taxonomy":"post_tag","embeddable":true,"href":"https:\/\/www.europesays.com\/fr\/wp-json\/wp\/v2\/tags?post=483421"}],"curies":[{"name":"wp","href":"https:\/\/api.w.org\/{rel}","templated":true}]}}