{"id":483435,"date":"2025-10-23T03:27:18","date_gmt":"2025-10-23T03:27:18","guid":{"rendered":"https:\/\/www.europesays.com\/fr\/483435\/"},"modified":"2025-10-23T03:27:18","modified_gmt":"2025-10-23T03:27:18","slug":"reunis-en-sommet-les-dirigeants-de-lue-veulent-afficher-leur-soutien-a-zelensky-23-10-2025-a-0202","status":"publish","type":"post","link":"https:\/\/www.europesays.com\/fr\/483435\/","title":{"rendered":"R\u00e9unis en sommet, les dirigeants de l&rsquo;UE veulent afficher leur soutien \u00e0 Zelensky &#8211; 23\/10\/2025 \u00e0 02:02"},"content":{"rendered":"<p>\n par Lili Bayer et Andrew Gray\n<\/p>\n<p>\n Les chefs d&rsquo;Etat et de<br \/>\ngouvernement de l&rsquo;Union europ\u00e9enne entendent effectuer jeudi une<br \/>\nd\u00e9monstration de soutien au pr\u00e9sident ukrainien Volodimir<br \/>\nZelensky lors d&rsquo;un sommet organis\u00e9 \u00e0 Bruxelles, apr\u00e8s plusieurs<br \/>\njours de remous avec l&rsquo;annonce d&rsquo;une rencontre entre le<br \/>\npr\u00e9sident am\u00e9ricain Donald Trump et le pr\u00e9sident russe Vladimir<br \/>\nPoutine, finalement annul\u00e9e.\n<\/p>\n<p>\n Il est attendu que Volodimir Zelensky participe \u00e0 ce sommet<br \/>\neurop\u00e9en, lors duquel les Vingt-Sept vont r\u00e9affirmer la<br \/>\nn\u00e9cessit\u00e9 de respecter l&rsquo;int\u00e9grit\u00e9 territoriale de l&rsquo;Ukraine et<br \/>\nconvenir d&rsquo;avancer sur un projet destin\u00e9 \u00e0 utiliser des avoirs<br \/>\nrusses gel\u00e9s pour financer un pr\u00eat massif \u00e0 Kyiv.\n<\/p>\n<p>\n Un dix-neuvi\u00e8me train de sanctions contre la Russie,<br \/>\npr\u00e9voyant un embargo sur les importations de gaz naturel<br \/>\nliqu\u00e9fi\u00e9 (GNL) russe, doit \u00e9galement \u00eatre formellement valid\u00e9<br \/>\njeudi, apr\u00e8s que la Slovaquie a lev\u00e9 mercredi l&rsquo;objection<br \/>\noppos\u00e9e au texte finalis\u00e9 la semaine derni\u00e8re. Bratislava<br \/>\nr\u00e9clamait notamment des garanties face au risque de flamb\u00e9e des<br \/>\nprix de l&rsquo;\u00e9nergie.\n<\/p>\n<p>\n Le sommet europ\u00e9en va s&rsquo;ouvrir quelques heures apr\u00e8s que<br \/>\nDonald Trump a confirm\u00e9 l&rsquo;annulation de la rencontre bilat\u00e9rale<br \/>\navec Vladimir Poutine dans la capitale hongroise Budapest qu&rsquo;il<br \/>\navait annonc\u00e9e la semaine derni\u00e8re, revendiquant alors des<br \/>\n\u00ab\u00a0progr\u00e8s\u00a0\u00bb vers un cessez-le-feu en Ukraine.\n<\/p>\n<p>\n \u00ab\u00a0Il me semblait que nous n&rsquo;irions pas dans la direction o\u00f9<br \/>\nnous devons aller\u00a0\u00bb, a d\u00e9clar\u00e9 mercredi le pr\u00e9sident am\u00e9ricain<br \/>\ndevant les journalistes \u00e0 la Maison blanche, apr\u00e8s que son<br \/>\nadministration a annonc\u00e9 un peu plus t\u00f4t, pour la premi\u00e8re fois,<br \/>\ndes sanctions contre deux entreprises russes.\n<\/p>\n<p>\n La perspective d&rsquo;un nouveau sommet bilat\u00e9ral entre Donald<br \/>\nTrump et Vladimir Poutine, apr\u00e8s celui organis\u00e9 sur la base<br \/>\nmilitaire am\u00e9ricaine \u00e0 Anchorage en Alaska en ao\u00fbt dernier, a<br \/>\nraviv\u00e9 chez les alli\u00e9s de l&rsquo;Ukraine la crainte que Washington<br \/>\nscelle avec Moscou un accord d\u00e9favorable \u00e0 Kyiv.\n<\/p>\n<p>\n Alors qu&rsquo;il avait dit envisager de fournir \u00e0 l&rsquo;Ukraine les<br \/>\nmissiles de croisi\u00e8re Tomahawk qu&rsquo;elle a demand\u00e9s &#8211; des missiles<br \/>\nqui permettraient \u00e0 Kyiv de frapper plusieurs grandes villes<br \/>\nrusses -, Donald Trump a fait machine arri\u00e8re quand il a re\u00e7u<br \/>\nVolodimir Zelensky vendredi dernier, dans la foul\u00e9e de<br \/>\nl&rsquo;entretien t\u00e9l\u00e9phonique que Trump a eu avec Vladimir Poutine.\n<\/p>\n<p>\n Les tensions signal\u00e9es au cours de la r\u00e9union \u00e0 la Maison<br \/>\nblanche entre le pr\u00e9sident am\u00e9ricain et son homologue ukrainien,<br \/>\nle premier nomm\u00e9 ayant selon des sources press\u00e9 le second \u00e0<br \/>\neffectuer des concessions territoriales \u00e0 la Russie, ont incit\u00e9<br \/>\nles Europ\u00e9ens \u00e0 montrer que l&rsquo;Ukraine pouvait toujours compter<br \/>\nsur leur soutien.\n<\/p>\n<p>\n \u00ab\u00a0PR\u00caT DE R\u00c9PARATION\u00a0\u00bb\n<\/p>\n<p>\n Parmi les signaux du soutien sur le long-terme que Bruxelles<br \/>\nentend apporter \u00e0 Kyiv, une proposition de la Commission<br \/>\neurop\u00e9enne pr\u00e9voyant d&rsquo;utiliser les avoirs russes gel\u00e9s en<br \/>\nEurope pour fournir \u00e0 l&rsquo;Ukraine un \u00ab\u00a0pr\u00eat de r\u00e9paration\u00a0\u00bb de 140<br \/>\nmilliards d&rsquo;euros.\n<\/p>\n<p>\n Afin d&rsquo;avancer sur ce projet, les dirigeants europ\u00e9ens vont<br \/>\ntenter de r\u00e9pondre aux pr\u00e9occupations exprim\u00e9es par la Belgique<br \/>\n\u00e0 propos des risques juridiques et financiers d&rsquo;un tel pr\u00eat.<br \/>\nC&rsquo;est en Belgique qu&rsquo;est bas\u00e9e Euroclear, structure financi\u00e8re<br \/>\nde d\u00e9p\u00f4ts de titres, o\u00f9 sont plac\u00e9s la majorit\u00e9 de ces avoirs<br \/>\nrusses.\n<\/p>\n<p>\n Des discussions ont \u00e9galement d\u00e9but\u00e9 \u00e0 propos des conditions<br \/>\npotentielles \u00e0 apposer au pr\u00eat qui serait accord\u00e9 \u00e0 Kyiv.\n<\/p>\n<p>\n Certains pays de l&rsquo;UE veulent que l&rsquo;ensemble des fonds<br \/>\nsoient destin\u00e9s \u00e0 l&rsquo;arm\u00e9e ukrainienne, principalement pour se<br \/>\nprocurer des armes europ\u00e9ennes.\n<\/p>\n<p>\n D&rsquo;autres pensent que l&rsquo;Ukraine devrait \u00eatre autoris\u00e9e \u00e0<br \/>\nutiliser en partie cet argent pour acheter des armes am\u00e9ricaines<br \/>\net pour subvenir \u00e0 ses besoins budg\u00e9taires plus larges.\n<\/p>\n<p>\n \u00ab\u00a0Bien qu&rsquo;il y ait une volont\u00e9 politique assez claire d&rsquo;aller<br \/>\nde l&rsquo;avant (sur ce projet), il y a toujours de nombreuses<br \/>\nquestions\u00a0\u00bb, a d\u00e9clar\u00e9 un diplomate europ\u00e9en sous couvert<br \/>\nd&rsquo;anonymat.\n<\/p>\n<p>\n Une haute repr\u00e9sentante ukrainienne a d\u00e9clar\u00e9 mercredi dans<br \/>\nune interview \u00e0 Reuters que Kyiv avait besoin de cette aide<br \/>\nfinanci\u00e8re d&rsquo;ici la fin de l&rsquo;ann\u00e9e et de disposer d&rsquo;autonomie<br \/>\npour l&rsquo;utilisation des fonds.\n<\/p>\n<p>\n Dans un document envoy\u00e9 aux pays membres de l&rsquo;UE que Reuters<br \/>\na pu consulter la semaine derni\u00e8re, la Commission europ\u00e9enne a<br \/>\nsugg\u00e9r\u00e9 un compromis dans le cadre duquel une grande partie du<br \/>\npr\u00eat serait allou\u00e9e \u00e0 l&rsquo;achat d&rsquo;armes ukrainiennes et<br \/>\neurop\u00e9ennes, tandis qu&rsquo;une part plus infime pourrait \u00eatre<br \/>\nutilis\u00e9e comme soutien budg\u00e9taire plus g\u00e9n\u00e9ral &#8211; sans interdire<br \/>\n\u00e0 Kyiv de s&rsquo;en servir pour se procurer des armes hors d&rsquo;Europe.\n<\/p>\n<p>\n Il est attendu, comme prochaine \u00e9tape, que les dirigeants<br \/>\neurop\u00e9ens demandent \u00e0 la Commission de formuler une proposition<br \/>\njuridique formelle.\n<\/p>\n<p>\n Moscou a d\u00e9nonc\u00e9 le projet comme une saisie ill\u00e9gale<br \/>\nd&rsquo;actifs russes et pr\u00e9venu de repr\u00e9sailles.\n<\/p>\n<p>\n (Lili Bayer et Andrew Gray, avec Julia Payne, Jan Strupczewski,<br \/>\nPhilip Blenkinsop, Charlotte Van Campenhout et Inti Landauro;<br \/>\nversion fran\u00e7aise Jean Terzian)<\/p>\n","protected":false},"excerpt":{"rendered":"par Lili Bayer et Andrew Gray Les chefs d&rsquo;Etat et de gouvernement de l&rsquo;Union europ\u00e9enne entendent effectuer jeudi&hellip;\n","protected":false},"author":2,"featured_media":2486,"comment_status":"","ping_status":"","sticky":false,"template":"","format":"standard","meta":{"footnotes":""},"categories":[1586],"tags":[400,11,398,408,405,1777,674,1779,1011,27,403,402,399,404,12,25,401,406,1778,364,407],"class_list":{"0":"post-483435","1":"post","2":"type-post","3":"status-publish","4":"format-standard","5":"has-post-thumbnail","7":"category-europe","8":"tag-action-cac-40","9":"tag-actualites","10":"tag-bourse-de-paris","11":"tag-boursorama","12":"tag-cotations","13":"tag-eu","14":"tag-europe","15":"tag-european-union","16":"tag-fr","17":"tag-france","18":"tag-indices-devises","19":"tag-investir","20":"tag-investissement","21":"tag-marche-boursier","22":"tag-news","23":"tag-republique-francaise","24":"tag-sicav","25":"tag-trackers","26":"tag-ue","27":"tag-union-europeenne","28":"tag-warrants"},"share_on_mastodon":{"url":"https:\/\/pubeurope.com\/@fr\/115421357283466767","error":""},"_links":{"self":[{"href":"https:\/\/www.europesays.com\/fr\/wp-json\/wp\/v2\/posts\/483435","targetHints":{"allow":["GET"]}}],"collection":[{"href":"https:\/\/www.europesays.com\/fr\/wp-json\/wp\/v2\/posts"}],"about":[{"href":"https:\/\/www.europesays.com\/fr\/wp-json\/wp\/v2\/types\/post"}],"author":[{"embeddable":true,"href":"https:\/\/www.europesays.com\/fr\/wp-json\/wp\/v2\/users\/2"}],"replies":[{"embeddable":true,"href":"https:\/\/www.europesays.com\/fr\/wp-json\/wp\/v2\/comments?post=483435"}],"version-history":[{"count":0,"href":"https:\/\/www.europesays.com\/fr\/wp-json\/wp\/v2\/posts\/483435\/revisions"}],"wp:featuredmedia":[{"embeddable":true,"href":"https:\/\/www.europesays.com\/fr\/wp-json\/wp\/v2\/media\/2486"}],"wp:attachment":[{"href":"https:\/\/www.europesays.com\/fr\/wp-json\/wp\/v2\/media?parent=483435"}],"wp:term":[{"taxonomy":"category","embeddable":true,"href":"https:\/\/www.europesays.com\/fr\/wp-json\/wp\/v2\/categories?post=483435"},{"taxonomy":"post_tag","embeddable":true,"href":"https:\/\/www.europesays.com\/fr\/wp-json\/wp\/v2\/tags?post=483435"}],"curies":[{"name":"wp","href":"https:\/\/api.w.org\/{rel}","templated":true}]}}