{"id":483438,"date":"2025-10-23T03:29:17","date_gmt":"2025-10-23T03:29:17","guid":{"rendered":"https:\/\/www.europesays.com\/fr\/483438\/"},"modified":"2025-10-23T03:29:17","modified_gmt":"2025-10-23T03:29:17","slug":"au-proces-de-dahbia-benkired-la-mere-de-lola-demande-la-perpetuite-pour-laccusee","status":"publish","type":"post","link":"https:\/\/www.europesays.com\/fr\/483438\/","title":{"rendered":"au proc\u00e8s de Dahbia Benkired, la m\u00e8re de Lola demande la perp\u00e9tuit\u00e9 pour l&rsquo;accus\u00e9e"},"content":{"rendered":"<p class=\"article-p mdl\">\u00ab\u00a0Pourquoi nous, pourquoi Lola ? Mon c\u0153ur de maman est meurtri \u00e0 jamais.\u00a0\u00bb Vive \u00e9motion, ce mercredi 22 octobre, lors du proc\u00e8s de Dahbia Benkired, jug\u00e9e pour le meurtre de l<strong>a petite Lola, viol\u00e9e, tortur\u00e9e et tu\u00e9e \u00e0 l&rsquo;\u00e2ge de 12 ans<\/strong>. Sa m\u00e8re a demand\u00e9 \u00e0 la cour d&rsquo;assises de Paris \u00ab\u00a0de faire le n\u00e9cessaire\u00a0\u00bb pour que l&rsquo;accus\u00e9e \u00ab\u00a0soit enferm\u00e9e toute sa vie\u00a0\u00bb.<\/p>\n<p class=\"article-p mdl\">En pleurs, Delphine Daviet a lu une lettre pour d\u00e9crire\u00a0<a class=\"link\" href=\"https:\/\/www.rtl.fr\/actu\/justice-faits-divers\/affaire-lola-le-meurtre-insense-de-la-rue-manin-7900374376\" title=\"Affaire Lola : le meurtre insens\u00e9 de la rue Manin\" target=\"_blank\" rel=\"noopener\">son enfant, tu\u00e9e le 14 octobre 2022<\/a>. \u00ab\u00a0Lola \u00e9tait une jeune fille joyeuse, sociale, aimante, heureuse de vivre, toujours pr\u00eate \u00e0 aider son prochain\u00a0\u00bb, a-t-elle entam\u00e9, se rappelant \u00ab\u00a0une vie de famille tr\u00e8s simple, tr\u00e8s \u00e0 l&rsquo;\u00e9coute les uns des autres\u00a0\u00bb.<\/p>\n<p class=\"article-p mdl\">\u00ab\u00a0Avec mon mari, nous avons toujours \u00e9duqu\u00e9 nos enfants avec le sens du partage, du respect envers les autres, et en m\u00eame temps, on leur faisait de la pr\u00e9vention sur le danger des inconnus. On leur disait : &lsquo;si on vous agresse, n&rsquo;h\u00e9sitez pas \u00e0 crier, on vous entendra'\u00a0\u00bb. Delphine Daviet raconte \u00ab\u00a0le jour du drame\u00a0\u00bb : \u00ab\u00a0Lola est repartie en me disant &lsquo;\u00e0 tout \u00e0 l&rsquo;heure, bisous'\u00a0\u00bb.<\/p>\n<p class=\"article-p mdl\">\u00ab\u00a0<strong>Qui aurait pu imaginer que Lola (croiserait) cette chose, ce monstre ? <\/strong>Moi, je pr\u00e9parais les bagages pour le mobile home, comme tous les vendredis\u00a0\u00bb, relate-t-elle. Le couple de gardiens d&rsquo;immeuble dans le XIXe arrondissement de Paris &#8211; c&rsquo;est dans l&rsquo;un des appartements que la fillette a \u00e9t\u00e9 tu\u00e9e &#8211; avait pour habitude de retrouver son Pas-de-Calais natal tous les week-ends.<\/p>\n<p>            \u00ab\u00a0Ne demandez pas autre chose que la perp\u00e9tuit\u00e9\u00a0\u00bb<\/p>\n<p class=\"article-p mdl\">Dahbia Benkired, qui vivait chez sa soeur, avait d&rsquo;abord expliqu\u00e9 son geste par un exc\u00e8s de col\u00e8re apr\u00e8s que Delphine Daviet lui avait refus\u00e9 un badge pour emprunter l&rsquo;ascenseur. \u00ab\u00a0Cette histoire de badge, dont je n&rsquo;ai pas souvenance&#8230; Que des histoires&#8230; Rien ne m\u00e9rite d&rsquo;avoir autant de haine, de m\u00e9pris, d&rsquo;acharnement envers ma Lola\u00a0\u00bb, a insist\u00e9 la m\u00e8re de l&rsquo;enfant.<\/p>\n<p class=\"article-p mdl\">\u00ab\u00a0Je finis par comprendre avec ma psychologue que <strong>ce n&rsquo;est pas nous les coupables, c&rsquo;est cette chose, le diable<\/strong>. Lola n&rsquo;aurait jamais fait de mal \u00e0 qui que ce soit. Je me demanderai toujours pourquoi Lola l&rsquo;a suivie\u00a0\u00bb, poursuit-elle, en rappelant que son mari,\u00a0<a class=\"link\" href=\"https:\/\/www.rtl.fr\/actu\/justice-faits-divers\/meurtre-de-lola-le-pere-de-la-fillette-est-decede-a-l-age-de-49-ans-7900356626\" title=\"Meurtre de Lola : le p\u00e8re de la fillette est d\u00e9c\u00e9d\u00e9 \u00e0 l&#039;\u00e2ge de 49 ans\" target=\"_blank\" rel=\"noopener\">le p\u00e8re de Lola, est mort quelques mois plus tard<\/a>\u00a0apr\u00e8s avoir repris la boisson.<\/p>\n<p class=\"article-p mdl\">\u00ab\u00a0Mais cette chose ne nous enl\u00e8vera pas l&rsquo;amour de notre famille\u00a0\u00bb, reprend Delphine Daviet. \u00ab\u00a0Pour tout cela, je demande \u00e0 la justice de<strong> faire le n\u00e9cessaire pour que cette chose soit enferm\u00e9e toute sa vie<\/strong>. Ne demandez pas autre chose que la perp\u00e9tuit\u00e9\u00a0\u00bb.<\/p>\n<p class=\"article-p mdl\">Dans son box, l&rsquo;accus\u00e9e la fixe, impassible, \u00e9gale \u00e0 elle-m\u00eame depuis l&rsquo;ouverture des d\u00e9bats vendredi dernier. Mais, pour la premi\u00e8re fois en quatre jours d&rsquo;audience, lorsque des photos de la victime de son vivant sont diffus\u00e9es sur les \u00e9crans, <strong>Dahbia Benkired baisse les yeux<\/strong>.<\/p>\n<p>    La r\u00e9daction vous recommande<\/p>\n<p class=\"s-newsletter__title\">\n                L\u2019actualit\u00e9 par la r\u00e9daction de RTL dans votre bo\u00eete mail.\n            <\/p>\n<p class=\"s-newsletter__subtitle\">\n                Gr\u00e2ce \u00e0 votre compte RTL abonnez-vous \u00e0 la newsletter RTL info pour suivre toute l&rsquo;actualit\u00e9 au quotidien\n            <\/p>\n<p>\n                                    Lire la suite\n                                <\/p>\n","protected":false},"excerpt":{"rendered":"\u00ab\u00a0Pourquoi nous, pourquoi Lola ? Mon c\u0153ur de maman est meurtri \u00e0 jamais.\u00a0\u00bb Vive \u00e9motion, ce mercredi 22&hellip;\n","protected":false},"author":2,"featured_media":483439,"comment_status":"","ping_status":"","sticky":false,"template":"","format":"standard","meta":{"footnotes":""},"categories":[2],"tags":[11,14376,107,1011,27,303,28152,12,2694,25],"class_list":{"0":"post-483438","1":"post","2":"type-post","3":"status-publish","4":"format-standard","5":"has-post-thumbnail","7":"category-actualites","8":"tag-actualites","9":"tag-decision-de-justice","10":"tag-fil-info","11":"tag-fr","12":"tag-france","13":"tag-justice","14":"tag-meurtres","15":"tag-news","16":"tag-proces","17":"tag-republique-francaise"},"share_on_mastodon":{"url":"https:\/\/pubeurope.com\/@fr\/115421365213434911","error":""},"_links":{"self":[{"href":"https:\/\/www.europesays.com\/fr\/wp-json\/wp\/v2\/posts\/483438","targetHints":{"allow":["GET"]}}],"collection":[{"href":"https:\/\/www.europesays.com\/fr\/wp-json\/wp\/v2\/posts"}],"about":[{"href":"https:\/\/www.europesays.com\/fr\/wp-json\/wp\/v2\/types\/post"}],"author":[{"embeddable":true,"href":"https:\/\/www.europesays.com\/fr\/wp-json\/wp\/v2\/users\/2"}],"replies":[{"embeddable":true,"href":"https:\/\/www.europesays.com\/fr\/wp-json\/wp\/v2\/comments?post=483438"}],"version-history":[{"count":0,"href":"https:\/\/www.europesays.com\/fr\/wp-json\/wp\/v2\/posts\/483438\/revisions"}],"wp:featuredmedia":[{"embeddable":true,"href":"https:\/\/www.europesays.com\/fr\/wp-json\/wp\/v2\/media\/483439"}],"wp:attachment":[{"href":"https:\/\/www.europesays.com\/fr\/wp-json\/wp\/v2\/media?parent=483438"}],"wp:term":[{"taxonomy":"category","embeddable":true,"href":"https:\/\/www.europesays.com\/fr\/wp-json\/wp\/v2\/categories?post=483438"},{"taxonomy":"post_tag","embeddable":true,"href":"https:\/\/www.europesays.com\/fr\/wp-json\/wp\/v2\/tags?post=483438"}],"curies":[{"name":"wp","href":"https:\/\/api.w.org\/{rel}","templated":true}]}}