{"id":483442,"date":"2025-10-23T03:33:19","date_gmt":"2025-10-23T03:33:19","guid":{"rendered":"https:\/\/www.europesays.com\/fr\/483442\/"},"modified":"2025-10-23T03:33:19","modified_gmt":"2025-10-23T03:33:19","slug":"super-league-bradford-entame-sa-campagne-de-recrutement-rugby-a-xiii","status":"publish","type":"post","link":"https:\/\/www.europesays.com\/fr\/483442\/","title":{"rendered":"Super League &#8211; Bradford entame sa campagne de recrutement &#8211; Rugby \u00e0 XIII"},"content":{"rendered":"<p style=\"text-align: justify;\"><strong>La premi\u00e8re recrue, pour Braford qui retrouve la Super League, est Rowan Milnes, demi de m\u00eal\u00e9e de Castleford.<\/strong><\/p>\n<p style=\"text-align: justify;\">Apr\u00e8s 11 ans d\u2019absence en Super League, la premi\u00e8re signature est un enfant de la maison. Form\u00e9 \u00e0 l\u2019acad\u00e9mie des Bulls, c\u2019est fort logiquement que Milnes vient renforcer l\u2019\u00e9quipe pour son retour au premier plan. Il a d\u00e9j\u00e0 port\u00e9 les couleurs de Bradford \u00e0 20 reprises, o\u00f9 il a marqu\u00e9 5 essais et 29 transformations.<\/p>\n<p style=\"text-align: justify;\">Ses performances ont plu \u00e0 Hull KR, chez qui il a jou\u00e9 quatre saisons, dont une finale de Challenge Cup en 2023 perdue. Ensuite, il est all\u00e9 \u00e0 Castleford et a \u00e9t\u00e9 pr\u00eat\u00e9 \u00e0 Salford, comme de nombreux joueurs de Super League. Et justement, \u00e0 Salford, il a connu Kurt Haggerty, qui est maintenant l\u2019entraineur des Bulls. Il s\u2019est exprim\u00e9 sur son retour \u00e0 la maison :<\/p>\n<blockquote>\n<p style=\"text-align: justify;\">En revenant, je ne peux pas vraiment mettre des mots sur ce que cela signifie. Je suis passionn\u00e9 par ce club et je voulais le voir revenir en Super League et j\u2019esp\u00e8re que nous pourrons faire une bonne saison. J\u2019ai regard\u00e9 le club pendant tant d\u2019ann\u00e9es et tirer ce maillot pour la premi\u00e8re fois \u00e9tait sp\u00e9cial, maintenant pour pouvoir le faire en Super League, c\u2019est la chose dont j\u2019ai r\u00eav\u00e9.<\/p>\n<\/blockquote>\n<p style=\"text-align: justify;\">\u00c0 seulement 26 ans, il a d\u00e9j\u00e0 une solide exp\u00e9rience en Super League pour diriger le jeu des Bulls.<\/p>\n<blockquote class=\"twitter-tweet\" data-width=\"500\" data-dnt=\"true\">\n<p lang=\"en\" dir=\"ltr\">\ud83e\udd1d | Bradford Bulls are delighted to announce Rowan Milnes has put pen-to-paper on a two-year deal to re-join his boyhood club.<\/p>\n<p>\ud83d\udcd6 | <a href=\"https:\/\/t.co\/vnI6VxYncf\">https:\/\/t.co\/vnI6VxYncf<\/a><a href=\"https:\/\/twitter.com\/hashtag\/RunWithTheBulls?src=hash&amp;ref_src=twsrc%5Etfw\" target=\"_blank\" rel=\"noopener\">#RunWithTheBulls<\/a> <a href=\"https:\/\/t.co\/8t9GyeT34n\">pic.twitter.com\/8t9GyeT34n<\/a><\/p>\n<p>\u2014 Bradford Bulls (@OfficialBullsRL) <a href=\"https:\/\/twitter.com\/OfficialBullsRL\/status\/1979129006357422555?ref_src=twsrc%5Etfw\" target=\"_blank\" rel=\"noopener\">October 17, 2025<\/a><\/p>\n<\/blockquote>\n<p>        <script async src=\"https:\/\/platform.twitter.com\/widgets.js\" charset=\"utf-8\"><\/script><\/p>\n","protected":false},"excerpt":{"rendered":"La premi\u00e8re recrue, pour Braford qui retrouve la Super League, est Rowan Milnes, demi de m\u00eal\u00e9e de Castleford.&hellip;\n","protected":false},"author":2,"featured_media":483443,"comment_status":"","ping_status":"","sticky":false,"template":"","format":"standard","meta":{"footnotes":""},"categories":[1416],"tags":[43780,1011,27,60667,479,2228,1468,2229,60,4474],"class_list":{"0":"post-483442","1":"post","2":"type-post","3":"status-publish","4":"format-standard","5":"has-post-thumbnail","7":"category-rugby","8":"tag-bradford-bulls","9":"tag-fr","10":"tag-france","11":"tag-rowan-milnes","12":"tag-rugby","13":"tag-rugby-a-xiii","14":"tag-rugby-football","15":"tag-rugby-league","16":"tag-sports","17":"tag-super-league"},"share_on_mastodon":{"url":"https:\/\/pubeurope.com\/@fr\/115421380944965361","error":""},"_links":{"self":[{"href":"https:\/\/www.europesays.com\/fr\/wp-json\/wp\/v2\/posts\/483442","targetHints":{"allow":["GET"]}}],"collection":[{"href":"https:\/\/www.europesays.com\/fr\/wp-json\/wp\/v2\/posts"}],"about":[{"href":"https:\/\/www.europesays.com\/fr\/wp-json\/wp\/v2\/types\/post"}],"author":[{"embeddable":true,"href":"https:\/\/www.europesays.com\/fr\/wp-json\/wp\/v2\/users\/2"}],"replies":[{"embeddable":true,"href":"https:\/\/www.europesays.com\/fr\/wp-json\/wp\/v2\/comments?post=483442"}],"version-history":[{"count":0,"href":"https:\/\/www.europesays.com\/fr\/wp-json\/wp\/v2\/posts\/483442\/revisions"}],"wp:featuredmedia":[{"embeddable":true,"href":"https:\/\/www.europesays.com\/fr\/wp-json\/wp\/v2\/media\/483443"}],"wp:attachment":[{"href":"https:\/\/www.europesays.com\/fr\/wp-json\/wp\/v2\/media?parent=483442"}],"wp:term":[{"taxonomy":"category","embeddable":true,"href":"https:\/\/www.europesays.com\/fr\/wp-json\/wp\/v2\/categories?post=483442"},{"taxonomy":"post_tag","embeddable":true,"href":"https:\/\/www.europesays.com\/fr\/wp-json\/wp\/v2\/tags?post=483442"}],"curies":[{"name":"wp","href":"https:\/\/api.w.org\/{rel}","templated":true}]}}