{"id":483444,"date":"2025-10-23T03:34:13","date_gmt":"2025-10-23T03:34:13","guid":{"rendered":"https:\/\/www.europesays.com\/fr\/483444\/"},"modified":"2025-10-23T03:34:13","modified_gmt":"2025-10-23T03:34:13","slug":"resultat-jakub-mensik-joao-fonseca-atp-500-bale-deuxieme-tour-mercredi-22-octobre-2025-lequipe","status":"publish","type":"post","link":"https:\/\/www.europesays.com\/fr\/483444\/","title":{"rendered":"R\u00e9sultat : Jakub Mensik &#8211; Joao Fonseca, ATP 500, B\u00e2le, Deuxi\u00e8me tour, Mercredi 22 octobre 2025 &#8211; L&#039;\u00c9quipe"},"content":{"rendered":"<ol>\n<li><a href=\"https:\/\/news.google.com\/rss\/articles\/CBMivgFBVV95cUxNQW5XUkJpaWdSSFl0c0dfUVNQMUx2WTU0YjU5aVZaRHYyWnlzX0d4MXNVWElvYVJjeTFOamtpLS02bVZtaWttcTF4anhDcEI0TEtTODJnbFBSOVMyYkY4X3NxMzJrUFNwWDNUaG9NTEpHcS12MlpYV2Q4eUs4T2pFLUZnZ21PMzJvblZrOGs0NW9hSWg1eEJ0U2dsX1dlVHNqYmI0dWxCMUI5M013dTR3eHAxQ3hVeEVIZ3Vid2JB?oc=5\" target=\"_blank\" rel=\"nofollow noopener\">R\u00e9sultat : Jakub Mensik &#8211; Joao Fonseca, ATP 500, B\u00e2le, Deuxi\u00e8me tour, Mercredi 22 octobre 2025<\/a>&nbsp;&nbsp;L&rsquo;\u00c9quipe<\/li>\n<li><a href=\"https:\/\/news.google.com\/rss\/articles\/CBMihAFBVV95cUxPcXI5QmloaFZ0M0NIaU10clREZkt3X1U1c2ZfeVYzekJyNjZRV0hmZmV1YUx3b2p2ZU1XNk80enhkc196RWlMM1V5ank3c3JHZjJzSWZNMWFVY19kdVE2NEl3YUczSGgtVFBGZ3ozTThPeV9EVGFZYVVYVWFzYlJmMFo5dmU?oc=5\" target=\"_blank\" rel=\"nofollow noopener\">ATP B\u00e2le : Mensik forfait, Fonseca directement qualifi\u00e9<\/a>&nbsp;&nbsp;Tennis Temple<\/li>\n<li><a href=\"https:\/\/news.google.com\/rss\/articles\/CBMihAFBVV95cUxQV2dKYnNnV2pBbzBQTWxQUlRkRFBsc0gwWWNzdkJFc29ZSnlqYUJ0VDVzWFY1VzBIb2d5aXBFTGhVZTlSUWdYbHNHbGNBRW1kUzl3SEUzUnJqUmJmX2pjdnlOa1k0NDNDbTZQb1FQMmZIM2lRTWdvYXBQd1FJNm8wOTZIbUU?oc=5\" target=\"_blank\" rel=\"nofollow noopener\">Pronostic Jakub Mensik Joao Fonseca GRATUIT &#8211; Swiss Indoors Basel 22\/10\/2025<\/a>&nbsp;&nbsp;RueDesJoueurs<\/li>\n<li><a href=\"https:\/\/news.google.com\/rss\/articles\/CBMiswFBVV95cUxNU0VTNUxMV2ZiYWQ1VE8yN3JIamVqXzNFZ3lsM1dLVXkzQ1RXUjhLT2xXQ2FpQU5RUTgwdk4xdlE0OE1Zc1dGSUFEZWloSXRrRnZGRGpETm8ybV9QT1NuMnFmamd3bm93T29RajFCemZuMFprR0pRZk52UDktcDZ0c1FsUHdObHVLOVVxSmdGeWkwSE5fMDlDU3pMNjFoenctVWZrTlVOX05EWlpBZ3h0cmcxY9IBswFBVV95cUxPSk5ScU9MNjRHMVhRVGJYSUFxMzRKTkFZS3BvYnR5dlNWVjJiTlViYXNBZTAweDdMNkxrdDltYUVFcmNzNFhNUE5jb2dpVko1QmFCaEhIR3lUamk1RzVBc21xU2FrOEtjb21XaFhpdUtOUFg5RUdvLU15MWpFZHB6OFpSbkgwRC14ODkyRnlnLUpwM3ZBdk9OM0F6d2NlbnlVOW5kVlFEMzZVNW9NOUZCSHdFUQ?oc=5\" target=\"_blank\" rel=\"nofollow noopener\">ATP &#8211; B\u00e2le: Jakub Mensik, bless\u00e9 au pied, se retire : Joao Fonseca en quarts !<\/a>&nbsp;&nbsp;tennisactu.net<\/li>\n<li><a href=\"https:\/\/news.google.com\/rss\/articles\/CBMifkFVX3lxTE9hN2ZfaXozRmNWZ1hhbG9Mc3h1c2NYZjFyR21fZ2lyU2NTTTEzY1lfLXJhMklicWtOV0dZb3pQd1R1eTRqUEkyaVdLQjRLeGpScE9kRHNsRXRWX0xQaXRGZlBUcXN0ZVVjclpzSlhaZzlnN1NQT1dVX0FpWktCQQ?oc=5\" target=\"_blank\" rel=\"nofollow noopener\">Pronostic Jakub Mensik &#8211; Joao Fonseca, ATP B\u00e2le<\/a>&nbsp;&nbsp;SportyTrader<\/li>\n<\/ol>\n","protected":false},"excerpt":{"rendered":"R\u00e9sultat : Jakub Mensik &#8211; Joao Fonseca, ATP 500, B\u00e2le, Deuxi\u00e8me tour, Mercredi 22 octobre 2025&nbsp;&nbsp;L&rsquo;\u00c9quipe ATP B\u00e2le&hellip;\n","protected":false},"author":2,"featured_media":1983,"comment_status":"","ping_status":"","sticky":false,"template":"","format":"standard","meta":{"footnotes":""},"categories":[1415],"tags":[1011,27,60,1467],"class_list":{"0":"post-483444","1":"post","2":"type-post","3":"status-publish","4":"format-standard","5":"has-post-thumbnail","7":"category-tennis","8":"tag-fr","9":"tag-france","10":"tag-sports","11":"tag-tennis"},"share_on_mastodon":{"url":"https:\/\/pubeurope.com\/@fr\/115421384757003711","error":""},"_links":{"self":[{"href":"https:\/\/www.europesays.com\/fr\/wp-json\/wp\/v2\/posts\/483444","targetHints":{"allow":["GET"]}}],"collection":[{"href":"https:\/\/www.europesays.com\/fr\/wp-json\/wp\/v2\/posts"}],"about":[{"href":"https:\/\/www.europesays.com\/fr\/wp-json\/wp\/v2\/types\/post"}],"author":[{"embeddable":true,"href":"https:\/\/www.europesays.com\/fr\/wp-json\/wp\/v2\/users\/2"}],"replies":[{"embeddable":true,"href":"https:\/\/www.europesays.com\/fr\/wp-json\/wp\/v2\/comments?post=483444"}],"version-history":[{"count":0,"href":"https:\/\/www.europesays.com\/fr\/wp-json\/wp\/v2\/posts\/483444\/revisions"}],"wp:featuredmedia":[{"embeddable":true,"href":"https:\/\/www.europesays.com\/fr\/wp-json\/wp\/v2\/media\/1983"}],"wp:attachment":[{"href":"https:\/\/www.europesays.com\/fr\/wp-json\/wp\/v2\/media?parent=483444"}],"wp:term":[{"taxonomy":"category","embeddable":true,"href":"https:\/\/www.europesays.com\/fr\/wp-json\/wp\/v2\/categories?post=483444"},{"taxonomy":"post_tag","embeddable":true,"href":"https:\/\/www.europesays.com\/fr\/wp-json\/wp\/v2\/tags?post=483444"}],"curies":[{"name":"wp","href":"https:\/\/api.w.org\/{rel}","templated":true}]}}