{"id":483459,"date":"2025-10-23T03:46:15","date_gmt":"2025-10-23T03:46:15","guid":{"rendered":"https:\/\/www.europesays.com\/fr\/483459\/"},"modified":"2025-10-23T03:46:15","modified_gmt":"2025-10-23T03:46:15","slug":"certains-antidepresseurs-ont-des-effets-secondaires-plus-graves-que-dautres","status":"publish","type":"post","link":"https:\/\/www.europesays.com\/fr\/483459\/","title":{"rendered":"Certains antid\u00e9presseurs ont des effets secondaires plus graves que d&rsquo;autres"},"content":{"rendered":"<p>Quiconque s&rsquo;est vu prescrire des m\u00e9dicaments pour traiter une d\u00e9pression conna\u00eet la longue liste des effets secondaires potentiels : somnolence, perte d&rsquo;app\u00e9tit, maux de t\u00eate, etc.<\/p>\n<p>Mais en r\u00e9alit\u00e9, les effets secondaires physiques diff\u00e8rent consid\u00e9rablement d&rsquo;un m\u00e9dicament \u00e0 l&rsquo;autre, selon une nouvelle \u00e9tude qui r\u00e9v\u00e8le que certains antid\u00e9presseurs peuvent provoquer des changements rapides de poids, de rythme cardiaque et de pression art\u00e9rielle, alors que d&rsquo;autres sont \u00ab\u00a0relativement b\u00e9nins\u00a0\u00bb.<\/p>\n<p>\u00ab\u00a0Tous les antid\u00e9presseurs ne sont pas construits de la m\u00eame mani\u00e8re en ce qui concerne leurs effets secondaires physiques\u00a0\u00bb, a d\u00e9clar\u00e9 Toby Pillinger, l&rsquo;un des auteurs de l&rsquo;\u00e9tude et ma\u00eetre de conf\u00e9rences au King&rsquo;s College de Londres, lors d&rsquo;une r\u00e9union d&rsquo;information avec les journalistes.<\/p>\n<p>Les chercheurs ont d\u00e9clar\u00e9 que leur analyse, publi\u00e9e dans la revue m\u00e9dicale <a href=\"https:\/\/www.thelancet.com\/journals\/lancet\/article\/PIIS0140-6736%2825%2901293-0\/fulltext\" target=\"_blank\" rel=\"noreferrer noopener\"><strong>The Lancet<\/strong><\/a>, est la premi\u00e8re \u00e0 lier des effets secondaires physiques sp\u00e9cifiques \u00e0 des antid\u00e9presseurs particuliers.<\/p>\n<p>Ces r\u00e9sultats pourraient modifier la fa\u00e7on dont les m\u00e9decins prescrivent ces m\u00e9dicaments, qui sont pris par pr\u00e8s de 17 % des adultes en Europe et en Am\u00e9rique du Nord, selon l&rsquo;\u00e9tude.<\/p>\n<p>\u00ab\u00a0Il serait bon de savoir quels antid\u00e9presseurs sont meilleurs ou pires que d&rsquo;autres pour ces diff\u00e9rents effets secondaires physiques afin de guider la prescription personnalis\u00e9e\u00a0\u00bb, a d\u00e9clar\u00e9 Mme Pillinger.<\/p>\n<p>\u00ab\u00a0Le probl\u00e8me est que jusqu&rsquo;\u00e0 pr\u00e9sent, nous ne disposions pas de donn\u00e9es comparatives pour guider ces d\u00e9cisions\u00a0\u00bb, a-t-il ajout\u00e9.<\/p>\n<p>L&rsquo;\u00e9quipe de M. Pillinger a compil\u00e9 les donn\u00e9es de 151 \u00e9tudes et de 17 rapports de la Food and Drug Administration (FDA) des \u00c9tats-Unis. L&rsquo;analyse a port\u00e9 sur pr\u00e8s de 59 000 personnes qui ont pris des antid\u00e9presseurs ou un placebo &#8211; un traitement factice &#8211; pendant une dur\u00e9e m\u00e9diane de huit semaines.<\/p>\n<p>L&rsquo;analyse a port\u00e9 sur 30 m\u00e9dicaments, dont des inhibiteurs s\u00e9lectifs de la recapture de la s\u00e9rotonine (ISRS) courants tels que la sertraline, l&rsquo;escitalopram et la fluox\u00e9tine, ainsi que d&rsquo;autres types d&rsquo;antid\u00e9presseurs tels que la mirtazapine et l&rsquo;amitriptyline.<\/p>\n<p>Elle a constat\u00e9 des \u00ab\u00a0diff\u00e9rences cliniquement significatives\u00a0\u00bb dans les effets secondaires physiques de ces m\u00e9dicaments, notamment une diff\u00e9rence de quatre kilogrammes dans la variation de poids entre l&rsquo;agom\u00e9latine et la maprotiline et une diff\u00e9rence de plus de 21 battements par minute dans la variation du rythme cardiaque entre la fluvoxamine et la nortriptyline.<\/p>\n<p>Les chercheurs ont estim\u00e9 que certains antid\u00e9presseurs, tels que la maprotiline et l&rsquo;amitriptyline, provoquaient une prise de poids \u00ab\u00a0cliniquement importante\u00a0\u00bb chez pr\u00e8s de la moiti\u00e9 des personnes \u00e0 qui ils \u00e9taient prescrits.<\/p>\n<p>Dans l&rsquo;ensemble, ils ont qualifi\u00e9 les ISRS de \u00ab\u00a0relativement b\u00e9nins\u00a0\u00bb par rapport \u00e0 d&rsquo;autres types d&rsquo;antid\u00e9presseurs.<\/p>\n<p>Ces types d&rsquo;effets secondaires physiques peuvent inciter certaines personnes \u00e0 arr\u00eater de prendre les antid\u00e9presseurs qui leur ont \u00e9t\u00e9 prescrits, ce qui peut aggraver leur sant\u00e9 mentale, ont d\u00e9clar\u00e9 les chercheurs.<\/p>\n<p>\u00ab\u00a0Une meilleure tol\u00e9rance &#8211; moins d&rsquo;effets secondaires &#8211; signifie une plus longue dur\u00e9e de traitement pour le patient&#8230; et plus le patient prend le m\u00e9dicament longtemps, meilleurs sont les r\u00e9sultats obtenus\u00a0\u00bb, a d\u00e9clar\u00e9 aux journalistes le Dr Andrea Cipriani, professeur de psychiatrie \u00e0 l&rsquo;Universit\u00e9 d&rsquo;Oxford et l&rsquo;un des auteurs de l&rsquo;\u00e9tude.<\/p>\n<p>Des experts ind\u00e9pendants ont d\u00e9clar\u00e9 que ces r\u00e9sultats devraient \u00eatre utilis\u00e9s pour mettre au point des options de traitement plus personnalis\u00e9es pour les patients, en particulier ceux qui souffrent d\u00e9j\u00e0 de maladies cardiom\u00e9taboliques, telles que les maladies du c\u0153ur ou le diab\u00e8te.<\/p>\n<p>\u00ab\u00a0Les r\u00e9sultats soulignent la n\u00e9cessit\u00e9 d&rsquo;effectuer des contr\u00f4les de sant\u00e9 physique de routine chez les personnes trait\u00e9es aux antid\u00e9presseurs\u00a0\u00bb, a d\u00e9clar\u00e9 dans un communiqu\u00e9 le Dr Azeem Majeed, titulaire de la chaire de soins primaires et de sant\u00e9 publique \u00e0 l&rsquo;Imperial College London.<\/p>\n<p>Prasad Nishtala, professeur de pharmacie et d&rsquo;\u00e9pid\u00e9miologie \u00e0 l&rsquo;universit\u00e9 de Bath, estime quant \u00e0 lui que l&rsquo;\u00e9tude pourrait sous-estimer la gravit\u00e9 des effets secondaires.<\/p>\n<p>Dans un \u00ab\u00a0contexte r\u00e9el, o\u00f9 les patients re\u00e7oivent souvent des antid\u00e9presseurs pendant des mois ou des ann\u00e9es, les risques cumul\u00e9s sont susceptibles d&rsquo;\u00eatre plus \u00e9lev\u00e9s, en particulier chez les personnes souffrant de d\u00e9pression chronique ou de comorbidit\u00e9s m\u00e9taboliques existantes\u00a0\u00bb, a d\u00e9clar\u00e9 Prasad Nishtala.<\/p>\n","protected":false},"excerpt":{"rendered":"Quiconque s&rsquo;est vu prescrire des m\u00e9dicaments pour traiter une d\u00e9pression conna\u00eet la longue liste des effets secondaires potentiels&hellip;\n","protected":false},"author":2,"featured_media":483460,"comment_status":"","ping_status":"","sticky":false,"template":"","format":"standard","meta":{"footnotes":""},"categories":[10],"tags":[1011,27,72,224,71,2072],"class_list":{"0":"post-483459","1":"post","2":"type-post","3":"status-publish","4":"format-standard","5":"has-post-thumbnail","7":"category-sante","8":"tag-fr","9":"tag-france","10":"tag-health","11":"tag-medecine","12":"tag-sante","13":"tag-sante-mentale"},"share_on_mastodon":{"url":"https:\/\/pubeurope.com\/@fr\/115421431962816162","error":""},"_links":{"self":[{"href":"https:\/\/www.europesays.com\/fr\/wp-json\/wp\/v2\/posts\/483459","targetHints":{"allow":["GET"]}}],"collection":[{"href":"https:\/\/www.europesays.com\/fr\/wp-json\/wp\/v2\/posts"}],"about":[{"href":"https:\/\/www.europesays.com\/fr\/wp-json\/wp\/v2\/types\/post"}],"author":[{"embeddable":true,"href":"https:\/\/www.europesays.com\/fr\/wp-json\/wp\/v2\/users\/2"}],"replies":[{"embeddable":true,"href":"https:\/\/www.europesays.com\/fr\/wp-json\/wp\/v2\/comments?post=483459"}],"version-history":[{"count":0,"href":"https:\/\/www.europesays.com\/fr\/wp-json\/wp\/v2\/posts\/483459\/revisions"}],"wp:featuredmedia":[{"embeddable":true,"href":"https:\/\/www.europesays.com\/fr\/wp-json\/wp\/v2\/media\/483460"}],"wp:attachment":[{"href":"https:\/\/www.europesays.com\/fr\/wp-json\/wp\/v2\/media?parent=483459"}],"wp:term":[{"taxonomy":"category","embeddable":true,"href":"https:\/\/www.europesays.com\/fr\/wp-json\/wp\/v2\/categories?post=483459"},{"taxonomy":"post_tag","embeddable":true,"href":"https:\/\/www.europesays.com\/fr\/wp-json\/wp\/v2\/tags?post=483459"}],"curies":[{"name":"wp","href":"https:\/\/api.w.org\/{rel}","templated":true}]}}