{"id":483461,"date":"2025-10-23T03:47:19","date_gmt":"2025-10-23T03:47:19","guid":{"rendered":"https:\/\/www.europesays.com\/fr\/483461\/"},"modified":"2025-10-23T03:47:19","modified_gmt":"2025-10-23T03:47:19","slug":"asse-les-verts-ont-mis-une-sacree-claque-au-rc-lens","status":"publish","type":"post","link":"https:\/\/www.europesays.com\/fr\/483461\/","title":{"rendered":"ASSE : les Verts ont mis une sacr\u00e9e claque au RC Lens !"},"content":{"rendered":"<p><strong>Les chiffres concernant le nombre d\u2019abonn\u00e9s total de l\u2019ASSE sont tomb\u00e9s et le club for\u00e9zien a bien pulv\u00e9ris\u00e9 l\u2019ancien record de Ligue 2, d\u00e9tenu par le RC Lens.<\/strong><\/p>\n<p>On savait depuis la fin ao\u00fbt que <a href=\"https:\/\/www.butfootballclub.fr\/624195-asse-de-lelectricite-chez-les-verts-un-titulaire-menace\/\" target=\"_blank\" rel=\"noopener\">l\u2019AS Saint-Etienne<\/a> avait battu le record d\u2019abonn\u00e9s pour un club de Ligue 2. Mais on attendait le chiffre pr\u00e9cis pour mesure une \u00e9ni\u00e8me fois l\u2019engouement exceptionnel dont b\u00e9n\u00e9ficie le club for\u00e9zien. Le site Evect vient de le communiquer : <a href=\"https:\/\/www.butfootballclub.fr\/624222-asse-joshua-duffus-fait-debat-chez-les-verts\/\" target=\"_blank\" rel=\"noopener\">l\u2019ASSE<\/a> compte 20.113 encart\u00e9s pour cette saison 2025-26. Un chiffre incroyable qui lui vaut, par exemple, d\u2019avoir plus d\u2019abonn\u00e9s que le Red Star, Boulogne, Dunkerque, Grenoble, Pau et Annecy n\u2019ont de spectateurs depuis le d\u00e9but de la saison !<\/p>\n<p>La 6e affluence nationale !<\/p>\n<p>Le pr\u00e9c\u00e9dent record appartenait au RC Lens avec 16.608 abonn\u00e9s lors de la saison 2019-20, celle qui a vu les Sang et Or remonter dans l\u2019\u00e9lite apr\u00e8s l\u2019arr\u00eat des comp\u00e9titions suite \u00e0 la pand\u00e9mie de Covid-19. L\u2019ASSE a mis plus de 3.000 encart\u00e9s dans la vue au Racing. Un bel exploit qui n\u2019\u00e9tonnera cependant personne vu la passion qui anime aussi bien Geoffroy-Guichard que Bollaert.<\/p>\n<p>Avec 33.569 spectateurs de moyenne depuis le d\u00e9but de la saison, l\u2019AS Saint-Etienne poss\u00e8de la 6e meilleure affluence derri\u00e8re l\u2019OM, l\u2019OL, le PSG, le LOSC et\u2026 le RC Lens mais devant le FC Nantes, le Stade Rennais et l\u2019OGC Nice. Un bel exploit qui est parti pour durer puisque le club annonce une nouvelle affluence majeure pour la r\u00e9ception de Pau mardi prochain !<\/p>\n","protected":false},"excerpt":{"rendered":"Les chiffres concernant le nombre d\u2019abonn\u00e9s total de l\u2019ASSE sont tomb\u00e9s et le club for\u00e9zien a bien pulv\u00e9ris\u00e9&hellip;\n","protected":false},"author":2,"featured_media":483462,"comment_status":"","ping_status":"","sticky":false,"template":"","format":"standard","meta":{"footnotes":""},"categories":[9],"tags":[11,448,63,1011,27,66,3388,12,60,10662],"class_list":{"0":"post-483461","1":"post","2":"type-post","3":"status-publish","4":"format-standard","5":"has-post-thumbnail","7":"category-sports","8":"tag-actualites","9":"tag-champions-league","10":"tag-football","11":"tag-fr","12":"tag-france","13":"tag-ligue-1","14":"tag-matchs","15":"tag-news","16":"tag-sports","17":"tag-transferts"},"share_on_mastodon":{"url":"https:\/\/pubeurope.com\/@fr\/115421436034657959","error":""},"_links":{"self":[{"href":"https:\/\/www.europesays.com\/fr\/wp-json\/wp\/v2\/posts\/483461","targetHints":{"allow":["GET"]}}],"collection":[{"href":"https:\/\/www.europesays.com\/fr\/wp-json\/wp\/v2\/posts"}],"about":[{"href":"https:\/\/www.europesays.com\/fr\/wp-json\/wp\/v2\/types\/post"}],"author":[{"embeddable":true,"href":"https:\/\/www.europesays.com\/fr\/wp-json\/wp\/v2\/users\/2"}],"replies":[{"embeddable":true,"href":"https:\/\/www.europesays.com\/fr\/wp-json\/wp\/v2\/comments?post=483461"}],"version-history":[{"count":0,"href":"https:\/\/www.europesays.com\/fr\/wp-json\/wp\/v2\/posts\/483461\/revisions"}],"wp:featuredmedia":[{"embeddable":true,"href":"https:\/\/www.europesays.com\/fr\/wp-json\/wp\/v2\/media\/483462"}],"wp:attachment":[{"href":"https:\/\/www.europesays.com\/fr\/wp-json\/wp\/v2\/media?parent=483461"}],"wp:term":[{"taxonomy":"category","embeddable":true,"href":"https:\/\/www.europesays.com\/fr\/wp-json\/wp\/v2\/categories?post=483461"},{"taxonomy":"post_tag","embeddable":true,"href":"https:\/\/www.europesays.com\/fr\/wp-json\/wp\/v2\/tags?post=483461"}],"curies":[{"name":"wp","href":"https:\/\/api.w.org\/{rel}","templated":true}]}}