{"id":483467,"date":"2025-10-23T03:50:20","date_gmt":"2025-10-23T03:50:20","guid":{"rendered":"https:\/\/www.europesays.com\/fr\/483467\/"},"modified":"2025-10-23T03:50:20","modified_gmt":"2025-10-23T03:50:20","slug":"avec-les-droits-de-douane-de-trump-musk-voit-le-benefice-net-de-tesla-plonger","status":"publish","type":"post","link":"https:\/\/www.europesays.com\/fr\/483467\/","title":{"rendered":"Avec les droits de douane de Trump, Musk voit le b\u00e9n\u00e9fice net de Tesla plonger"},"content":{"rendered":"<p>Les \u00ab\u00a0incertitudes \u00e0 court terme\u00a0\u00bb li\u00e9es \u00e0 <a href=\"https:\/\/www.20minutes.fr\/economie\/4168882-20250821-droits-douane-americains-voitures-medicaments-europeens-bien-taxes-15\" target=\"_blank\" class=\"c-link c-link--is-underlined\" rel=\"nofollow noopener\">la politique protectionniste de Donald Trump<\/a> font fondre comme neige au soleil les gains de Tesla. <a href=\"https:\/\/www.20minutes.fr\/monde\/etats-unis\/4178377-20251010-etats-unis-tesla-confronte-enquete-conduite-autonome-2-9-millions-vehicules-concernes\" target=\"_blank\" class=\"c-link c-link--is-underlined\" rel=\"nofollow noopener\">Le sp\u00e9cialiste des v\u00e9hicules \u00e9lectriques<\/a> a en effet subi une chute de 37\u00a0% de son b\u00e9n\u00e9fice net au troisi\u00e8me trimestre \u00e0 1,37\u00a0milliard de dollars. En cause \u00e9galement\u00a0: la hausse des d\u00e9penses op\u00e9rationnelles.<\/p>\n<p>Le groupe d\u2019<a href=\"https:\/\/www.20minutes.fr\/planete\/4180784-20251022-etats-unis-explique-pourquoi-torchon-brule-entre-elon-musk-nasa\" target=\"_blank\" class=\"c-link c-link--is-underlined\" rel=\"nofollow noopener\">Elon Musk<\/a> a justifi\u00e9 ce plongeon par des frais de restructuration en augmentation et des d\u00e9penses li\u00e9es \u00e0 ses projets dans l\u2019intelligence artificielle et la recherche et d\u00e9veloppement \u00e9galement en hausse, tandis que des cr\u00e9dits r\u00e9glementaires ont diminu\u00e9. Lors d\u2019une audioconf\u00e9rence avec des analystes, le directeur financier Vaibhav Taneja a chiffr\u00e9 l\u2019impact des droits de douane \u00e0 plus de 400\u00a0millions de dollars au troisi\u00e8me trimestre.<\/p>\n<p>Le chiffre d\u2019affaires d\u00e9passe les attentes<\/p>\n<p>Rapport\u00e9 par action et hors \u00e9l\u00e9ments exceptionnels \u2013 valeur de r\u00e9f\u00e9rence pour les march\u00e9s \u2013, le b\u00e9n\u00e9fice net ressort \u00e0 50 cents, contre 72 cents un an plus t\u00f4t. Surtout, ces r\u00e9sultats sont inf\u00e9rieurs au consensus des analystes de FactSet qui anticipait respectivement 1,88\u00a0milliard de dollars et 56 cents.<\/p>\n<\/p>\n<p>En revanche, le chiffre d\u2019affaires d\u00e9passe le consensus (26,54\u00a0milliards de dollars) en bondissant de 12\u00a0% sur un an, \u00e0 28,09\u00a0milliards de dollars. Le groupe a en effet cr\u00e9\u00e9 la surprise d\u00e9but octobre en annon\u00e7ant une hausse de 7\u00a0% sur un an de ses livraisons mondiales (497.099 v\u00e9hicules) au troisi\u00e8me trimestre.<\/p>\n<p>BYD en embuscade<\/p>\n<p>Les analystes avaient n\u00e9anmoins nuanc\u00e9 cette performance en rappelant que la perspective de la disparition aux Etats-Unis, fin septembre, du cr\u00e9dit d\u2019imp\u00f4t f\u00e9d\u00e9ral de 7.500 dollars pour l\u2019acquisition d\u2019une voiture \u00e9lectrique avait aliment\u00e9 ce rebond. Pour beaucoup, c\u2019est la raison pour laquelle Tesla a opportun\u00e9ment annonc\u00e9 le 7\u00a0octobre le lancement de versions meilleur march\u00e9 de ses voitures populaires Model 3 et Model Y, en dessous des 40.000 dollars. Mais ce n\u2019est pas le v\u00e9hicule \u00e0 bas co\u00fbt promis depuis plusieurs ann\u00e9es, escompt\u00e9 autour de 25.000 \u00e0 30.000 dollars.<\/p>\n<p><a href=\"https:\/\/www.20minutes.fr\/dossier\/tesla\" target=\"_blank\" class=\"c-link c-btn c-btn--primary\" rel=\"nofollow noopener\">Notre dossier sur Tesla<\/a><\/p>\n<p>Tesla devrait par contre perdre cette ann\u00e9e sa premi\u00e8re place mondiale, ravie par <a href=\"https:\/\/www.20minutes.fr\/economie\/4171531-20250905-voitures-electriques-ventes-record-france-constructeur-chinois-byd\" target=\"_blank\" class=\"c-link c-link--is-underlined\" rel=\"nofollow noopener\">le groupe chinois BYD<\/a> qui l\u2019avait manqu\u00e9e de peu en\u00a02024. Au 30\u00a0septembre, BYD en \u00e9tait \u00e0 1,58\u00a0million de v\u00e9hicules tout \u00e9lectrique vendus et Tesla \u00e0 1,22\u00a0million.<\/p>\n<p>Des experts, notamment ceux de Wedbush, consid\u00e8rent toutefois depuis de longs mois que le futur du groupe d\u2019Austin au Texas r\u00e9side dans l\u2019intelligence artificielle et la conduite autonome. Selon eux, Tesla pourrait tirer 1.000\u00a0milliards de dollars de valorisation de ses seules activit\u00e9s d\u2019IA, et atteindre une capitalisation boursi\u00e8re de 2.000\u00a0milliards de dollars d\u00e9but\u00a02026 et 3.000\u00a0milliards fin\u00a02026. A la cl\u00f4ture mercredi, elle \u00e9tait de 1.460\u00a0milliards.<\/p>\n","protected":false},"excerpt":{"rendered":"Les \u00ab\u00a0incertitudes \u00e0 court terme\u00a0\u00bb li\u00e9es \u00e0 la politique protectionniste de Donald Trump font fondre comme neige au&hellip;\n","protected":false},"author":2,"featured_media":483468,"comment_status":"","ping_status":"","sticky":false,"template":"","format":"standard","meta":{"footnotes":""},"categories":[6],"tags":[47,646,35,75,33742,33,34,46,73,1011,27,320,133,321],"class_list":{"0":"post-483467","1":"post","2":"type-post","3":"status-publish","4":"format-standard","5":"has-post-thumbnail","7":"category-economie","8":"tag-actualite","9":"tag-automobile","10":"tag-business","11":"tag-donald-trump","12":"tag-droits-de-douane-americains","13":"tag-economie","14":"tag-economy","15":"tag-elon-musk","16":"tag-etats-unis","17":"tag-fr","18":"tag-france","19":"tag-tesla","20":"tag-video","21":"tag-voiture-electrique"},"share_on_mastodon":{"url":"https:\/\/pubeurope.com\/@fr\/115421447684587377","error":""},"_links":{"self":[{"href":"https:\/\/www.europesays.com\/fr\/wp-json\/wp\/v2\/posts\/483467","targetHints":{"allow":["GET"]}}],"collection":[{"href":"https:\/\/www.europesays.com\/fr\/wp-json\/wp\/v2\/posts"}],"about":[{"href":"https:\/\/www.europesays.com\/fr\/wp-json\/wp\/v2\/types\/post"}],"author":[{"embeddable":true,"href":"https:\/\/www.europesays.com\/fr\/wp-json\/wp\/v2\/users\/2"}],"replies":[{"embeddable":true,"href":"https:\/\/www.europesays.com\/fr\/wp-json\/wp\/v2\/comments?post=483467"}],"version-history":[{"count":0,"href":"https:\/\/www.europesays.com\/fr\/wp-json\/wp\/v2\/posts\/483467\/revisions"}],"wp:featuredmedia":[{"embeddable":true,"href":"https:\/\/www.europesays.com\/fr\/wp-json\/wp\/v2\/media\/483468"}],"wp:attachment":[{"href":"https:\/\/www.europesays.com\/fr\/wp-json\/wp\/v2\/media?parent=483467"}],"wp:term":[{"taxonomy":"category","embeddable":true,"href":"https:\/\/www.europesays.com\/fr\/wp-json\/wp\/v2\/categories?post=483467"},{"taxonomy":"post_tag","embeddable":true,"href":"https:\/\/www.europesays.com\/fr\/wp-json\/wp\/v2\/tags?post=483467"}],"curies":[{"name":"wp","href":"https:\/\/api.w.org\/{rel}","templated":true}]}}