{"id":483469,"date":"2025-10-23T03:51:17","date_gmt":"2025-10-23T03:51:17","guid":{"rendered":"https:\/\/www.europesays.com\/fr\/483469\/"},"modified":"2025-10-23T03:51:17","modified_gmt":"2025-10-23T03:51:17","slug":"excedes-par-poutine-les-etats-unis-et-lue-sanctionnent-le-petrole-russe-actualites","status":"publish","type":"post","link":"https:\/\/www.europesays.com\/fr\/483469\/","title":{"rendered":"Exc\u00e9d\u00e9s par Poutine, les Etats-Unis et l&rsquo;UE sanctionnent le p\u00e9trole russe : Actualit\u00e9s"},"content":{"rendered":"<p class=\"lead \">Donald Trump a laiss\u00e9 \u00e9clater son exasp\u00e9ration mercredi envers Vladimir Poutine et annonc\u00e9 des sanctions qualifi\u00e9es \u00ab\u00a0d&rsquo;\u00e9normes\u00a0\u00bb contre le secteur p\u00e9trolier russe, dans l&rsquo;espoir d&rsquo;amener Moscou \u00e0 mettre fin \u00e0 la guerre en Ukraine.<\/p>\n<p class=\"lead \">En parall\u00e8le, l&rsquo;Union europ\u00e9enne a annonc\u00e9 mercredi avoir trouv\u00e9 un accord pour durcir ses sanctions sur les hydrocarbures russes et tarir les ressources du Kremlin.<\/p>\n<p class=\"lead \">\u00ab\u00a0Ce sont des sanctions \u00e9normes (&#8230;) Et nous esp\u00e9rons qu&rsquo;elles ne dureront pas trop longtemps. Nous esp\u00e9rons qu&rsquo;un terme sera mis \u00e0 la guerre\u00a0\u00bb, a affirm\u00e9 le pr\u00e9sident am\u00e9ricain en recevant le secr\u00e9taire g\u00e9n\u00e9ral de l&rsquo;Otan, Mark Rutte, dans le Bureau ovale de la Maison Blanche.<\/p>\n<p class=\"lead \">Des annonces salu\u00e9es par Olga Stefanishyna, ambassadrice d&rsquo;Ukraine aux Etats-Unis. \u00ab\u00a0Cette d\u00e9cision s&rsquo;aligne pleinement avec la position constante de l&rsquo;Ukraine selon laquelle la paix ne peut \u00eatre obtenue que par la force et en exer\u00e7ant une pression maximale sur l&rsquo;agresseur \u00e0 l&rsquo;aide de tous les outils internationaux disponibles\u00a0\u00bb, a-t-elle affirm\u00e9.<\/p>\n<p class=\"lead \">Donald Trump, qui s&rsquo;est refus\u00e9 pendant de longs mois \u00e0 d\u00e9cider de ces sanctions, a estim\u00e9 que ses conversations avec le pr\u00e9sident russe n&rsquo;allaient \u00ab\u00a0nulle part\u00a0\u00bb, au lendemain du report sine die d&rsquo;une rencontre entre eux envisag\u00e9e \u00e0 Budapest.<\/p>\n<p class=\"lead \">\u00ab\u00a0A chaque fois que je parle avec Vladimir, nous avons de bonnes conversations mais ensuite elles ne vont nulle part\u00a0\u00bb, a-t-il affirm\u00e9.<\/p>\n<p class=\"lead \">Peu avant, le ministre am\u00e9ricain des Finances Scott Bessent avait annonc\u00e9 des sanctions contre les g\u00e9ants p\u00e9troliers russes Rosneft et Lukoil, \u00ab\u00a0qui financent la machine de guerre du Kremlin\u00a0\u00bb, invoquant le \u00ab\u00a0refus du pr\u00e9sident Poutine d&rsquo;arr\u00eater cette guerre insens\u00e9e\u00a0\u00bb.<\/p>\n<p class=\"lead \">Pour autant, les Etats-Unis ne ferment pas la porte \u00e0 une rencontre avec les Russes, a assur\u00e9 le secr\u00e9taire d&rsquo;Etat am\u00e9ricain Marco Rubio tard mercredi. \u00ab\u00a0Nous serons toujours int\u00e9ress\u00e9s par un dialogue s&rsquo;il existe une possibilit\u00e9 de parvenir \u00e0 la paix\u00a0\u00bb, a-t-il d\u00e9clar\u00e9 \u00e0 la presse.<\/p>\n<p class=\"lead \">&#8211; Rosneft et Lukoil &#8211;<\/p>\n<p class=\"lead \">Ces annonces mercredi sont intervenues apr\u00e8s une nouvelle nuit d&rsquo;attaques russes dans toute l&rsquo;Ukraine, avec plus de 400 drones et une trentaine de missiles, qui ont fait sept morts.<\/p>\n<p class=\"lead \">L&rsquo;attaque par des drones d&rsquo;une \u00e9cole maternelle \u00e0 Kharkiv, grande ville du nord-est, a particuli\u00e8rement suscit\u00e9 l&rsquo;\u00e9motion, faisant au moins un mort et dix bless\u00e9s, selon le maire Igor Terekhov.<\/p>\n<p class=\"lead \">Un journaliste de l&rsquo;AFP a vu des pompiers et secouristes s&rsquo;affairer pr\u00e8s de l&rsquo;\u00e9cole maternelle, au toit \u00e9ventr\u00e9 dont s&rsquo;\u00e9chappait de la fum\u00e9e grise.<\/p>\n<p class=\"lead \">Les nouvelles sanctions am\u00e9ricaines, qui visent les groupes p\u00e9troliers russes Rosneft et Lukoil, sont la cons\u00e9quence selon Washington de \u00ab\u00a0l&rsquo;absence de volont\u00e9 s\u00e9rieuse de la Russie de s&rsquo;engager dans un processus de paix afin de mettre fin \u00e0 la guerre en Ukraine\u00a0\u00bb.<\/p>\n<p class=\"lead \">Le Tr\u00e9sor am\u00e9ricain a dit \u00eatre \u00ab\u00a0pr\u00eat \u00e0 aller plus loin si cela s&rsquo;av\u00e9rait n\u00e9cessaire\u00a0\u00bb.<\/p>\n<p class=\"lead \">Les sanctions europ\u00e9ennes, dont l&rsquo;adoption formelle est pr\u00e9vue jeudi, pr\u00e9voient notamment un arr\u00eat total des importations de gaz naturel liqu\u00e9fi\u00e9 (GNL) russe et des mesures suppl\u00e9mentaires contre la flotte fant\u00f4me de p\u00e9troliers que Moscou utilise pour contourner les sanctions occidentales. <\/p>\n<p class=\"lead \">Le pr\u00e9sident ukrainien Volodymyr Zelensky est attendu jeudi au sommet des dirigeants de l&rsquo;Union europ\u00e9enne \u00e0 Bruxelles, au cours duquel les pays membres doivent formaliser leur accord sur un soutien financier p\u00e9renne \u00e0 l&rsquo;Ukraine, puis \u00e0 Londres o\u00f9 se tient vendredi une r\u00e9union de la \u00ab\u00a0coalition des volontaires\u00a0\u00bb.<\/p>\n<p class=\"lead \">&#8211; 150 avions Gripen &#8211;<\/p>\n<p class=\"lead \">Le secr\u00e9taire g\u00e9n\u00e9ral de l&rsquo;Otan a lui relativis\u00e9 l&rsquo;existence de tensions entre MM. Trump et Zelensky, assurant que le pr\u00e9sident am\u00e9ricain restait le seul \u00e0 m\u00eame d&rsquo;apporter une \u00ab\u00a0paix durable\u00a0\u00bb en Ukraine, malgr\u00e9 le fait qu&rsquo;il refuse de livrer des missiles Tomahawk \u00e0 Kiev.<\/p>\n<p class=\"lead \">M. Trump a r\u00e9it\u00e9r\u00e9 ce refus mercredi, arguant de la complexit\u00e9 li\u00e9e \u00e0 leur emploi.<\/p>\n<p class=\"lead \">S&rsquo;exprimant devant la presse, M. Rutte a n\u00e9anmoins estim\u00e9 que cette pression collective accrue sur Moscou \u00e9tait \u00e0 m\u00eame de \u00ab\u00a0changer les calculs\u00a0\u00bb de Vladimir Poutine et de \u00ab\u00a0l&rsquo;amener \u00e0 la table des n\u00e9gociations\u00a0\u00bb en vue d&rsquo;un cessez-le-feu.<\/p>\n<p class=\"lead \">\u00ab\u00a0J&rsquo;en suis absolument convaincu, ce ne sera peut-\u00eatre pas aujourd&rsquo;hui ni demain, mais nous y arriverons\u00a0\u00bb, a-t-il dit.<\/p>\n<p class=\"lead \">Dans l&rsquo;imm\u00e9diat, c&rsquo;est en Su\u00e8de que le pr\u00e9sident ukrainien est all\u00e9 chercher des armes, annon\u00e7ant mercredi y avoir sign\u00e9 une lettre d&rsquo;intention pour l&rsquo;achat de 100 \u00e0 150 avions de chasse Gripen de derni\u00e8re g\u00e9n\u00e9ration.<\/p>\n<p class=\"small font-weight-bold text-gray3 \"> publi\u00e9 le 23 octobre \u00e0 05h25, AFP<\/p>\n<p>                             Partager<\/p>\n","protected":false},"excerpt":{"rendered":"Donald Trump a laiss\u00e9 \u00e9clater son exasp\u00e9ration mercredi envers Vladimir Poutine et annonc\u00e9 des sanctions qualifi\u00e9es \u00ab\u00a0d&rsquo;\u00e9normes\u00a0\u00bb contre&hellip;\n","protected":false},"author":2,"featured_media":483470,"comment_status":"","ping_status":"","sticky":false,"template":"","format":"standard","meta":{"footnotes":""},"categories":[5],"tags":[14427,31569,11,2120,19711,1011,27,693,14,12,132,7185,14961,1778,220,308,28],"class_list":{"0":"post-483469","1":"post","2":"type-post","3":"status-publish","4":"format-standard","5":"has-post-thumbnail","7":"category-international","8":"tag-nergie","9":"tag-arospatiale","10":"tag-actualites","11":"tag-conflit","12":"tag-dfense","13":"tag-fr","14":"tag-france","15":"tag-industrie","16":"tag-international","17":"tag-news","18":"tag-russie","19":"tag-sanctions","20":"tag-sude","21":"tag-ue","22":"tag-ukraine","23":"tag-usa","24":"tag-world"},"share_on_mastodon":{"url":"https:\/\/pubeurope.com\/@fr\/115421451880361139","error":""},"_links":{"self":[{"href":"https:\/\/www.europesays.com\/fr\/wp-json\/wp\/v2\/posts\/483469","targetHints":{"allow":["GET"]}}],"collection":[{"href":"https:\/\/www.europesays.com\/fr\/wp-json\/wp\/v2\/posts"}],"about":[{"href":"https:\/\/www.europesays.com\/fr\/wp-json\/wp\/v2\/types\/post"}],"author":[{"embeddable":true,"href":"https:\/\/www.europesays.com\/fr\/wp-json\/wp\/v2\/users\/2"}],"replies":[{"embeddable":true,"href":"https:\/\/www.europesays.com\/fr\/wp-json\/wp\/v2\/comments?post=483469"}],"version-history":[{"count":0,"href":"https:\/\/www.europesays.com\/fr\/wp-json\/wp\/v2\/posts\/483469\/revisions"}],"wp:featuredmedia":[{"embeddable":true,"href":"https:\/\/www.europesays.com\/fr\/wp-json\/wp\/v2\/media\/483470"}],"wp:attachment":[{"href":"https:\/\/www.europesays.com\/fr\/wp-json\/wp\/v2\/media?parent=483469"}],"wp:term":[{"taxonomy":"category","embeddable":true,"href":"https:\/\/www.europesays.com\/fr\/wp-json\/wp\/v2\/categories?post=483469"},{"taxonomy":"post_tag","embeddable":true,"href":"https:\/\/www.europesays.com\/fr\/wp-json\/wp\/v2\/tags?post=483469"}],"curies":[{"name":"wp","href":"https:\/\/api.w.org\/{rel}","templated":true}]}}