{"id":483477,"date":"2025-10-23T03:59:16","date_gmt":"2025-10-23T03:59:16","guid":{"rendered":"https:\/\/www.europesays.com\/fr\/483477\/"},"modified":"2025-10-23T03:59:16","modified_gmt":"2025-10-23T03:59:16","slug":"quand-le-phenomene-victor-wembanyama-debarquait-a-nancy","status":"publish","type":"post","link":"https:\/\/www.europesays.com\/fr\/483477\/","title":{"rendered":"quand le ph\u00e9nom\u00e8ne Victor Wembanyama d\u00e9barquait \u00e0 Nancy"},"content":{"rendered":"<p>Le 26 novembre 2022,\u00a0quelques mois avant de devenir num\u00e9ro un de la draft et de rejoindre les San Antonio Spurs, Victor Wembanyma avait d\u00e9barqu\u00e9 \u00e0\u00a0Nancy avec les \u00ab\u00a0Mets\u00a0\u00bb de Boulogne-Levallois. Ce soir-l\u00e0, dans une salle archi-comble, il avait grandement contribu\u00e9 au succ\u00e8s de son \u00e9quipe contre le SLUC (78-92), en inscrivant la bagatelle de 30 points. Retour en image sur la naissance d&rsquo;un ph\u00e9nom\u00e8ne qui retrouve les parquets de NBA cette nuit avec San Antonio. <\/p>\n","protected":false},"excerpt":{"rendered":"Le 26 novembre 2022,\u00a0quelques mois avant de devenir num\u00e9ro un de la draft et de rejoindre les San&hellip;\n","protected":false},"author":2,"featured_media":483478,"comment_status":"","ping_status":"","sticky":false,"template":"","format":"standard","meta":{"footnotes":""},"categories":[9635],"tags":[1111,11,1791,1707,1704,1706,1705,1777,674,1701,1011,27,5325,2798,9540,775,1702,12,25,11567,517,1700],"class_list":{"0":"post-483477","1":"post","2":"type-post","3":"status-publish","4":"format-standard","5":"has-post-thumbnail","7":"category-nancy","8":"tag-actu","9":"tag-actualites","10":"tag-basket-ball","11":"tag-edition-luneville","12":"tag-edition-nancy-et-agglomeration","13":"tag-edition-pont-a-mousson","14":"tag-edition-toul","15":"tag-eu","16":"tag-europe","17":"tag-fil-info-sport","18":"tag-fr","19":"tag-france","20":"tag-galerie-media","21":"tag-galerie-photo","22":"tag-galerie-sport","23":"tag-grand-est","24":"tag-nancy","25":"tag-news","26":"tag-republique-francaise","27":"tag-sluc","28":"tag-sport","29":"tag-sport-lorrain"},"share_on_mastodon":{"url":"https:\/\/pubeurope.com\/@fr\/115421483108833777","error":""},"_links":{"self":[{"href":"https:\/\/www.europesays.com\/fr\/wp-json\/wp\/v2\/posts\/483477","targetHints":{"allow":["GET"]}}],"collection":[{"href":"https:\/\/www.europesays.com\/fr\/wp-json\/wp\/v2\/posts"}],"about":[{"href":"https:\/\/www.europesays.com\/fr\/wp-json\/wp\/v2\/types\/post"}],"author":[{"embeddable":true,"href":"https:\/\/www.europesays.com\/fr\/wp-json\/wp\/v2\/users\/2"}],"replies":[{"embeddable":true,"href":"https:\/\/www.europesays.com\/fr\/wp-json\/wp\/v2\/comments?post=483477"}],"version-history":[{"count":0,"href":"https:\/\/www.europesays.com\/fr\/wp-json\/wp\/v2\/posts\/483477\/revisions"}],"wp:featuredmedia":[{"embeddable":true,"href":"https:\/\/www.europesays.com\/fr\/wp-json\/wp\/v2\/media\/483478"}],"wp:attachment":[{"href":"https:\/\/www.europesays.com\/fr\/wp-json\/wp\/v2\/media?parent=483477"}],"wp:term":[{"taxonomy":"category","embeddable":true,"href":"https:\/\/www.europesays.com\/fr\/wp-json\/wp\/v2\/categories?post=483477"},{"taxonomy":"post_tag","embeddable":true,"href":"https:\/\/www.europesays.com\/fr\/wp-json\/wp\/v2\/tags?post=483477"}],"curies":[{"name":"wp","href":"https:\/\/api.w.org\/{rel}","templated":true}]}}