{"id":483487,"date":"2025-10-23T04:06:15","date_gmt":"2025-10-23T04:06:15","guid":{"rendered":"https:\/\/www.europesays.com\/fr\/483487\/"},"modified":"2025-10-23T04:06:15","modified_gmt":"2025-10-23T04:06:15","slug":"en-images-des-cris-des-sourires-et-de-la-transpiration-superbus-a-mis-le-feu-a-la-belle-electrique-a-grenoble","status":"publish","type":"post","link":"https:\/\/www.europesays.com\/fr\/483487\/","title":{"rendered":"En images. Des cris, des sourires et de la transpiration&#8230; Superbus a mis le feu \u00e0 la Belle \u00c9lectrique \u00e0 Grenoble"},"content":{"rendered":"<p>Les gouttes tombaient des v\u00eatements imbib\u00e9s par la pluie, pour s&rsquo;\u00e9clater sur le sol de la Belle\u00a0\u00c9lectrique, au ryhtme du batteur de Superbus ce mercredi soir \u00e0 Grenoble. Malgr\u00e9 les fortes averses et la temp\u00eate Benjamin qui n&rsquo;\u00e9tait pas loin, les sourires des spectateurs ont r\u00e9chauff\u00e9 la salle qui affichait complet \u00e0 l&rsquo;occasion de la venue du groupe de rock fran\u00e7ais. Retour en images.<\/p>\n","protected":false},"excerpt":{"rendered":"Les gouttes tombaient des v\u00eatements imbib\u00e9s par la pluie, pour s&rsquo;\u00e9clater sur le sol de la Belle\u00a0\u00c9lectrique, au&hellip;\n","protected":false},"author":2,"featured_media":483488,"comment_status":"","ping_status":"","sticky":false,"template":"","format":"standard","meta":{"footnotes":""},"categories":[9566],"tags":[1111,11,2430,1687,112,1777,674,107,1011,27,2797,5325,2798,2731,108,873,12,25,3140],"class_list":{"0":"post-483487","1":"post","2":"type-post","3":"status-publish","4":"format-standard","5":"has-post-thumbnail","7":"category-grenoble","8":"tag-actu","9":"tag-actualites","10":"tag-auvergne-rhone-alpes","11":"tag-culture-loisirs","12":"tag-edition-grenoble-agglomeration","13":"tag-eu","14":"tag-europe","15":"tag-fil-info","16":"tag-fr","17":"tag-france","18":"tag-galerie-loisirs","19":"tag-galerie-media","20":"tag-galerie-photo","21":"tag-grenoble","22":"tag-isere","23":"tag-musique","24":"tag-news","25":"tag-republique-francaise","26":"tag-spectacle"},"share_on_mastodon":{"url":"https:\/\/pubeurope.com\/@fr\/115421510590402570","error":""},"_links":{"self":[{"href":"https:\/\/www.europesays.com\/fr\/wp-json\/wp\/v2\/posts\/483487","targetHints":{"allow":["GET"]}}],"collection":[{"href":"https:\/\/www.europesays.com\/fr\/wp-json\/wp\/v2\/posts"}],"about":[{"href":"https:\/\/www.europesays.com\/fr\/wp-json\/wp\/v2\/types\/post"}],"author":[{"embeddable":true,"href":"https:\/\/www.europesays.com\/fr\/wp-json\/wp\/v2\/users\/2"}],"replies":[{"embeddable":true,"href":"https:\/\/www.europesays.com\/fr\/wp-json\/wp\/v2\/comments?post=483487"}],"version-history":[{"count":0,"href":"https:\/\/www.europesays.com\/fr\/wp-json\/wp\/v2\/posts\/483487\/revisions"}],"wp:featuredmedia":[{"embeddable":true,"href":"https:\/\/www.europesays.com\/fr\/wp-json\/wp\/v2\/media\/483488"}],"wp:attachment":[{"href":"https:\/\/www.europesays.com\/fr\/wp-json\/wp\/v2\/media?parent=483487"}],"wp:term":[{"taxonomy":"category","embeddable":true,"href":"https:\/\/www.europesays.com\/fr\/wp-json\/wp\/v2\/categories?post=483487"},{"taxonomy":"post_tag","embeddable":true,"href":"https:\/\/www.europesays.com\/fr\/wp-json\/wp\/v2\/tags?post=483487"}],"curies":[{"name":"wp","href":"https:\/\/api.w.org\/{rel}","templated":true}]}}