{"id":483491,"date":"2025-10-23T04:08:18","date_gmt":"2025-10-23T04:08:18","guid":{"rendered":"https:\/\/www.europesays.com\/fr\/483491\/"},"modified":"2025-10-23T04:08:18","modified_gmt":"2025-10-23T04:08:18","slug":"un-fou-furieux-du-papier-peint-ce-normand-a-renove-la-maison-dun-ex-president","status":"publish","type":"post","link":"https:\/\/www.europesays.com\/fr\/483491\/","title":{"rendered":"\u00ab Un fou furieux du papier peint \u00bb : ce Normand a r\u00e9nov\u00e9 la maison d\u2019un ex-pr\u00e9sident"},"content":{"rendered":"<tr wp_automatic_readability=\"2.9343065693431\">\n<td valign=\"middle\" align=\"center\" class=\"col-logo\">\n    <img decoding=\"async\" src=\"https:\/\/www.europesays.com\/fr\/wp-content\/uploads\/2025\/05\/ouest-france.gif\" alt=\"logo Ouest-France\" height=\"66\"\/><\/p>\n<\/td>\n<td class=\"col-titre\">\n\t\t\tMercredi 22 octobre 2025 19:38<br \/>\n\t\t\t<a class=\"icon-bulle sizeL count\" href=\"#ancreAvis\"><br \/>\n\t&#8230;<br \/>\n<\/a><\/td>\n<\/tr>\n<p>\t\t<a class=\"mavillebox2 elmt-photo\" href=\"https:\/\/maville.com\/photosmvi\/2025\/10\/22\/P35538656D7032572G.jpg\" title=\" Arnaud Fouassier a install\u00e9 ce papier peint \u00e0 Mount Vernon, la maison historique de Georges Washington, en Virginie.  \u00a9  Photo\u00a0: Ouest-France  \" rel=\"galerie_actu nofollow noopener\" target=\"_blank\"><br \/>\n\t<img decoding=\"async\" src=\"https:\/\/www.europesays.com\/fr\/wp-content\/uploads\/2025\/10\/P35538656D7032572G_crop_640-330_.jpg\" alt=\"photo  arnaud fouassier a install\u00e9 ce papier peint \u00e0 mount vernon, la maison historique de georges washington, en virginie.  \u00a9  photo\u00a0: ouest-france \"\/><br \/>\n\t1<br \/>\n<\/a><\/p>\n<p class=\"elmt-legende\"> Arnaud Fouassier a install\u00e9 ce papier peint \u00e0 Mount Vernon, la maison historique de Georges Washington, en Virginie.  \u00a9  Photo\u00a0: Ouest-France  <\/p>\n<p>\t\tArnaud Fouassier est peintre en b\u00e2timent sp\u00e9cialis\u00e9 dans l\u2019installation du papier peint d\u2019art, \u00e0 Alen\u00e7on, dans l\u2019Orne. Le professionnel a pos\u00e9 un papier peint d\u2019exception dans la maison historique de Georges Washington, dans le cadre de sa restauration.<\/p>\n<p>\t\t Par Mathieu BLARD. \u00a0\u00a0<br \/>\n\t\tOuest-France\u00a0\u00a0<\/p>\n<p>Retrouvez d&rsquo;autres actus sur les communes de :<\/p>\n<p>\t\t&#13;<\/p>\n","protected":false},"excerpt":{"rendered":"Mercredi 22 octobre 2025 19:38 &#8230; 1 Arnaud Fouassier a install\u00e9 ce papier peint \u00e0 Mount Vernon, la&hellip;\n","protected":false},"author":2,"featured_media":483492,"comment_status":"","ping_status":"","sticky":false,"template":"","format":"standard","meta":{"footnotes":""},"categories":[2821],"tags":[1111,11,7204,829,1777,674,60671,28040,1011,27,60670,2142,12,34021,6847,16999,584,14969,25],"class_list":{"0":"post-483491","1":"post","2":"type-post","3":"status-publish","4":"format-standard","5":"has-post-thumbnail","7":"category-rennes","8":"tag-actu","9":"tag-actualites","10":"tag-americain","11":"tag-bretagne","12":"tag-eu","13":"tag-europe","14":"tag-ex-president","15":"tag-fou","16":"tag-fr","17":"tag-france","18":"tag-furieux","19":"tag-maison","20":"tag-news","21":"tag-normand","22":"tag-papier","23":"tag-peint","24":"tag-rennes","25":"tag-renove","26":"tag-republique-francaise"},"share_on_mastodon":{"url":"https:\/\/pubeurope.com\/@fr\/115421519243867595","error":""},"_links":{"self":[{"href":"https:\/\/www.europesays.com\/fr\/wp-json\/wp\/v2\/posts\/483491","targetHints":{"allow":["GET"]}}],"collection":[{"href":"https:\/\/www.europesays.com\/fr\/wp-json\/wp\/v2\/posts"}],"about":[{"href":"https:\/\/www.europesays.com\/fr\/wp-json\/wp\/v2\/types\/post"}],"author":[{"embeddable":true,"href":"https:\/\/www.europesays.com\/fr\/wp-json\/wp\/v2\/users\/2"}],"replies":[{"embeddable":true,"href":"https:\/\/www.europesays.com\/fr\/wp-json\/wp\/v2\/comments?post=483491"}],"version-history":[{"count":0,"href":"https:\/\/www.europesays.com\/fr\/wp-json\/wp\/v2\/posts\/483491\/revisions"}],"wp:featuredmedia":[{"embeddable":true,"href":"https:\/\/www.europesays.com\/fr\/wp-json\/wp\/v2\/media\/483492"}],"wp:attachment":[{"href":"https:\/\/www.europesays.com\/fr\/wp-json\/wp\/v2\/media?parent=483491"}],"wp:term":[{"taxonomy":"category","embeddable":true,"href":"https:\/\/www.europesays.com\/fr\/wp-json\/wp\/v2\/categories?post=483491"},{"taxonomy":"post_tag","embeddable":true,"href":"https:\/\/www.europesays.com\/fr\/wp-json\/wp\/v2\/tags?post=483491"}],"curies":[{"name":"wp","href":"https:\/\/api.w.org\/{rel}","templated":true}]}}