{"id":483493,"date":"2025-10-23T04:09:19","date_gmt":"2025-10-23T04:09:19","guid":{"rendered":"https:\/\/www.europesays.com\/fr\/483493\/"},"modified":"2025-10-23T04:09:19","modified_gmt":"2025-10-23T04:09:19","slug":"a-rennes-ces-avocats-iront-au-chevet-des-blesses-a-lhopital-pour-les-aider-dans-leurs","status":"publish","type":"post","link":"https:\/\/www.europesays.com\/fr\/483493\/","title":{"rendered":"\u00c0 Rennes, ces avocats iront au chevet des bless\u00e9s \u00e0 l\u2019h\u00f4pital pour les aider dans leurs"},"content":{"rendered":"<p>Accident de la route, agression, accident du travail\u2026<strong> \u00ab\u00a0Quand les victimes arrivent \u00e0 l\u2019h\u00f4pital, elles se retrouvent dans un \u00e9tat de vuln\u00e9rabilit\u00e9 extr\u00eame. Mais tr\u00e8s vite, les pr\u00e9occupations mat\u00e9rielles s\u2019imposent\u00a0\u00bb<\/strong>, d\u00e9peint le\u00a0Dr Renaud Bouvet. Le chef du service de m\u00e9decine l\u00e9gale du CHU est habitu\u00e9 \u00e0 faire dialoguer justice et sant\u00e9. <strong>\u00ab\u00a0Mais pour les gens, cela n\u2019a rien d\u2019\u00e9vident. Ils pensent rarement \u00e0 contacter un avocat pendant qu\u2019ils sont \u00e0 l\u2019h\u00f4pital.\u00a0\u00bb<\/strong><\/p>\n<p>Pourtant, <a href=\"https:\/\/rennes.maville.com\/actu\/actudet_-assurance-auto.-quelle-indemnisation-en-cas-de-collision-avec-un-animal-sauvage-_54135-6366985_actu.Htm\" target=\"_blank\" rel=\"nofollow noopener\">un conseil juridique rapide<\/a> peut changer la donne en termes d\u2019indemnisation aupr\u00e8s des assurances.<strong> \u00ab\u00a0Plus on attend, plus la victime risque d\u2019oublier des d\u00e9tails de ce qu\u2019il s\u2019est pass\u00e9, de perdre des documents importants,\u00a0etc. 24\u00a0heures peuvent tout changer\u00a0\u00bb<\/strong>, souligne Fabienne Michelet.<\/p>\n<p><strong>Lire aussi\u00a0:<\/strong> <a href=\"https:\/\/vannes.maville.com\/actu\/actudet_-victime-d-un-accident-en-2010-cette-bretonne-mene-un-combat-pour-obtenir-reparation-des-assurances-_12-6959898_actu.Htm\" target=\"_blank\" rel=\"nofollow noopener\">Victime d\u2019un accident en 2010, cette Bretonne m\u00e8ne un combat pour obtenir r\u00e9paration des assurances<\/a><\/p>\n<p>Des dossiers complexes<\/p>\n<p>Cette avocate sp\u00e9cialis\u00e9e en droit du dommage corporel sait combien ces dossiers peuvent \u00eatre lourds.\u00a0Car une multitude de pr\u00e9judices peuvent \u00eatre indemnis\u00e9s\u00a0: physique et moral \u00e0 cause de la douleur, professionnel si la victime ne peut plus travailler, esth\u00e9tiques si l\u2019accident a engendr\u00e9 des cicatrices\u2026 <strong>\u00ab\u00a0C\u2019est parfois des ann\u00e9es d\u2019expertise avant que le pr\u00e9judice ne soit d\u00e9finitivement chiffr\u00e9.\u00a0\u00bb<\/strong><\/p>\n<p>Soulager les bless\u00e9s graves de cette charge mentale, c\u2019est\u00a0tout le sens du nouveau partenariat conclu entre le CHU et le barreau de Rennes, lundi 20\u00a0octobre 2025.\u00a0Du lundi au vendredi, de 9\u00a0h \u00e0 17\u00a0h, des avocats se relayeront pour assurer une permanence aupr\u00e8s des personnes polytraumatis\u00e9es prises en charge au CHU.<\/p>\n<p><strong>Lire aussi\u00a0: <\/strong> <a href=\"https:\/\/rennes.maville.com\/actu\/actudet_-reportage.-a-la-maison-des-femmes-de-rennes-l-avocat-trace-un-chemin-vers-la-liberte-_52674-6993912_actu.Htm\" target=\"_blank\" rel=\"nofollow noopener\">REPORTAGE. \u00c0 la Maison des femmes de Rennes, l\u2019avocat trace un chemin vers la libert\u00e9<\/a><\/p>\n<p>Consultations gratuites<\/p>\n<p>Ces sp\u00e9cialistes du droit viendront<strong> \u00ab\u00a0au chevet des patients\u00a0\u00bb<\/strong>, pour les aider \u00e0 r\u00e9pondre aux<strong> \u00ab\u00a0milles et une questions qui se posent\u00a0\u00bb<\/strong>, se f\u00e9licite Paul Delacourt, b\u00e2tonnier du barreau de Rennes. Et de pr\u00e9ciser que cette premi\u00e8re consultation est <strong>\u00ab\u00a0totalement gratuite\u00a0\u00bb<\/strong>.<\/p>\n<p>Ce nouveau dispositif d\u00e9butera au 1er\u00a0janvier 2026. Une fiert\u00e9 pour les avocats <strong>\u00ab\u00a0solidaires et engag\u00e9s\u00a0\u00bb<\/strong> de Rennes, mais aussi pour\u00a0Virginie Valentin, la nouvelle directrice du CHU\u00a0: <strong>\u00ab\u00a0Avocats et soignants se rejoignent dans un m\u00eame souci d\u2019aide aux victimes.\u00a0\u00bb<\/strong><\/p>\n<p>\u00a0<\/p>\n","protected":false},"excerpt":{"rendered":"Accident de la route, agression, accident du travail\u2026 \u00ab\u00a0Quand les victimes arrivent \u00e0 l\u2019h\u00f4pital, elles se retrouvent dans&hellip;\n","protected":false},"author":2,"featured_media":483494,"comment_status":"","ping_status":"","sticky":false,"template":"","format":"standard","meta":{"footnotes":""},"categories":[2821],"tags":[1111,11,4180,16658,4901,829,36280,28123,1777,674,1011,27,100,60672,12,584,25],"class_list":{"0":"post-483493","1":"post","2":"type-post","3":"status-publish","4":"format-standard","5":"has-post-thumbnail","7":"category-rennes","8":"tag-actu","9":"tag-actualites","10":"tag-aider","11":"tag-avocats","12":"tag-blesses","13":"tag-bretagne","14":"tag-chevet","15":"tag-demarches","16":"tag-eu","17":"tag-europe","18":"tag-fr","19":"tag-france","20":"tag-hopital","21":"tag-iront","22":"tag-news","23":"tag-rennes","24":"tag-republique-francaise"},"share_on_mastodon":{"url":"https:\/\/pubeurope.com\/@fr\/115421522387260160","error":""},"_links":{"self":[{"href":"https:\/\/www.europesays.com\/fr\/wp-json\/wp\/v2\/posts\/483493","targetHints":{"allow":["GET"]}}],"collection":[{"href":"https:\/\/www.europesays.com\/fr\/wp-json\/wp\/v2\/posts"}],"about":[{"href":"https:\/\/www.europesays.com\/fr\/wp-json\/wp\/v2\/types\/post"}],"author":[{"embeddable":true,"href":"https:\/\/www.europesays.com\/fr\/wp-json\/wp\/v2\/users\/2"}],"replies":[{"embeddable":true,"href":"https:\/\/www.europesays.com\/fr\/wp-json\/wp\/v2\/comments?post=483493"}],"version-history":[{"count":0,"href":"https:\/\/www.europesays.com\/fr\/wp-json\/wp\/v2\/posts\/483493\/revisions"}],"wp:featuredmedia":[{"embeddable":true,"href":"https:\/\/www.europesays.com\/fr\/wp-json\/wp\/v2\/media\/483494"}],"wp:attachment":[{"href":"https:\/\/www.europesays.com\/fr\/wp-json\/wp\/v2\/media?parent=483493"}],"wp:term":[{"taxonomy":"category","embeddable":true,"href":"https:\/\/www.europesays.com\/fr\/wp-json\/wp\/v2\/categories?post=483493"},{"taxonomy":"post_tag","embeddable":true,"href":"https:\/\/www.europesays.com\/fr\/wp-json\/wp\/v2\/tags?post=483493"}],"curies":[{"name":"wp","href":"https:\/\/api.w.org\/{rel}","templated":true}]}}