{"id":483495,"date":"2025-10-23T04:10:13","date_gmt":"2025-10-23T04:10:13","guid":{"rendered":"https:\/\/www.europesays.com\/fr\/483495\/"},"modified":"2025-10-23T04:10:13","modified_gmt":"2025-10-23T04:10:13","slug":"lafges-interpelle-les-candidats-aux-municipales-2","status":"publish","type":"post","link":"https:\/\/www.europesays.com\/fr\/483495\/","title":{"rendered":"l\u2019Afges interpelle les candidats aux municipales"},"content":{"rendered":"<p>Pour la neuvi\u00e8me ann\u00e9e cons\u00e9cutive, l\u2019Afges a mis en \u0153uvre en cette rentr\u00e9e son Dispositif de logement provisoire (DPL), d\u00e9di\u00e9 \u00e0 l\u2019accompagnement et l\u2019h\u00e9bergement \u00ab\u00a0d\u2019urgence et de dernier recours\u00a0\u00bb d\u2019\u00e9tudiants sans solution. \u00c0 l\u2019heure d\u2019en dresser le bilan, c\u2019est le constat d\u2019une <a href=\"https:\/\/www.dna.fr\/education\/2025\/09\/03\/vivre-en-tant-qu-etudiant-n-a-jamais-coute-aussi-cher-le-cout-de-la-rentree-universitaire-augmente\" target=\"_blank\" rel=\"noopener\">pr\u00e9carit\u00e9 \u00e9tudiante en augmentation<\/a> qui s\u2019impose une nouvelle fois et conduit les b\u00e9n\u00e9voles \u00e0 formuler des recommandations.<\/p>\n<p>En hausse de 20\u00a0euros mensuels par rapport \u00e0 l\u2019ann\u00e9e derni\u00e8re, le loyer moyen des \u00e9tudiants dans la capitale alsacienne s\u2019\u00e9l\u00e8ve \u00e0 580\u00a0euros, contre 430\u00a0euros de budget moyen chez les 325 personnes ayant cette ann\u00e9e fait appel au DPL. Le calcul est rapide\u00a0: \u00ab\u00a0On ne peut plus se loger d\u00e9cemment\u00a0\u00bb, alerte Clara Fran\u00e7ois, premi\u00e8re vice-pr\u00e9sidente de l\u2019Afges. Autre sympt\u00f4me de la pr\u00e9carisation du public \u00e9tudiant\u00a0: 250 b\u00e9n\u00e9ficiaires des \u00e9piceries solidaires Agora\u00e9 ont \u00e9t\u00e9 enregistr\u00e9s en octobre, soit deux fois plus que l\u2019ann\u00e9e derni\u00e8re \u00e0 la m\u00eame \u00e9poque.<\/p>\n<p>  \u00ab\u00a0On a \u00e9t\u00e9 satur\u00e9s de demandes\u00a0\u00bb<\/p>\n<p>Avec 50\u00a0000\u00a0euros de budget d\u00e9di\u00e9 cette ann\u00e9e\u00a0au DPL (avec le soutien du Crous, de l\u2019Eurom\u00e9tropole de Strasbourg, de l\u2019Universit\u00e9 et de sa fondation), l\u2019Afges a pu financer l\u2019h\u00e9bergement de 73 \u00e9tudiants \u00e0 l\u2019auberge de jeunesse HI des Deux-Rives entre le 1er \u00a0septembre et le 5\u00a0octobre, pour une dur\u00e9e moyenne de treize nuit\u00e9es. Des \u00e9tudiants \u00e2g\u00e9s de 18 \u00e0 33 ans, en immense majorit\u00e9 extracommunautaires, objets de frais d\u2019inscription diff\u00e9renci\u00e9s et non \u00e9ligibles aux aides du Crous. Sans le DPL, les trois quarts d\u2019entre eux auraient dormi dans la rue ou leur voiture.<\/p>\n<p>\u00ab\u00a0On a \u00e9t\u00e9 satur\u00e9s de demandes\u00a0\u00bb, livre la pr\u00e9sidente Caroline Knab qui estime \u00e0 plus de 200\u00a0000\u00a0euros le niveau de financement id\u00e9al compte tenu du niveau de sollicitations. Les dons et legs sont d\u2019ailleurs les bienvenus, glissent les b\u00e9n\u00e9voles qui se mobilisent pour penser les conditions d\u2019un meilleur acc\u00e8s au logement. Premi\u00e8re suggestion adress\u00e9e aux candidats \u00e0 la mairie\u00a0: encadrer les loyers dans les zones tendues pour les studios et T1. L\u2019Afges recommande \u00e9galement le contr\u00f4le de la prolif\u00e9ration des Airbnb qui sont autant d\u2019appartements qui \u00ab\u00a0permettraient \u00e0 des \u00e9tudiants de se loger\u00a0\u00bb, le d\u00e9veloppement de logements partag\u00e9s et interg\u00e9n\u00e9rationnels, la priorisation des jeunes dans l\u2019attribution de logements sociaux ou la mise en place de logements d\u2019urgence. Alors que de plus en plus d\u2019\u00e9tudiants vivent en p\u00e9riph\u00e9rie faute de pouvoir se loger au centre de Strasbourg, la gratuit\u00e9 des transports en commun est \u00e9galement r\u00e9clam\u00e9e. Ou \u00ab\u00a0a minima une r\u00e9duction \u00e9tudiante\u00a0\u00bb. Autant de propositions qui interviennent alors que le projet de loi de finances risque, lui aussi, de peser sur les aides \u2013 APL en t\u00eate \u2013 consacr\u00e9es aux \u00e9tudiants.<\/p>\n","protected":false},"excerpt":{"rendered":"Pour la neuvi\u00e8me ann\u00e9e cons\u00e9cutive, l\u2019Afges a mis en \u0153uvre en cette rentr\u00e9e son Dispositif de logement provisoire&hellip;\n","protected":false},"author":2,"featured_media":482427,"comment_status":"","ping_status":"","sticky":false,"template":"","format":"standard","meta":{"footnotes":""},"categories":[2820],"tags":[1111,11,2389,2880,1057,4854,1777,674,107,1011,27,775,1908,12,25,104,640],"class_list":{"0":"post-483495","1":"post","2":"type-post","3":"status-publish","4":"format-standard","5":"has-post-thumbnail","7":"category-strasbourg","8":"tag-actu","9":"tag-actualites","10":"tag-alsace","11":"tag-edition-strasbourg","12":"tag-education","13":"tag-enseignement-superieur","14":"tag-eu","15":"tag-europe","16":"tag-fil-info","17":"tag-fr","18":"tag-france","19":"tag-grand-est","20":"tag-logement","21":"tag-news","22":"tag-republique-francaise","23":"tag-societe","24":"tag-strasbourg"},"share_on_mastodon":{"url":"https:\/\/pubeurope.com\/@fr\/115421526353210205","error":""},"_links":{"self":[{"href":"https:\/\/www.europesays.com\/fr\/wp-json\/wp\/v2\/posts\/483495","targetHints":{"allow":["GET"]}}],"collection":[{"href":"https:\/\/www.europesays.com\/fr\/wp-json\/wp\/v2\/posts"}],"about":[{"href":"https:\/\/www.europesays.com\/fr\/wp-json\/wp\/v2\/types\/post"}],"author":[{"embeddable":true,"href":"https:\/\/www.europesays.com\/fr\/wp-json\/wp\/v2\/users\/2"}],"replies":[{"embeddable":true,"href":"https:\/\/www.europesays.com\/fr\/wp-json\/wp\/v2\/comments?post=483495"}],"version-history":[{"count":0,"href":"https:\/\/www.europesays.com\/fr\/wp-json\/wp\/v2\/posts\/483495\/revisions"}],"wp:featuredmedia":[{"embeddable":true,"href":"https:\/\/www.europesays.com\/fr\/wp-json\/wp\/v2\/media\/482427"}],"wp:attachment":[{"href":"https:\/\/www.europesays.com\/fr\/wp-json\/wp\/v2\/media?parent=483495"}],"wp:term":[{"taxonomy":"category","embeddable":true,"href":"https:\/\/www.europesays.com\/fr\/wp-json\/wp\/v2\/categories?post=483495"},{"taxonomy":"post_tag","embeddable":true,"href":"https:\/\/www.europesays.com\/fr\/wp-json\/wp\/v2\/tags?post=483495"}],"curies":[{"name":"wp","href":"https:\/\/api.w.org\/{rel}","templated":true}]}}