{"id":48350,"date":"2025-04-24T05:13:11","date_gmt":"2025-04-24T05:13:11","guid":{"rendered":"https:\/\/www.europesays.com\/fr\/48350\/"},"modified":"2025-04-24T05:13:11","modified_gmt":"2025-04-24T05:13:11","slug":"argentre-du-plessis-la-municipalite-organise-des-promenades-de-quartiers","status":"publish","type":"post","link":"https:\/\/www.europesays.com\/fr\/48350\/","title":{"rendered":"Argentr\u00e9-du-Plessis. La municipalit\u00e9 organise des promenades de quartiers"},"content":{"rendered":"<p>Comme chaque ann\u00e9e, le maire, Jean-No\u00ebl B\u00e9vi\u00e8re, et son \u00e9quipe iront \u00e0 la rencontre des habitants \u00e0 l\u2019occasion des balades de quartiers. \u00a0L\u2019objectif est d\u2019\u00e9changer sur l\u2019action municipale et les projets de la commune, recueillir les attentes des habitants. Ces rencontres de proximit\u00e9 sont l\u2019occasion d\u2019aborder divers sujets tels que la propret\u00e9 des espaces publics, le cadre de vie, la vitalit\u00e9 du centre bourg, la vie associative, l\u2019acc\u00e8s aux soins\u2026 Les habitants sont libres d\u2019aborder les sujets qu\u2019ils souhaitent avec les \u00e9lus.\u00a0<\/p>\n<p>Les visites sont pr\u00e9vues les samedis 3\u00a0mai (quartier des Poulini\u00e8res), 10\u00a0mai (lotissement route de Vitr\u00e9 et coteau de la Blini\u00e8re et devant la Poste), 17\u00a0mai (quartier des Forges et Sapini\u00e8re), 24\u00a0mai (quartier rue d\u2019Anjou-Franchet), 31\u00a0mai (quartier Saint-Pierre Moulin-Neuf), 7\u00a0juin (quartier Bois-Gros) et 14\u00a0juin (quartier des peintres) et vendredi 16\u00a0mai (Bellangerie et Bois-des-Cherbault).<\/p>\n<p>\u00a0<\/p>\n","protected":false},"excerpt":{"rendered":"Comme chaque ann\u00e9e, le maire, Jean-No\u00ebl B\u00e9vi\u00e8re, et son \u00e9quipe iront \u00e0 la rencontre des habitants \u00e0 l\u2019occasion&hellip;\n","protected":false},"author":2,"featured_media":48351,"comment_status":"","ping_status":"","sticky":false,"template":"","format":"standard","meta":{"footnotes":""},"categories":[2821],"tags":[1111,11,13975,829,1777,674,1011,27,13976,12,9271,13977,5116,584,25],"class_list":{"0":"post-48350","1":"post","2":"type-post","3":"status-publish","4":"format-standard","5":"has-post-thumbnail","7":"category-rennes","8":"tag-actu","9":"tag-actualites","10":"tag-argentre-du-plessis","11":"tag-bretagne","12":"tag-eu","13":"tag-europe","14":"tag-fr","15":"tag-france","16":"tag-municipalite","17":"tag-news","18":"tag-organise","19":"tag-promenades","20":"tag-quartiers","21":"tag-rennes","22":"tag-republique-francaise"},"share_on_mastodon":{"url":"https:\/\/pubeurope.com\/@fr\/114391233634839399","error":""},"_links":{"self":[{"href":"https:\/\/www.europesays.com\/fr\/wp-json\/wp\/v2\/posts\/48350","targetHints":{"allow":["GET"]}}],"collection":[{"href":"https:\/\/www.europesays.com\/fr\/wp-json\/wp\/v2\/posts"}],"about":[{"href":"https:\/\/www.europesays.com\/fr\/wp-json\/wp\/v2\/types\/post"}],"author":[{"embeddable":true,"href":"https:\/\/www.europesays.com\/fr\/wp-json\/wp\/v2\/users\/2"}],"replies":[{"embeddable":true,"href":"https:\/\/www.europesays.com\/fr\/wp-json\/wp\/v2\/comments?post=48350"}],"version-history":[{"count":0,"href":"https:\/\/www.europesays.com\/fr\/wp-json\/wp\/v2\/posts\/48350\/revisions"}],"wp:featuredmedia":[{"embeddable":true,"href":"https:\/\/www.europesays.com\/fr\/wp-json\/wp\/v2\/media\/48351"}],"wp:attachment":[{"href":"https:\/\/www.europesays.com\/fr\/wp-json\/wp\/v2\/media?parent=48350"}],"wp:term":[{"taxonomy":"category","embeddable":true,"href":"https:\/\/www.europesays.com\/fr\/wp-json\/wp\/v2\/categories?post=48350"},{"taxonomy":"post_tag","embeddable":true,"href":"https:\/\/www.europesays.com\/fr\/wp-json\/wp\/v2\/tags?post=48350"}],"curies":[{"name":"wp","href":"https:\/\/api.w.org\/{rel}","templated":true}]}}