{"id":483500,"date":"2025-10-23T04:15:30","date_gmt":"2025-10-23T04:15:30","guid":{"rendered":"https:\/\/www.europesays.com\/fr\/483500\/"},"modified":"2025-10-23T04:15:30","modified_gmt":"2025-10-23T04:15:30","slug":"que-faire-a-nantes-ce-week-end-du-23-au-26-octobre-2025-big-city-nantes-2","status":"publish","type":"post","link":"https:\/\/www.europesays.com\/fr\/483500\/","title":{"rendered":"Que faire \u00e0 Nantes ce week-end du 23 au 26 octobre 2025 ? \u2013 Big City Nantes"},"content":{"rendered":"<p><strong>Le mois d\u2019octobre touche d\u00e9j\u00e0 \u00e0 sa fin et les vacances sont bien entam\u00e9es\u2026 <\/strong>Entre l\u2019envie de souffler, de sortir et de profiter avant que la nuit tombe \u00e0 17h (merci le passage \u00e0 l\u2019heure d\u2019hiver dimanche), on t\u2019a trouv\u00e9 de quoi t\u2019occuper sans voir les aiguilles tourner. Concerts, expos, soir\u00e9es ou bons plans chill : <strong>voici tout ce qu\u2019il ne faut pas manquer \u00e0 Nantes du jeudi 23 au dimanche 26 octobre.<\/strong> Allez, suis l\u2019agenda du week-end juste en dessous \ud83d\ude09<\/p>\n<p>Que Faire \u00e0 Nantes ce week-end : le programme des sorties du jeudi 23 au dimanche 26 octobre 2025<\/p>\n<p>Le changement d\u2019heure approche, les jours raccourcissent, mais l\u2019ambiance \u00e0 Nantes, elle, reste au beau fixe. Pour ce deuxi\u00e8me week-end des vacances, <strong>du 23 au 26 octobre,<\/strong> y\u2019a encore plein de sorties \u00e0 Nantes et aux alentours !<\/p>\n<p><strong>C\u00f4t\u00e9 culture, <\/strong>il y a de quoi faire \u00e0 Nantes ce week-end ! Pour d\u00e9couvrir les nouvelles sorties cin\u00e9, rendez-vous \u00e0 <strong>l\u2019UGC Atlantis<\/strong> qui te propose <a href=\"https:\/\/www.bigcitynantes.fr\/actu\/nantes-ce-cine-va-proposer-des-places-a-un-tarif-encore-jamais-pratique\/\" target=\"_blank\" rel=\"noreferrer noopener\">un tarif in\u00e9dit \u00e0 8\u20ac. <\/a>Toujours dans les salles sombres, profite de la pi\u00e8ce <strong><a href=\"https:\/\/www.bigcitynantes.fr\/que-faire-a-nantes\/insolite-la-piece-de-theatre-de-victor-hugo-revisite-a-nantes\/\" target=\"_blank\" rel=\"noreferrer noopener\">\u00ab Le bossu de Notre-Dame \u00bb<\/a><\/strong> au Th\u00e9\u00e2tre 100 Noms du 19 au 30 octobre.<\/p>\n<p>Le vendredi 24 octobre, <strong><a href=\"https:\/\/www.bigcitynantes.fr\/que-faire-a-nantes\/iliona-et-georges-ka-en-concert-a-nantes\/\" target=\"_blank\" rel=\"noreferrer noopener\">Iliona<\/a><\/strong> d\u00e9barque \u00e0 Stereolux pour un concert de folie, tandis que le <strong><a href=\"https:\/\/www.bigcitynantes.fr\/que-faire-a-nantes\/yessaya-sound-system-in-session\/\" target=\"_blank\" rel=\"noreferrer noopener\">Yessaya Sound System<\/a><\/strong> s\u2019installe \u00e0 la Taproom Aerofab pour la premi\u00e8re fois le samedi 25 octobre.<\/p>\n<p>Ce week-end, c\u2019est aussi le d\u00e9marrage de la nouvelle expo gratuite <strong><a href=\"https:\/\/www.bigcitynantes.fr\/que-faire-a-nantes\/un-vernissage-insolite-au-lu\/\" target=\"_blank\" rel=\"noreferrer noopener\">\u00ab Dans le pli des cartes \u00bb<\/a><\/strong> au Lieu Unique, avec un vernissage le vendredi 24 octobre \u00e0 18h30.<\/p>\n<p>Pour voyager, direction<strong> Magmaa<\/strong> pour <a href=\"https:\/\/www.bigcitynantes.fr\/que-faire-a-nantes\/koreaa-une-grand-fete-coreenne-a-magmaa\/\" target=\"_blank\" rel=\"noreferrer noopener\">une journ\u00e9e festive enti\u00e8rement d\u00e9di\u00e9e \u00e0 la culture cor\u00e9enne<\/a> le samedi 25 octobre.<\/p>\n<p>Enfin, si t\u2019es d\u2019humeur \u00e0 refaire ta d\u00e9co, le c\u00e9l\u00e8bre fabricant de la table de bistrot parisienne <strong>Ardamez <\/strong>ouvre pour la premi\u00e8re fois ses Archives avec <a href=\"https:\/\/www.bigcitynantes.fr\/que-faire-a-nantes\/inedit-une-vente-ephemere-de-tables-ardamez-a-cote-de-nantes\/\" target=\"_blank\" rel=\"noreferrer noopener\">une grande vente \u00e9ph\u00e9m\u00e8re les 25 et 26 octobre<\/a>.<\/p>\n<p>Tu en demandes plus ? Pas de soucis ! Descends un peu plus bas pour d\u00e9couvrir toute la s\u00e9lection de <strong>Big City <\/strong>et profite \u00e0 fond de ton week-end \u00e0 Nantes ! \u2764\ufe0f<\/p>\n<p>\nTous<br \/>\nExpo<br \/>\nFood<br \/>\nLoisirs<br \/>\nSoir\u00e9e<br \/>\nSport<\/p>\n","protected":false},"excerpt":{"rendered":"Le mois d\u2019octobre touche d\u00e9j\u00e0 \u00e0 sa fin et les vacances sont bien entam\u00e9es\u2026 Entre l\u2019envie de souffler,&hellip;\n","protected":false},"author":2,"featured_media":478059,"comment_status":"","ping_status":"","sticky":false,"template":"","format":"standard","meta":{"footnotes":""},"categories":[2818],"tags":[1111,11,48554,4156,4157,1777,674,1011,27,766,12,2636,25,953,1669,3140,4064],"class_list":{"0":"post-483500","1":"post","2":"type-post","3":"status-publish","4":"format-standard","5":"has-post-thumbnail","7":"category-nantes","8":"tag-actu","9":"tag-actualites","10":"tag-carrousel","11":"tag-concerts","12":"tag-dj-sets","13":"tag-eu","14":"tag-europe","15":"tag-fr","16":"tag-france","17":"tag-nantes","18":"tag-news","19":"tag-pays-de-la-loire","20":"tag-republique-francaise","21":"tag-soiree","22":"tag-sorties","23":"tag-spectacle","24":"tag-week-end"},"share_on_mastodon":{"url":"https:\/\/pubeurope.com\/@fr\/115421545953714532","error":""},"_links":{"self":[{"href":"https:\/\/www.europesays.com\/fr\/wp-json\/wp\/v2\/posts\/483500","targetHints":{"allow":["GET"]}}],"collection":[{"href":"https:\/\/www.europesays.com\/fr\/wp-json\/wp\/v2\/posts"}],"about":[{"href":"https:\/\/www.europesays.com\/fr\/wp-json\/wp\/v2\/types\/post"}],"author":[{"embeddable":true,"href":"https:\/\/www.europesays.com\/fr\/wp-json\/wp\/v2\/users\/2"}],"replies":[{"embeddable":true,"href":"https:\/\/www.europesays.com\/fr\/wp-json\/wp\/v2\/comments?post=483500"}],"version-history":[{"count":0,"href":"https:\/\/www.europesays.com\/fr\/wp-json\/wp\/v2\/posts\/483500\/revisions"}],"wp:featuredmedia":[{"embeddable":true,"href":"https:\/\/www.europesays.com\/fr\/wp-json\/wp\/v2\/media\/478059"}],"wp:attachment":[{"href":"https:\/\/www.europesays.com\/fr\/wp-json\/wp\/v2\/media?parent=483500"}],"wp:term":[{"taxonomy":"category","embeddable":true,"href":"https:\/\/www.europesays.com\/fr\/wp-json\/wp\/v2\/categories?post=483500"},{"taxonomy":"post_tag","embeddable":true,"href":"https:\/\/www.europesays.com\/fr\/wp-json\/wp\/v2\/tags?post=483500"}],"curies":[{"name":"wp","href":"https:\/\/api.w.org\/{rel}","templated":true}]}}