{"id":483511,"date":"2025-10-23T04:24:14","date_gmt":"2025-10-23T04:24:14","guid":{"rendered":"https:\/\/www.europesays.com\/fr\/483511\/"},"modified":"2025-10-23T04:24:14","modified_gmt":"2025-10-23T04:24:14","slug":"les-nombreuses-questions-derriere-la-promesse-daulas","status":"publish","type":"post","link":"https:\/\/www.europesays.com\/fr\/483511\/","title":{"rendered":"les nombreuses questions derri\u00e8re la promesse d&rsquo;Aulas"},"content":{"rendered":"<p>            Par<br \/>\n        <strong><br \/>\n            <a href=\"https:\/\/actu.fr\/auteur\/nicolas-zaugra\" title=\"Consulter tous les articles de Nicolas Zaugra\" target=\"_blank\" rel=\"noopener\">Nicolas Zaugra<\/a><br \/>\n        <\/strong><\/p>\n<p>        Publi\u00e9 le<\/p>\n<p>            23 oct. 2025 \u00e0 6h02        <\/p>\n<p>C\u2019est la mesure phare du d\u00e9but de campagne de <a href=\"https:\/\/actu.fr\/auvergne-rhone-alpes\/lyon_69123\/lyon-un-electrochoc-gregory-doucet-secoue-apres-son-terrible-sondage-face-a-jean-michel-aulas_63317761.html\" target=\"_blank\" rel=\"noopener\">Jean-Michel Aulas<\/a>, d\u00e9sormais candidat aux municipales 2026 \u00e0 Lyon. L\u2019ex-pr\u00e9sident de l\u2019OL, en t\u00eate des sondages, a propos\u00e9 d\u00e8s juin dernier la <a href=\"https:\/\/actu.fr\/auvergne-rhone-alpes\/lyon_69123\/lyon-municipales-2026-jean-michel-aulas-propose-d-etendre-la-gratuite-des-tcl-aux-lyonnais_62732394.html\" target=\"_blank\" rel=\"noopener\">gratuit\u00e9 partielle des transports en communs lyonnais (TCL)<\/a> pour les Lyonnais gagnant moins de 2 500 euros par mois. Une promesse qui provoque de vifs d\u00e9bats, y compris chez les alli\u00e9s du candidat. Son co\u00fbt et son financement, sa mise en \u0153uvre, les personnes concern\u00e9es\u2026 De nombreuses questions se posent. Sa promesse num\u00e9ro 1 est-elle sur de bons rails ? <strong>D\u00e9cryptage<\/strong>.<\/p>\n<p>Quelle gratuit\u00e9 propose-t-il et qui est concern\u00e9 ?<\/p>\n<p class=\" wall-content\">Avant m\u00eame d\u2019\u00eatre candidat, Jean-Michel Aulas (JMA) met cette proposition \u00ab\u00a0choc\u00a0\u00bb sur la table. La gratuit\u00e9 des TCL pour une bonne partie des Lyonnais, ceux gagnant moins de 2 500 euros par mois. Dans une note dat\u00e9e de juin 2025 \u2013 toujours d\u2019actualit\u00e9 en octobre selon son \u00e9quipe de campagne -, le chef d\u2019entreprise et ses \u00e9quipes \u00e9valuent \u00e0 100 000 le nombre de b\u00e9n\u00e9ficiaires.<\/p>\n<p class=\" wall-content\">Comment ? L\u2019entourage de \u00ab\u00a0JMA\u00a0\u00bb justifie ce chiffre par le taux potentiel de recours \u00e0 ce dispositif social. Il s\u2019\u00e9l\u00e8verait selon l\u2019\u00e9quipe de campagne \u00e0 50 \u00e0 60% de personnes ayant droit \u00e0 la gratuit\u00e9 le demandant r\u00e9ellement. En face, les \u00c9cologistes, notamment Bruno Bernard, le pr\u00e9sident de la M\u00e9tropole et du Sytral (l\u2019autorit\u00e9 organisatrice des transports), estiment que la gratuit\u00e9 provoquera un effet d\u2019aubaine et que le nombre de b\u00e9n\u00e9ficiaires sera plus important.<\/p>\n<p class=\" wall-content\">Le choix des 2 500 euros comme seuil maximum s\u2019explique selon le camp Aulas par le salaire m\u00e9dian lyonnais de 2 120 euros. \u00ab\u00a0Une personne \u00e0 Lyon a en moyenne un budget \u00e9quilibr\u00e9 entre recettes et d\u00e9penses \u00e0 un niveau de salaire autour de 2 487 euros\u00a0\u00bb, explique-t-on autour du candidat.<\/p>\n<p class=\" wall-content\">Mais \u00e0 en croire les chiffres de l\u2019Insee (2022) qui \u00e9tablit le salaire horaire \u00e0 Lyon \u00e0 18,5 euros de l\u2019heure, un salaire mensuel de 2 500 euros nets serait plut\u00f4t le salaire moyen et non m\u00e9dian dans la ville. L\u2019observatoire des in\u00e9galit\u00e9s \u00e9voque un salaire moyen \u00e0 2 727 euros \u00e0 Lyon.<\/p>\n<p>Pourquoi la barre des 2 500 euros ?<\/p>\n<p class=\" wall-content\">Une phrase de Jean-Michel Aulas en personne a d\u2019ailleurs interrog\u00e9. Sur Radio Scoop le 1er octobre, il assure face aux auditeurs : \u00ab\u00a0Nous avons fix\u00e9 la barre \u00e0 2 500 euros de revenus par famille, mais nous pouvons en discuter.\u00a0\u00bb Une erreur de langage corrige son \u00e9quipe, puisque la mesure concerne bien le revenu par personne.<\/p>\n<p>Votre r\u00e9gion, votre actu !<\/p>\n<p>Recevez chaque jour les infos qui comptent pour vous.<\/p>\n<p>\t<a href=\"https:\/\/actu.fr\/newsletter\" class=\"ac-btn ac-btn--corner ac-btn--medium ac-btn--blue800\" target=\"_blank\" rel=\"noopener\">S&rsquo;incrire<\/a><\/p>\n<p class=\" wall-content\">Concernant la possibilit\u00e9 de discuter de la mesure, son \u00e9quipe reconna\u00eet qu\u2019elle peut \u00e9voluer mais \u00e0 la marge. \u00ab\u00a0Apr\u00e8s l\u2019exp\u00e9rimentation dans trois arrondissements au d\u00e9but, peut-\u00eatre que la mesure sera injuste pour des personnes un tout petit peu au-dessus du seuil, elle pourra \u00e9voluer marginalement.\u00a0\u00bb\u00a0<\/p>\n<p class=\" wall-content\">\u00c0 noter que la promesse concernera aussi les retrait\u00e9s, les \u00e9tudiants et les demandeurs d\u2019emplois ainsi que <strong>les enfants des Lyonnais gagnant moins de 2 500 euros<\/strong>. Les familles monoparentales ont eu le droit \u00e0 une extension de la mesure avec une gratuit\u00e9 g\u00e9n\u00e9rale promise et sans limite de revenus.<\/p>\n<p>    <img   decoding=\"async\" loading=\"lazy\" src=\"https:\/\/www.europesays.com\/fr\/wp-content\/uploads\/2025\/10\/aulas-une-municipales-lyon-960x640.jpg\" alt=\"Jean-Michel Aulas donne son premier meeting de campagne ce vendredi 26 septembre 2025 \u00e0 Lyon.\" width=\"960\" height=\"640\"\/><br \/>\n    Jean-Michel Aulas candidat aux municipales \u00e0 Lyon. (\u00a9MATTHIEU DELATY\/ HANS LUCAS\/ AFP)Combien co\u00fbte la mesure ?<\/p>\n<p class=\" wall-content\">L\u2019\u00e9quipe de \u00ab\u00a0JMA\u00a0\u00bb avance un co\u00fbt autour de 35 millions d\u2019euros par an (sur la base d\u2019un abonnement annuel moyen de 300 euros). Jean-Michel Aulas \u00e9voque publiquement une mesure \u00ab\u00a0entre 25 et 30 millions d\u2019euros\u00a0\u00bb. L\u00e0 aussi, son entourage assure que cela peut \u00e9voluer \u00ab\u00a0en fonction de l\u2019\u00e9tat des finances municipales, notamment l\u2019\u00e9pargne brute de la Ville\u00a0\u00bb.<\/p>\n<p class=\" wall-content\">Bruno Bernard et son vice-pr\u00e9sident aux Transports Jean-Charles Kohlhass estiment la mesure Aulas \u00e0 <strong>80 voire 100 millions d\u2019euros par an<\/strong>. Sur les abonn\u00e9s, l\u2019\u00e9lu assure d\u2019ailleurs que \u00ab\u00a096% ne paient pas le tarif plein de l\u2019abonnement\u00a0\u00bb. De plus, Bruno Bernard rappelle que la billetterie des transports en commun lyonnais rapporte 255 millions d\u2019euros, soit 29 % du financement global.<\/p>\n<p class=\" wall-content\">Un chiffre balay\u00e9 par l\u2019\u00e9quipe Aulas qui \u00ab\u00a0invite les \u00e9cologistes \u00e0 produire une note, des sources\u00a0\u00bb pour justifier de telles estimations.\u00a0<\/p>\n<p>Comment la mesure est financ\u00e9e ?<\/p>\n<p class=\" wall-content\">Du c\u00f4t\u00e9 de \u00ab\u00a0JMA\u00a0\u00bb, on assure qu\u2019il ne sera pas n\u00e9cessaire d\u2019augmenter les imp\u00f4ts. Son \u00e9quipe mise sur des \u00e9conomies \u00e0 faire dans les d\u00e9penses de communication et l\u2019arriv\u00e9e de recettes fiscales li\u00e9es \u00e0 la construction de logements, en panne s\u00e8che depuis plusieurs ann\u00e9es. Aulas table sur 8 \u00e0 10 millions d\u2019euros de recette par an. Un chiffre tr\u00e8s ambitieux, voire irr\u00e9aliste selon les \u00e9cologistes qui \u00e9voquent 10 000 constructions annuelles n\u00e9cessaires pour arriver \u00e0 de tels chiffres.<\/p>\n<p class=\" wall-content\">Concernant la communication, l\u2019\u00e9quipe du candidat \u00e9voque 20 millions d\u2019euros de d\u00e9penses, dont 12 \u00e0 14 millions peuvent \u00eatre supprim\u00e9es. Cependant, le rapport de la Chambre r\u00e9gionale des comptes \u00e9voque plut\u00f4t 4 millions d\u2019euros de d\u00e9penses de communication.\u00a0<\/p>\n<p>Comment cette gratuit\u00e9 est mise en place ?<\/p>\n<p class=\" wall-content\">L\u2019une des questions majeure est la mise en place de la mesure. En cas d\u2019\u00e9lection \u00e0 la mairie, Jean-Michel Aulas promet une <strong>exp\u00e9rimentation d\u00e8s 2026 dans trois arrondissements (3e, 7e et 8e)<\/strong> qui sont les plus peupl\u00e9s. Une g\u00e9n\u00e9ralisation est pr\u00e9vue en 2027.<\/p>\n<p class=\" wall-content\">Mais qui va g\u00e9rer les dossiers de gratuit\u00e9 et comment la Ville va-t-elle mettre en place cette mesure ? L\u2019entourage du candidat affirme que la municipalit\u00e9 interviendra apr\u00e8s le remboursement de l\u2019employeur. Pas de pr\u00e9cision cependant sur le fonctionnement administratif et op\u00e9rationnel.<\/p>\n<p>Une mesure pour s\u00e9duire la gauche\u2026 rejet\u00e9e \u00e0 droite<\/p>\n<p class=\" wall-content\">La promesse \u00ab\u00a0sociale\u00a0\u00bb de l\u2019ex-patron de l\u2019OL s\u2019inscrit en tout cas dans la ligne des partis les plus \u00e0 gauche dans le paysage. Nathalie Perrin-Gilbert, candidate ind\u00e9pendante ou encore LFI et le PCF d\u00e9fendent la gratuit\u00e9 des TCL. Un moyen pour \u00ab\u00a0JMA\u00a0\u00bb de s\u00e9duire un \u00e9lectorat plus \u00e0 gauche.<\/p>\n<p class=\" wall-content\">Mais ses propres alli\u00e9s ne sont pas emball\u00e9s voire oppos\u00e9s. Pierre Oliver, <a href=\"https:\/\/actu.fr\/auvergne-rhone-alpes\/lyon_69123\/exclusif-lyon-la-gratuite-des-tcl-n-est-pas-la-priorite-selon-veronique-sarselli-lr_62753818.html\" target=\"_blank\" rel=\"noopener\">V\u00e9ronique Sarselli<\/a> ou encore B\u00e9atrice de Montille sont franchement contre un syst\u00e8me de gratuit\u00e9 ou estiment que ce n\u2019est pas prioritaire. \u00ab\u00a0Interrogez un mec de Renaissance ou du centre sur ce sujet, pas un pour la d\u00e9fendre\u00a0\u00bb, s\u2019amuse un strat\u00e8ge \u00e9cologiste.\u00a0<\/p>\n<p class=\" wall-content\">Du c\u00f4t\u00e9 de l\u2019\u00e9quipe Aulas, on \u00e9vacue la question en estimant que les alliances sign\u00e9es apr\u00e8s l\u2019annonce de la gratuit\u00e9 des TCL met fin au sujet. \u00ab\u00a0Nos alli\u00e9s ont compris que cette mesure tient \u00e0 c\u0153ur \u00e0 Jean-Michel Aulas et qu\u2019on prend tout le programme quand on fait une alliance\u00a0\u00bb, glisse-t-on.<\/p>\n<p class=\" wall-content\">Reste aussi \u00e0 signer une \u00ab\u00a0convention\u00a0\u00bb avec le Sytral, un pari loin d\u2019\u00eatre gagn\u00e9. Mais le candidat compte bien peser \u00e0 la M\u00e9tropole pour faire basculer la n\u00e9gociation en sa faveur. Un indispensable pour assurer un avenir \u00e0 sa mesure de gratuit\u00e9 des transports.<\/p>\n<p class=\" wall-content\">Personnalisez votre actualit\u00e9 en ajoutant vos villes et m\u00e9dias en favori avec <a href=\"https:\/\/moncompte.actu.fr\" title=\"D\u00e9couvez Mon Actu\" rel=\"nofollow noopener\" data-trk=\"{&quot;cta&quot;:{&quot;action&quot;:&quot;https:\\\/\\\/moncompte.actu.fr&quot;,&quot;category&quot;:&quot;mon compte&quot;,&quot;from&quot;:&quot;article footer&quot;,&quot;name&quot;:&quot;Mon actu&quot;,&quot;type&quot;:&quot;cta&quot;}}\" target=\"_blank\">Mon Actu<\/a>.<\/p>\n","protected":false},"excerpt":{"rendered":"Par Nicolas Zaugra Publi\u00e9 le 23 oct. 2025 \u00e0 6h02 C\u2019est la mesure phare du d\u00e9but de campagne&hellip;\n","protected":false},"author":2,"featured_media":18357,"comment_status":"","ping_status":"","sticky":false,"template":"","format":"standard","meta":{"footnotes":""},"categories":[1889],"tags":[1111,11,2430,4188,1777,674,1011,27,5227,2428,3434,12,316,25,5787],"class_list":{"0":"post-483511","1":"post","2":"type-post","3":"status-publish","4":"format-standard","5":"has-post-thumbnail","7":"category-lyon","8":"tag-actu","9":"tag-actualites","10":"tag-auvergne-rhone-alpes","11":"tag-elections-municipales","12":"tag-eu","13":"tag-europe","14":"tag-fr","15":"tag-france","16":"tag-jean-michel-aulas","17":"tag-lyon","18":"tag-municipales-2026","19":"tag-news","20":"tag-politique","21":"tag-republique-francaise","22":"tag-transports-en-commun-lyonnais-tcl"},"share_on_mastodon":{"url":"https:\/\/pubeurope.com\/@fr\/115421581928211280","error":""},"_links":{"self":[{"href":"https:\/\/www.europesays.com\/fr\/wp-json\/wp\/v2\/posts\/483511","targetHints":{"allow":["GET"]}}],"collection":[{"href":"https:\/\/www.europesays.com\/fr\/wp-json\/wp\/v2\/posts"}],"about":[{"href":"https:\/\/www.europesays.com\/fr\/wp-json\/wp\/v2\/types\/post"}],"author":[{"embeddable":true,"href":"https:\/\/www.europesays.com\/fr\/wp-json\/wp\/v2\/users\/2"}],"replies":[{"embeddable":true,"href":"https:\/\/www.europesays.com\/fr\/wp-json\/wp\/v2\/comments?post=483511"}],"version-history":[{"count":0,"href":"https:\/\/www.europesays.com\/fr\/wp-json\/wp\/v2\/posts\/483511\/revisions"}],"wp:featuredmedia":[{"embeddable":true,"href":"https:\/\/www.europesays.com\/fr\/wp-json\/wp\/v2\/media\/18357"}],"wp:attachment":[{"href":"https:\/\/www.europesays.com\/fr\/wp-json\/wp\/v2\/media?parent=483511"}],"wp:term":[{"taxonomy":"category","embeddable":true,"href":"https:\/\/www.europesays.com\/fr\/wp-json\/wp\/v2\/categories?post=483511"},{"taxonomy":"post_tag","embeddable":true,"href":"https:\/\/www.europesays.com\/fr\/wp-json\/wp\/v2\/tags?post=483511"}],"curies":[{"name":"wp","href":"https:\/\/api.w.org\/{rel}","templated":true}]}}