{"id":483512,"date":"2025-10-23T04:25:18","date_gmt":"2025-10-23T04:25:18","guid":{"rendered":"https:\/\/www.europesays.com\/fr\/483512\/"},"modified":"2025-10-23T04:25:18","modified_gmt":"2025-10-23T04:25:18","slug":"lyon-faute-de-terrain-adapte-les-forains-du-luna-park-menacent-dune-operation-escargot-en-pleine-fete-des-lumieres","status":"publish","type":"post","link":"https:\/\/www.europesays.com\/fr\/483512\/","title":{"rendered":"Lyon. Faute de terrain adapt\u00e9, les forains du Luna Park menacent d\u2019une op\u00e9ration escargot en pleine F\u00eate des Lumi\u00e8res"},"content":{"rendered":"<p>\u00ab\u00a0Mon grand-oncle, Lucien Moreau, avait cr\u00e9\u00e9 le Luna Park de Lyon en 1974. Il a fait un peu tous les arrondissements car la ville \u00e9volue au rythme des am\u00e9nagements et constructions. Depuis 1999, il \u00e9tait sur un terrain situ\u00e9 \u00e0 la Confluence\u00a0\u00bb, raconte Brett Borne, forain et membre du Comit\u00e9 du Luna Park de Lyon.<\/p>\n<p>Cette vogue \u2013 propos\u00e9e en hiver et au printemps \u2013 s\u2019affiche comme une v\u00e9ritable tradition ancr\u00e9e dans les habitudes lyonnaises. Mais aujourd\u2019hui, les forains ne savent pas o\u00f9 ils pourront s\u2019installer pour la prochaine \u00e9dition pr\u00e9vue de d\u00e9cembre \u00e0 f\u00e9vrier. Le comit\u00e9 travaille avec des syndicats de forains et participe \u00e0 des r\u00e9unions avec la Ville. \u00ab\u00a0On a longtemps discut\u00e9 avec la municipalit\u00e9, avec confiance, mais aucune proposition n\u2019a abouti \u00e0 une&#8230;<\/p>\n","protected":false},"excerpt":{"rendered":"\u00ab\u00a0Mon grand-oncle, Lucien Moreau, avait cr\u00e9\u00e9 le Luna Park de Lyon en 1974. Il a fait un peu&hellip;\n","protected":false},"author":2,"featured_media":483513,"comment_status":"","ping_status":"","sticky":false,"template":"","format":"standard","meta":{"footnotes":""},"categories":[1889],"tags":[1111,11,2430,1687,2757,1777,674,107,1685,1011,27,2428,7789,2801,12,25,2429,3151],"class_list":{"0":"post-483512","1":"post","2":"type-post","3":"status-publish","4":"format-standard","5":"has-post-thumbnail","7":"category-lyon","8":"tag-actu","9":"tag-actualites","10":"tag-auvergne-rhone-alpes","11":"tag-culture-loisirs","12":"tag-edition-lyon-villeurbanne","13":"tag-eu","14":"tag-europe","15":"tag-fil-info","16":"tag-foire-et-salon","17":"tag-fr","18":"tag-france","19":"tag-lyon","20":"tag-lyon-1er","21":"tag-lyon-1er-arrondissement","22":"tag-news","23":"tag-republique-francaise","24":"tag-rhone","25":"tag-selection-de-la-redaction-69"},"share_on_mastodon":{"url":"https:\/\/pubeurope.com\/@fr\/115421585273983063","error":""},"_links":{"self":[{"href":"https:\/\/www.europesays.com\/fr\/wp-json\/wp\/v2\/posts\/483512","targetHints":{"allow":["GET"]}}],"collection":[{"href":"https:\/\/www.europesays.com\/fr\/wp-json\/wp\/v2\/posts"}],"about":[{"href":"https:\/\/www.europesays.com\/fr\/wp-json\/wp\/v2\/types\/post"}],"author":[{"embeddable":true,"href":"https:\/\/www.europesays.com\/fr\/wp-json\/wp\/v2\/users\/2"}],"replies":[{"embeddable":true,"href":"https:\/\/www.europesays.com\/fr\/wp-json\/wp\/v2\/comments?post=483512"}],"version-history":[{"count":0,"href":"https:\/\/www.europesays.com\/fr\/wp-json\/wp\/v2\/posts\/483512\/revisions"}],"wp:featuredmedia":[{"embeddable":true,"href":"https:\/\/www.europesays.com\/fr\/wp-json\/wp\/v2\/media\/483513"}],"wp:attachment":[{"href":"https:\/\/www.europesays.com\/fr\/wp-json\/wp\/v2\/media?parent=483512"}],"wp:term":[{"taxonomy":"category","embeddable":true,"href":"https:\/\/www.europesays.com\/fr\/wp-json\/wp\/v2\/categories?post=483512"},{"taxonomy":"post_tag","embeddable":true,"href":"https:\/\/www.europesays.com\/fr\/wp-json\/wp\/v2\/tags?post=483512"}],"curies":[{"name":"wp","href":"https:\/\/api.w.org\/{rel}","templated":true}]}}