{"id":483519,"date":"2025-10-23T04:30:30","date_gmt":"2025-10-23T04:30:30","guid":{"rendered":"https:\/\/www.europesays.com\/fr\/483519\/"},"modified":"2025-10-23T04:30:30","modified_gmt":"2025-10-23T04:30:30","slug":"une-grosse-tete-de-rat-qui-sort-rongeurs-cafards-le-cauchemar-des-locataires-dune-residence-etudiante-a-paris","status":"publish","type":"post","link":"https:\/\/www.europesays.com\/fr\/483519\/","title":{"rendered":"\u00ab\u00a0Une grosse t\u00eate de rat qui sort\u00a0\u00bb\u00a0: rongeurs, cafards\u2026 Le cauchemar des locataires d\u2019une r\u00e9sidence \u00e9tudiante \u00e0 Paris"},"content":{"rendered":"<p class=\"paragraph text_align_left lp-f-body-02\">Trois heures du matin, Anis (le pr\u00e9nom a \u00e9t\u00e9 modifi\u00e9) se<a href=\"https:\/\/www.leparisien.fr\/essonne-91\/dans-lessonne-cette-locataire-ne-dort-plus-a-cause-des-rats-je-les-entends-au-dessus-du-plafond-05-03-2024-OPQ6KRE3BJF6NBXZG63TWOCI2A.php\" target=\"_self\" rel=\"nofollow noopener\"> r\u00e9veille brutalement<\/a>, il entend comme un grattement dans la pi\u00e8ce. \u00ab Trois jours avant, j\u2019avais d\u00e9j\u00e0 entendu des bruits bizarres dans la cuisine \u00bb, rembobine le jeune homme. Il se l\u00e8ve et s\u2019\u00e9claire avec son t\u00e9l\u00e9phone pour voir dans l\u2019obscurit\u00e9. \u00ab Je me disais que c\u2019\u00e9tait s\u00fbrement un tuyau qui d\u00e9connait\u2026 \u00bb<\/p>\n<p class=\"paragraph text_align_left lp-f-body-02\">Il avance pr\u00e8s de son petit r\u00e9frig\u00e9rateur, le d\u00e9cale et aper\u00e7oit\u2026 une queue qui sort de son mur. S\u00fbrement un fil \u00e9lectrique, esp\u00e8re-t-il toujours. Sauf que la queue se met \u00e0 bouger. Le jeune travailleur \u00e2g\u00e9 de 25 ans allume la lumi\u00e8re et grimpe imm\u00e9diatement sur son lit. \u00ab L\u00e0, je vois une grosse t\u00eate de <a href=\"https:\/\/www.leparisien.fr\/faits-divers\/il-fait-presque-la-taille-dun-petit-chat-un-rat-de-plus-de-56-centimetres-de-long-retrouve-dans-une-maison-au-royaume-uni-04-08-2025-YQLCFUHXHNGEJEC7GUASX2BNHM.php\" target=\"_self\" rel=\"nofollow noopener\">rat<\/a> qui sort. Je me souviens encore de sa fourrure. \u00bb<\/p>\n","protected":false},"excerpt":{"rendered":"Trois heures du matin, Anis (le pr\u00e9nom a \u00e9t\u00e9 modifi\u00e9) se r\u00e9veille brutalement, il entend comme un grattement&hellip;\n","protected":false},"author":2,"featured_media":483520,"comment_status":"","ping_status":"","sticky":false,"template":"","format":"standard","meta":{"footnotes":""},"categories":[1888],"tags":[11,1777,674,1011,27,1944,12,626,25],"class_list":{"0":"post-483519","1":"post","2":"type-post","3":"status-publish","4":"format-standard","5":"has-post-thumbnail","7":"category-paris","8":"tag-actualites","9":"tag-eu","10":"tag-europe","11":"tag-fr","12":"tag-france","13":"tag-ma-ville","14":"tag-news","15":"tag-paris","16":"tag-republique-francaise"},"share_on_mastodon":{"url":"https:\/\/pubeurope.com\/@fr\/115421604978914485","error":""},"_links":{"self":[{"href":"https:\/\/www.europesays.com\/fr\/wp-json\/wp\/v2\/posts\/483519","targetHints":{"allow":["GET"]}}],"collection":[{"href":"https:\/\/www.europesays.com\/fr\/wp-json\/wp\/v2\/posts"}],"about":[{"href":"https:\/\/www.europesays.com\/fr\/wp-json\/wp\/v2\/types\/post"}],"author":[{"embeddable":true,"href":"https:\/\/www.europesays.com\/fr\/wp-json\/wp\/v2\/users\/2"}],"replies":[{"embeddable":true,"href":"https:\/\/www.europesays.com\/fr\/wp-json\/wp\/v2\/comments?post=483519"}],"version-history":[{"count":0,"href":"https:\/\/www.europesays.com\/fr\/wp-json\/wp\/v2\/posts\/483519\/revisions"}],"wp:featuredmedia":[{"embeddable":true,"href":"https:\/\/www.europesays.com\/fr\/wp-json\/wp\/v2\/media\/483520"}],"wp:attachment":[{"href":"https:\/\/www.europesays.com\/fr\/wp-json\/wp\/v2\/media?parent=483519"}],"wp:term":[{"taxonomy":"category","embeddable":true,"href":"https:\/\/www.europesays.com\/fr\/wp-json\/wp\/v2\/categories?post=483519"},{"taxonomy":"post_tag","embeddable":true,"href":"https:\/\/www.europesays.com\/fr\/wp-json\/wp\/v2\/tags?post=483519"}],"curies":[{"name":"wp","href":"https:\/\/api.w.org\/{rel}","templated":true}]}}