{"id":48354,"date":"2025-04-24T05:15:22","date_gmt":"2025-04-24T05:15:22","guid":{"rendered":"https:\/\/www.europesays.com\/fr\/48354\/"},"modified":"2025-04-24T05:15:22","modified_gmt":"2025-04-24T05:15:22","slug":"strasbourg-marche-radicale-et-transpedegouine-samedi","status":"publish","type":"post","link":"https:\/\/www.europesays.com\/fr\/48354\/","title":{"rendered":"Strasbourg. Marche \u00ab\u00a0radicale et TransP\u00e9d\u00e9Gouine\u00a0\u00bb samedi"},"content":{"rendered":"<p class=\"wp-block-post-excerpt__excerpt\">Samedi 26 avril, douze collectifs de Strasbourg appellent \u00e0 une marche radicale et \u00ab\u00a0TransP\u00e9d\u00e9Gouine\u00a0\u00bb \u00e0 l\u2019occasion de la Journ\u00e9e internationale de la visibilit\u00e9 lesbienne. <\/p>\n<p class=\"font-sans\">\n\t\t\tCet article est en acc\u00e8s libre. Pour soutenir Rue89 Strasbourg,<br \/>\n\t\t\t<a class=\"underline\" href=\"https:\/\/www.rue89strasbourg.com\/abonnement\" target=\"_blank\" rel=\"noopener\">abonnez-vous<\/a>.\n\t\t<\/p>\n<p>Lucie Porquet<\/p>\n<p>Publi\u00e9 le 24 avril 2025\u00a0\u00a0\u00b7\u00a0\u00a0<\/p>\n<p>Imprim\u00e9 le 24 avril 2025 \u00e0 07h08\u00a0\u00a0\u00b7\u00a0\u00a0<\/p>\n<p>\t\t\t\t\t1\u00a0minute\n<\/p>\n<p>L\u2019\u00e9v\u00e9nement est port\u00e9 par les collectifs <a href=\"https:\/\/www.instagram.com\/collectif_ascendant_butch\/\" target=\"_blank\" rel=\"noopener\">Ascendant Butch<\/a>, l\u2019<a href=\"https:\/\/www.instagram.com\/ost_strasbourg\/\" target=\"_blank\" rel=\"noopener\">Organisation de la solidarit\u00e9 trans<\/a> (OST) le <a href=\"https:\/\/www.instagram.com\/fag.strasbourg\/?locale=uken1&amp;hl=am-et\" target=\"_blank\" rel=\"noopener\">Front d\u2019action gay de Strasbourg <\/a>(FAGs) et le <a href=\"https:\/\/www.instagram.com\/femigouinfest\/\" target=\"_blank\" rel=\"noopener\">F\u00e9miGouin\u2019Fest<\/a>. Cette marche est ouverte \u00e0 toutes les personnes, quel que soit leur genre ou leur orientation sexuelle, selon un communiqu\u00e9 publi\u00e9 sur les r\u00e9seaux sociaux. L\u2019objectif de cette manifestation est de rendre visibles les lesbiennes de Strasbourg dans l\u2019espace public.<\/p>\n<p>\t\t\u00ab\u00a0Aller au-del\u00e0 de nos diff\u00e9rences\u00a0\u00bb<\/p>\n<p>Ascendant Butch estime que les organisations LGBT existantes ne placent pas assez la politique au centre de leurs combats. L\u2019\u00e9v\u00e9nement de samedi est donc une \u00ab\u00a0marche politis\u00e9e\u00a0\u00bb, plus revendicatrice que les pride.<\/p>\n<p>Les lesbiennes d\u2019Ascendant Butch demandent une \u00e9galit\u00e9 de traitement et la fin des discriminations dont elles sont victimes. Le collectif met \u00e9galement en avant les lesbiennes transgenres, particuli\u00e8rement agress\u00e9es par des propos ou des gestes dans l\u2019espace public.<\/p>\n<p>Julie Picard, membre du collectif et pr\u00e9sidente du F\u00e9miGouin\u2019Fest, explique : <\/p>\n<blockquote class=\"wp-block-quote is-layout-flow wp-block-quote-is-layout-flow\">\n<p>\u00ab\u00a0On veut mettre au centre de la d\u00e9marche les droits de toutes les lesbiennes, des meufs trans, et aussi des mecs trans. On veut aller au-del\u00e0 de nos diff\u00e9rences, montrer que nos luttes sont intersectionnelles.\u00a0\u00bb<\/p>\n<\/blockquote>\n<p><img loading=\"lazy\" decoding=\"async\" width=\"792\" height=\"528\" src=\"https:\/\/www.europesays.com\/fr\/wp-content\/uploads\/2025\/04\/charlenehfr-07106-792x528.jpg\" alt=\"\" class=\"wp-image-341149\"  \/> Cr\u00e9dits : Ascendant Butch<\/p>\n<p>En 2024, les organisatrices de la marche pour la visibilit\u00e9 lesbienne avaient choisi d\u2019en exclure les hommes, ce qui avait soulev\u00e9 des questionnements de la part de militants et militantes.<\/p>\n<p>Le m\u00eame jour \u00e0 18h, les collectifs ont \u00e9galement organis\u00e9 un ap\u00e9ro d\u2019apr\u00e8s marche au Karmen Camina, avec des tartes flamb\u00e9es, une tombola et un concours de bras de fer jusqu\u2019\u00e0 22h. \u00c0 partir de 23h et jusqu\u2019\u00e0 6h30, six DJ sets se relaieront avec notamment trois artistes strasbourgeoises : Veine, Kina Taimani et Pup\u00e6200.<\/p>\n<p>Y <strong>aller<\/strong><\/p>\n<p><strong>Marche \u00ab\u00a0radicale et TPG\u00a0\u00bb pour la visibilit\u00e9 lesbienne<\/strong>, samedi 26 avril, d\u00e9part \u00e0 14h place Kl\u00e9ber \u00e0 Strasbourg \u2013 centre-ville.<\/p>\n<p><strong>Ap\u00e9ro post-marche<\/strong>, samedi 26 avril \u00e0 18h, au Karmen Camina, 4 cour des Cigari\u00e8res \u00e0 Strasbourg \u2013 Krutenau. <\/p>\n<p><script async src=\"\/\/www.instagram.com\/embed.js\"><\/script><\/p>\n","protected":false},"excerpt":{"rendered":"Samedi 26 avril, douze collectifs de Strasbourg appellent \u00e0 une marche radicale et \u00ab\u00a0TransP\u00e9d\u00e9Gouine\u00a0\u00bb \u00e0 l\u2019occasion de la&hellip;\n","protected":false},"author":2,"featured_media":48355,"comment_status":"","ping_status":"","sticky":false,"template":"","format":"standard","meta":{"footnotes":""},"categories":[2820],"tags":[1111,11,1777,674,1011,27,775,9087,2088,12,25,640],"class_list":{"0":"post-48354","1":"post","2":"type-post","3":"status-publish","4":"format-standard","5":"has-post-thumbnail","7":"category-strasbourg","8":"tag-actu","9":"tag-actualites","10":"tag-eu","11":"tag-europe","12":"tag-fr","13":"tag-france","14":"tag-grand-est","15":"tag-lgbt","16":"tag-manifestation","17":"tag-news","18":"tag-republique-francaise","19":"tag-strasbourg"},"share_on_mastodon":{"url":"https:\/\/pubeurope.com\/@fr\/114391241438200219","error":""},"_links":{"self":[{"href":"https:\/\/www.europesays.com\/fr\/wp-json\/wp\/v2\/posts\/48354","targetHints":{"allow":["GET"]}}],"collection":[{"href":"https:\/\/www.europesays.com\/fr\/wp-json\/wp\/v2\/posts"}],"about":[{"href":"https:\/\/www.europesays.com\/fr\/wp-json\/wp\/v2\/types\/post"}],"author":[{"embeddable":true,"href":"https:\/\/www.europesays.com\/fr\/wp-json\/wp\/v2\/users\/2"}],"replies":[{"embeddable":true,"href":"https:\/\/www.europesays.com\/fr\/wp-json\/wp\/v2\/comments?post=48354"}],"version-history":[{"count":0,"href":"https:\/\/www.europesays.com\/fr\/wp-json\/wp\/v2\/posts\/48354\/revisions"}],"wp:featuredmedia":[{"embeddable":true,"href":"https:\/\/www.europesays.com\/fr\/wp-json\/wp\/v2\/media\/48355"}],"wp:attachment":[{"href":"https:\/\/www.europesays.com\/fr\/wp-json\/wp\/v2\/media?parent=48354"}],"wp:term":[{"taxonomy":"category","embeddable":true,"href":"https:\/\/www.europesays.com\/fr\/wp-json\/wp\/v2\/categories?post=48354"},{"taxonomy":"post_tag","embeddable":true,"href":"https:\/\/www.europesays.com\/fr\/wp-json\/wp\/v2\/tags?post=48354"}],"curies":[{"name":"wp","href":"https:\/\/api.w.org\/{rel}","templated":true}]}}