{"id":483542,"date":"2025-10-23T04:45:18","date_gmt":"2025-10-23T04:45:18","guid":{"rendered":"https:\/\/www.europesays.com\/fr\/483542\/"},"modified":"2025-10-23T04:45:18","modified_gmt":"2025-10-23T04:45:18","slug":"resultat-felix-auger-aliassime-gabriel-diallo-atp-500-bale-premier-tour-mercredi-22-octobre-2025-lequipe","status":"publish","type":"post","link":"https:\/\/www.europesays.com\/fr\/483542\/","title":{"rendered":"R\u00e9sultat : F\u00e9lix Auger-Aliassime &#8211; Gabriel Diallo, ATP 500, B\u00e2le, Premier tour, Mercredi 22 octobre 2025 &#8211; L&#039;\u00c9quipe"},"content":{"rendered":"<ol>\n<li><a href=\"https:\/\/news.google.com\/rss\/articles\/CBMizAFBVV95cUxNMHU4MFB3cVlrYnduTFcxWU1xVVE3d19yaHgzYXFIaEFRZkctb1RrT2VyNnU1R1hZdk9oQkpEeFlNWTVRSy1JMkRJem82QXBQRzZfRXh5czIzV3Q1NFZib04zRFB1QmdCTkFieGp1OWt2V3ZzbVJ1VDJSTHlENUhoRlctLWx5d1QxUmg3NHIyaXE3UjI1N1hURWdEeHJOTHVCQ2hnaEJJWWotRVFRUHU2YzZXR05hV1FJaTFieEZnUUdZYXZCeGdhN1pLdWU?oc=5\" target=\"_blank\" rel=\"nofollow noopener\">R\u00e9sultat : F\u00e9lix Auger-Aliassime &#8211; Gabriel Diallo, ATP 500, B\u00e2le, Premier tour, Mercredi 22 octobre 2025<\/a>&nbsp;&nbsp;L&rsquo;\u00c9quipe<\/li>\n<li><a href=\"https:\/\/news.google.com\/rss\/articles\/CBMiyAFBVV95cUxNUHo1UmNFR3Atd1M3TU9OUDRINTliWF9HQkk4aTF4dVM5SUpuY21hR0tsTWR4aTJBQkI4dW12T0NsTWZ0aVVLNjN6NXBDc2U3QWExR3RJaTRSYm56S2sxd2xLaDM4eUZ5VU9KMGNQMGlwejJMdEVtVTFteEw5M182azFLMm9MTk9RTUZZZXZ1T2VZOUlyNUJER3J0T1RBVFpJNVJpVzlKakNocXFSWWhzRjdUTzRsYWJMeTZPWVN6RUxGb1EzUHQzNw?oc=5\" target=\"_blank\" rel=\"nofollow noopener\">F\u00e9lix Auger-Aliassime &#8211; Marin Cilic, ATP 500, B\u00e2le, Deuxi\u00e8me tour, Jeudi 23 octobre 2025<\/a>&nbsp;&nbsp;L&rsquo;\u00c9quipe<\/li>\n<li><a href=\"https:\/\/news.google.com\/rss\/articles\/CBMiuAFBVV95cUxOYWpNcFIxenFZTEVfZW9oZXRZOC1TR3NJVHlfeXZZMDM3Q0U2eFdwOEQ1NC1lOWVETTZmWDE5UGZKLXZpYldfVjhRR2pPV0RoNlZSQjJzdUxzV0hORkNKQ3pxN3IyRnBRcjVuYnNlcEpBcUR6Y2ZqSy1ubFQteTBZTDJ4cy0tY1hGZUN0dWdCWGdXckxSQjlSYUt3Z3Z0NGxHQ04tUC1DQ0k4V2Jyd1pMTThXeDBBcUQx?oc=5\" target=\"_blank\" rel=\"nofollow noopener\">B\u00e2le &#8211; Augier-Aliassime encha\u00eene apr\u00e8s son titre \u00e0 Bruxelles<\/a>&nbsp;&nbsp;Sports &#8211; Orange<\/li>\n<li><a href=\"https:\/\/news.google.com\/rss\/articles\/CBMijAFBVV95cUxPQnZ4VzVXS1JkMTkwU1p3cUlqRTVuenVmMWlGN3VhZndHcUplam5PZXVfN1hlY1ZTY3pqdzFoQWpzUDBrLThoeC1tM3BRRnlYRTJHejB3UGotdkdsVEJ1bkgwRWp1NVZSNjRlRjAyMlVfYmM3bjgyelhtaXAxeDIzeXFDY1NVQmJMTWFSRw?oc=5\" target=\"_blank\" rel=\"nofollow noopener\">Pronostic Felix Auger Aliassime &#8211; Gabriel Diallo, ATP B\u00e2le<\/a>&nbsp;&nbsp;SportyTrader<\/li>\n<li><a href=\"https:\/\/news.google.com\/rss\/articles\/CBMixwFBVV95cUxPeE1PcmxnalF1c2V6czFiQjliSk41UjZOSWJydEN2aml5SXlFeXJoRUFzYmp3RzlGSUN1bUhSMHFtZGRsTFJJdVZNQl9keTRzUGdTMk1mODJ5VW1iYlR5cndOUlczSHI5Zkc3MmZnODlZTHdGNWJUSlQzV2tQeVI1SmNVR1A3VGF0eFBzSVhnQXJSMTBZM04xaFA1dGhxN1VYc2VwcXN5R3Q0b2VMb29OSzVhTlRCTTc2a1ljTGhucDluS0Y3YUxJ?oc=5\" target=\"_blank\" rel=\"nofollow noopener\">Auger-Aliassime remporte un duel fratricide contre Diallo<\/a>&nbsp;&nbsp;Le Soleil<\/li>\n<\/ol>\n","protected":false},"excerpt":{"rendered":"R\u00e9sultat : F\u00e9lix Auger-Aliassime &#8211; Gabriel Diallo, ATP 500, B\u00e2le, Premier tour, Mercredi 22 octobre 2025&nbsp;&nbsp;L&rsquo;\u00c9quipe F\u00e9lix Auger-Aliassime&hellip;\n","protected":false},"author":2,"featured_media":1983,"comment_status":"","ping_status":"","sticky":false,"template":"","format":"standard","meta":{"footnotes":""},"categories":[1415],"tags":[1011,27,60,1467],"class_list":{"0":"post-483542","1":"post","2":"type-post","3":"status-publish","4":"format-standard","5":"has-post-thumbnail","7":"category-tennis","8":"tag-fr","9":"tag-france","10":"tag-sports","11":"tag-tennis"},"share_on_mastodon":{"url":"https:\/\/pubeurope.com\/@fr\/115421663961074551","error":""},"_links":{"self":[{"href":"https:\/\/www.europesays.com\/fr\/wp-json\/wp\/v2\/posts\/483542","targetHints":{"allow":["GET"]}}],"collection":[{"href":"https:\/\/www.europesays.com\/fr\/wp-json\/wp\/v2\/posts"}],"about":[{"href":"https:\/\/www.europesays.com\/fr\/wp-json\/wp\/v2\/types\/post"}],"author":[{"embeddable":true,"href":"https:\/\/www.europesays.com\/fr\/wp-json\/wp\/v2\/users\/2"}],"replies":[{"embeddable":true,"href":"https:\/\/www.europesays.com\/fr\/wp-json\/wp\/v2\/comments?post=483542"}],"version-history":[{"count":0,"href":"https:\/\/www.europesays.com\/fr\/wp-json\/wp\/v2\/posts\/483542\/revisions"}],"wp:featuredmedia":[{"embeddable":true,"href":"https:\/\/www.europesays.com\/fr\/wp-json\/wp\/v2\/media\/1983"}],"wp:attachment":[{"href":"https:\/\/www.europesays.com\/fr\/wp-json\/wp\/v2\/media?parent=483542"}],"wp:term":[{"taxonomy":"category","embeddable":true,"href":"https:\/\/www.europesays.com\/fr\/wp-json\/wp\/v2\/categories?post=483542"},{"taxonomy":"post_tag","embeddable":true,"href":"https:\/\/www.europesays.com\/fr\/wp-json\/wp\/v2\/tags?post=483542"}],"curies":[{"name":"wp","href":"https:\/\/api.w.org\/{rel}","templated":true}]}}