{"id":483555,"date":"2025-10-23T04:53:10","date_gmt":"2025-10-23T04:53:10","guid":{"rendered":"https:\/\/www.europesays.com\/fr\/483555\/"},"modified":"2025-10-23T04:53:10","modified_gmt":"2025-10-23T04:53:10","slug":"quand-legende-rime-avec-realite-le-suricate","status":"publish","type":"post","link":"https:\/\/www.europesays.com\/fr\/483555\/","title":{"rendered":"quand l\u00e9gende rime avec r\u00e9alit\u00e9 \u2022 Le Suricate"},"content":{"rendered":"<p class=\"has-text-align-center has-white-color has-text-color has-background has-link-color wp-elements-fd97f60ab4cf155536ade5404e39e590\" style=\"background-color:#ff7f00\">Titre\u00a0: <strong><a href=\"https:\/\/www.lisez.com\/livres\/nous-dominions-le-monde\/9782266325417\" target=\"_blank\" rel=\"noopener\">Nous dominions le monde<\/a><\/strong><br \/>Auteur.ice : <strong>Vincent Villeminot<\/strong><br \/>Editions\u00a0:<strong> Pocket Jeunesse<\/strong><br \/>Date de parution\u00a0: <strong>11 septembre 2025<\/strong><br \/>Genre du livre\u00a0:<strong> Roman adolescent<\/strong><\/p>\n<p>Vincent Villeminot n\u2019est pas un auteur que l\u2019on enferme dans une case. Journaliste, \u00e9crivain, touche-\u00e0-tout narratif, il navigue avec aisance entre thrillers haletants et r\u00e9cits jeunesse. Avec Nous dominions le monde, il s\u2019adresse aux adolescents, mais sans jamais les prendre \u00e0 la l\u00e9g\u00e8re. Il leur offre un roman dense, ambitieux, qui m\u00eale r\u00e9cit contemporain, thriller d\u2019urgence et mythologie r\u00e9invent\u00e9e.<\/p>\n<p>Tacha est une adolescente qui, depuis toujours, parcourt le globe avec son p\u00e8re. Pas d\u2019attaches, peu d\u2019interactions sociales, un cercle familial r\u00e9duit \u00e0 deux. Son p\u00e8re lui a toujours sembl\u00e9 traqu\u00e9, hant\u00e9 par des fant\u00f4mes.<\/p>\n<p>Mais cette derni\u00e8re escale en Gr\u00e8ce devait marquer un tournant. Il lui a promis qu\u2019\u00e0 son prochain anniversaire, il lui r\u00e9v\u00e9lerait enfin la v\u00e9rit\u00e9 sur ses origines. Jusqu\u2019ici, elle n\u2019a eu droit qu\u2019\u00e0 des r\u00e9ponses vagues, des r\u00e9cits antiques et fantastiques murmur\u00e9s avant de s\u2019endormir. La communication n\u2019a jamais \u00e9t\u00e9 son fort, mais Tacha esp\u00e8re enfin comprendre pourquoi ils ont toujours fui, chang\u00e9 d\u2019identit\u00e9, pourquoi il lui a appris \u00e0 chasser, \u00e0 tirer, \u00e0 survivre.<\/p>\n<p>Le soleil grec semble apaiser son p\u00e8re. Il rit, il sourit. Comme s\u2019il \u00e9tait enfin rentr\u00e9 chez lui. Mais un soir, tout bascule. Tacha est r\u00e9veill\u00e9e en pleine nuit, dans le chaos. Son p\u00e8re lui annonce qu\u2019ils ont \u00e9t\u00e9 retrouv\u00e9s (mais par qui\u00a0?!). Elle doit fuir, ne pas se retourner. Il a pi\u00e9g\u00e9 la maison. Un sac l\u2019attend dans la cave, avec un carnet : dedans, toute la v\u00e9rit\u00e9. Il lui demande pardon\u2026 et s\u2019en va, armes \u00e0 la main.<\/p>\n<p>Une qu\u00eate identitaire au c\u0153ur d\u2019un monde violent<\/p>\n<p>Ce roman, c\u2019est d\u2019abord une fuite. Puis une qu\u00eate. Celle de Tacha, qui d\u00e9couvre peu \u00e0 peu que son p\u00e8re appartient \u00e0 un peuple ancien : les Ifs. Des \u00eatres que les Hommes ont toujours nomm\u00e9s nymphes, dryades, f\u00e9es, cr\u00e9atures des bois\u2026 Sauf que la Race, comme ils se nomment, existe bel et bien. Elle tente de survivre dans un monde de plus en plus peupl\u00e9 d\u2019hommes arm\u00e9s, destructeurs.<\/p>\n<p>Mais les Ifs ne sont pas seuls. Depuis la nuit des temps, ils sont traqu\u00e9s par les Chasseurs \u2014 des moines qui les consid\u00e8rent comme des d\u00e9mons. Un cercle s\u00e9culaire vou\u00e9 \u00e0 leur extermination.<\/p>\n<p>Face \u00e0 ce pass\u00e9, Tacha vacille. Elle cherche des r\u00e9ponses. Si elle a un p\u00e8re, elle a aussi une m\u00e8re. Est-elle humaine ? If ? Si elle est de la Race, alors elle est immortelle. Mais \u00e0 quel prix ?<\/p>\n<p>Une mythologie r\u00e9invent\u00e9e pour \u00e9pop\u00e9e adolescente<\/p>\n<p>Nous dominions le monde p\u00e8se son poids \u2014 plus de 900 pages. Le r\u00e9cit est dense, le worldbuilding s\u2019installe avec lenteur mais pr\u00e9cision. On glisse d\u2019un thriller \u00e0 un roman fantastique aux accents de mythologie grecque, et c\u2019est r\u00e9jouissant de constater qu\u2019un roman Young Adult peut se permettre l\u2019ambition sans c\u00e9der aux facilit\u00e9s : pas de romance pr\u00e9cipit\u00e9e, ni d\u2019intrigue b\u00e2cl\u00e9e.<\/p>\n<p>Et si l\u2019on ne peut d\u00e9cemment juger un livre \u00e0 sa couverture, un lecteur attentif peut, \u00e0 travers les mots, entrevoir le portrait de son auteur. Ce roman dit de Vincent Villeminot qu\u2019il est un \u00e9crivain passionn\u00e9, exigeant, amoureux des r\u00e9cits bien construits, des personnages minutieusement fa\u00e7onn\u00e9s, des l\u00e9gendes qui r\u00e9sonnent \u00e0 travers les si\u00e8cles. \u00c0 travers cette \u0153uvre, il partage ses r\u00e9flexions sur le monde, sur la filiation, l\u2019humanit\u00e9, le pouvoir, l\u2019amour, la r\u00e9demption.<\/p>\n<p>Ce n\u2019est pas un roman \u00e0 prendre \u00e0 la l\u00e9g\u00e8re. Il demande de l\u2019attention, de l\u2019implication. Mais il offre en retour une exp\u00e9rience singuli\u00e8re : celle d\u2019un r\u00e9cit qui prend son temps, qui habite l\u2019espace, qui interroge, qui autorise le fantasme d\u2019une r\u00e9alit\u00e9 diff\u00e9rente.<\/p>\n<p>Car au fond, qui n\u2019a jamais esp\u00e9r\u00e9 \u2014 livre \u00e0 la main \u2014 que les cr\u00e9atures fantastiques aient r\u00e9ellement exist\u00e9 ? Que les mythes n\u2019en soient pas ? Que des cit\u00e9s aient \u00e9t\u00e9 b\u00e2ties par des mains oubli\u00e9es ? Et que l\u2019Histoire du monde ne soit qu\u2019un leurre\u00a0\u2026<\/p>\n","protected":false},"excerpt":{"rendered":"Titre\u00a0: Nous dominions le mondeAuteur.ice : Vincent VilleminotEditions\u00a0: Pocket JeunesseDate de parution\u00a0: 11 septembre 2025Genre du livre\u00a0: Roman&hellip;\n","protected":false},"author":2,"featured_media":483556,"comment_status":"","ping_status":"","sticky":false,"template":"","format":"standard","meta":{"footnotes":""},"categories":[1357],"tags":[1379,58,59,1011,27,1380],"class_list":{"0":"post-483555","1":"post","2":"type-post","3":"status-publish","4":"format-standard","5":"has-post-thumbnail","7":"category-livres","8":"tag-books","9":"tag-divertissement","10":"tag-entertainment","11":"tag-fr","12":"tag-france","13":"tag-livres"},"share_on_mastodon":{"url":"https:\/\/pubeurope.com\/@fr\/115421695454248005","error":""},"_links":{"self":[{"href":"https:\/\/www.europesays.com\/fr\/wp-json\/wp\/v2\/posts\/483555","targetHints":{"allow":["GET"]}}],"collection":[{"href":"https:\/\/www.europesays.com\/fr\/wp-json\/wp\/v2\/posts"}],"about":[{"href":"https:\/\/www.europesays.com\/fr\/wp-json\/wp\/v2\/types\/post"}],"author":[{"embeddable":true,"href":"https:\/\/www.europesays.com\/fr\/wp-json\/wp\/v2\/users\/2"}],"replies":[{"embeddable":true,"href":"https:\/\/www.europesays.com\/fr\/wp-json\/wp\/v2\/comments?post=483555"}],"version-history":[{"count":0,"href":"https:\/\/www.europesays.com\/fr\/wp-json\/wp\/v2\/posts\/483555\/revisions"}],"wp:featuredmedia":[{"embeddable":true,"href":"https:\/\/www.europesays.com\/fr\/wp-json\/wp\/v2\/media\/483556"}],"wp:attachment":[{"href":"https:\/\/www.europesays.com\/fr\/wp-json\/wp\/v2\/media?parent=483555"}],"wp:term":[{"taxonomy":"category","embeddable":true,"href":"https:\/\/www.europesays.com\/fr\/wp-json\/wp\/v2\/categories?post=483555"},{"taxonomy":"post_tag","embeddable":true,"href":"https:\/\/www.europesays.com\/fr\/wp-json\/wp\/v2\/tags?post=483555"}],"curies":[{"name":"wp","href":"https:\/\/api.w.org\/{rel}","templated":true}]}}