{"id":483557,"date":"2025-10-23T04:54:34","date_gmt":"2025-10-23T04:54:34","guid":{"rendered":"https:\/\/www.europesays.com\/fr\/483557\/"},"modified":"2025-10-23T04:54:34","modified_gmt":"2025-10-23T04:54:34","slug":"la-villa-des-coeurs-brises-maissane-de-retour-pour-vous-jouer-de-mauvais-tour-la-villa-des-coeurs-brises","status":"publish","type":"post","link":"https:\/\/www.europesays.com\/fr\/483557\/","title":{"rendered":"La Villa des C\u0153urs Bris\u00e9s &#8211; Ma\u00efssane de retour pour vous jouer de mauvais tour ! &#8211; La Villa des C\u0153urs Bris\u00e9s"},"content":{"rendered":"<p id=\"descriptionPanel\" class=\"text-secondary mr-2 line-clamp-2 pr-2.5 overflow-visible\">She&rsquo;s back ! Vous avez suivi toutes ses histoires dans la Villa, et elle n&rsquo;en est jamais vraiment partie : Ma\u00efssane est de retour pour une nouvelle session gossip ! Toujours l\u00e0 pour vous servir les meilleurs scoops de la semaine. Que s&rsquo;est-il pass\u00e9 ces derniers jours chez nos c\u0153urs bris\u00e9s ? Vous allez tout savoir. Ma\u00efssane nous fait une mise \u00e0 jour sur les situations de couple dans la maison, et le moins qu&rsquo;on puisse dire, c&rsquo;est qu&rsquo;il y a des rebondissements. Entre Lisa-Marie et Gabriel, c&rsquo;est toujours l&rsquo;amour fou. Une chance que M\u00e9lanie n&rsquo;a pas, face \u00e0 un Patrick qui fait la girouette&#8230; De son c\u00f4t\u00e9, Oc\u00e9ane ne sait plus o\u00f9 donner de la t\u00eate. D&rsquo;apr\u00e8s notre reine du gossip, Cynthia ne serait pas aussi sinc\u00e8re qu&rsquo;elle le pr\u00e9tend envers Giovanni&#8230; Une volont\u00e9 de rendre son ex Gabriel jaloux ? Bonus de La Villa des C\u0153urs Bris\u00e9s.<br \/>En savoir plus sur <a class=\"text-white hover:text-blue-500\" href=\"https:\/\/www.tf1.fr\/dossier\/maissane-aghioul-61458410\" target=\"_blank\" rel=\"noopener\">Maissane Aghioul<\/a><\/p>\n<p>Afficher la version longue du r\u00e9sum\u00e9<a class=\"shrink-0\" href=\"https:\/\/www.tf1.fr\/tfx\/la-villa-des-coeurs-brises\" target=\"_blank\" rel=\"noopener\"><img decoding=\"async\" src=\"https:\/\/www.europesays.com\/fr\/wp-content\/uploads\/2025\/08\/program-card-portrait-1-la-villa-2025-75e2fc-899f4e-0@1x.jpg\" width=\"138\" height=\"184\" alt=\"\" loading=\"eager\" fetchpriority=\"auto\" class=\"rounded-3px aspect-[3\/4] h-24 w-auto\" aria-hidden=\"true\"\/><\/a><\/p>\n","protected":false},"excerpt":{"rendered":"She&rsquo;s back ! Vous avez suivi toutes ses histoires dans la Villa, et elle n&rsquo;en est jamais vraiment&hellip;\n","protected":false},"author":2,"featured_media":483558,"comment_status":"","ping_status":"","sticky":false,"template":"","format":"standard","meta":{"footnotes":""},"categories":[1356],"tags":[58,59,8644,53494,53495,53493,1011,27,38731,53496,53497,44380,44384,44369,44381,44385,44377,44376,44382,44383,44378,44379,252,1364,44374,44375],"class_list":{"0":"post-483557","1":"post","2":"type-post","3":"status-publish","4":"format-standard","5":"has-post-thumbnail","7":"category-television","8":"tag-divertissement","9":"tag-entertainment","10":"tag-exclu","11":"tag-exclu-la-villa-des-coeurs-brises","12":"tag-exclu-la-villa-des-coeurs-brises-tfx","13":"tag-exclu-tfx","14":"tag-fr","15":"tag-france","16":"tag-la-villa-des-coeurs-brises","17":"tag-la-villa-des-coeurs-brises-exclu","18":"tag-la-villa-des-coeurs-brises-exclu-tfx","19":"tag-la-villa-des-coeurs-brises-streaming","20":"tag-la-villa-des-coeurs-brises-streaming-gratuit","21":"tag-la-villa-des-coeurs-brises-tfx","22":"tag-la-villa-des-coeurs-brises-tfx-streaming","23":"tag-la-villa-des-coeurs-brises-tfx-streaming-gratuit","24":"tag-la-villa-des-coeurs-brises-tfx-video","25":"tag-la-villa-des-coeurs-brises-video","26":"tag-streaming-gratuit-la-villa-des-coeurs-brises","27":"tag-streaming-gratuit-la-villa-des-coeurs-brises-tfx","28":"tag-streaming-la-villa-des-coeurs-brises","29":"tag-streaming-la-villa-des-coeurs-brises-tfx","30":"tag-television","31":"tag-tv","32":"tag-video-la-villa-des-coeurs-brises","33":"tag-video-la-villa-des-coeurs-brises-tfx"},"share_on_mastodon":{"url":"","error":"Validation failed: Text character limit of 500 exceeded"},"_links":{"self":[{"href":"https:\/\/www.europesays.com\/fr\/wp-json\/wp\/v2\/posts\/483557","targetHints":{"allow":["GET"]}}],"collection":[{"href":"https:\/\/www.europesays.com\/fr\/wp-json\/wp\/v2\/posts"}],"about":[{"href":"https:\/\/www.europesays.com\/fr\/wp-json\/wp\/v2\/types\/post"}],"author":[{"embeddable":true,"href":"https:\/\/www.europesays.com\/fr\/wp-json\/wp\/v2\/users\/2"}],"replies":[{"embeddable":true,"href":"https:\/\/www.europesays.com\/fr\/wp-json\/wp\/v2\/comments?post=483557"}],"version-history":[{"count":0,"href":"https:\/\/www.europesays.com\/fr\/wp-json\/wp\/v2\/posts\/483557\/revisions"}],"wp:featuredmedia":[{"embeddable":true,"href":"https:\/\/www.europesays.com\/fr\/wp-json\/wp\/v2\/media\/483558"}],"wp:attachment":[{"href":"https:\/\/www.europesays.com\/fr\/wp-json\/wp\/v2\/media?parent=483557"}],"wp:term":[{"taxonomy":"category","embeddable":true,"href":"https:\/\/www.europesays.com\/fr\/wp-json\/wp\/v2\/categories?post=483557"},{"taxonomy":"post_tag","embeddable":true,"href":"https:\/\/www.europesays.com\/fr\/wp-json\/wp\/v2\/tags?post=483557"}],"curies":[{"name":"wp","href":"https:\/\/api.w.org\/{rel}","templated":true}]}}