{"id":483575,"date":"2025-10-23T05:04:10","date_gmt":"2025-10-23T05:04:10","guid":{"rendered":"https:\/\/www.europesays.com\/fr\/483575\/"},"modified":"2025-10-23T05:04:10","modified_gmt":"2025-10-23T05:04:10","slug":"en-direct-tempete-benjamin-rafales-de-vent-jusqua-150-km-h-risque-de-submersion-14-departements-en-vigilance-orange-ce-qui-est-attendu-ce-jeudi","status":"publish","type":"post","link":"https:\/\/www.europesays.com\/fr\/483575\/","title":{"rendered":"EN DIRECT &#8211; Temp\u00eate Benjamin : rafales de vent jusqu\u2019\u00e0 150 km\/h, risque de submersion, 14 d\u00e9partements en vigilance orange&#8230; Ce qui est attendu ce jeudi"},"content":{"rendered":"<p class=\"fig-paragraph\">La temp\u00eate Benjamin va g\u00e9n\u00e9rer de tr\u00e8s fortes vagues sur nos c\u00f4tes de l\u2019Atlantique et de la\u00a0<a href=\"https:\/\/www.lefigaro.fr\/tag\/manche\" target=\"_blank\" rel=\"noopener nofollow\" data-gtm-custom-categorie=\"navigation\" data-gtm-custom-action=\"crossclick\" data-gtm-custom-label=\"Contextuel\" data-gtm-event=\"customEventSPE\">Manche<\/a>\u00a0avec des rafales qui atteindront 80 \u00e0 100 km\/h dans l\u2019int\u00e9rieur des terres, jusqu\u2019\u00e0 120-130 km\/h sur les c\u00f4tes expos\u00e9s et reliefs, voire 150 km\/h en Corse alerte\u00a0<a href=\"https:\/\/actualite.lachainemeteo.com\/actualite-meteo\/2025-10-22\/la-meteo-de-jeudi-23-octobre-rafales-tempetueuses-et-fortes-averses-prudence-82396\" target=\"_blank\" rel=\"noopener nofollow\" data-gtm-custom-categorie=\"navigation\" data-gtm-custom-action=\"crossclick\" data-gtm-custom-label=\"Contextuel\" data-gtm-event=\"customEventSPE\">La Cha\u00eene M\u00e9t\u00e9o<\/a>\u00a0*.<\/p>\n<p class=\"fig-paragraph\">14 d\u00e9partements ont \u00e9t\u00e9 plac\u00e9s en alerte orange pour vent, inondation et vague-submersion par notre partenaire m\u00e9t\u00e9o\u00a0: il s\u2019agit de la Vend\u00e9e (85), la Charente-Maritime (17), la Gironde (33), les Landes (40), les Pyr\u00e9n\u00e9es-Atlantiques (64), la Seine-Maritime (76), la Manche (50), le Pas-de-Calais (62),\u00a0la Somme (80), la Corse (2A et 2B), les Pyr\u00e9n\u00e9es-Orientales (66), l\u2019Aude (11) et enfin le Nord (59).<\/p>\n<p class=\"fig-body-link\">\n            \u00c0 lire aussi<br \/>\n        <a class=\"fig-body-link__link\" href=\"http:\/\/www.lefigaro.fr\/meteo\/tempete-benjamin-18-departements-en-vigilance-orange-ce-jeudi-20251022\" data-fig-type=\"NewsFlash\" data-gtm-custom-categorie=\"navigation\" data-gtm-custom-action=\"crossclick\" data-gtm-custom-label=\"Contextuel\" data-gtm-event=\"customEventSPE\" data-fig-domain=\"LEFIGARO\" rel=\"nofollow noopener\" target=\"_blank\"><\/p>\n<p>        Temp\u00eate Benjamin\u00a0: 14 d\u00e9partements en alerte orange ce jeudi<br \/>\n    <\/a><\/p>\n","protected":false},"excerpt":{"rendered":"La temp\u00eate Benjamin va g\u00e9n\u00e9rer de tr\u00e8s fortes vagues sur nos c\u00f4tes de l\u2019Atlantique et de la\u00a0Manche\u00a0avec des&hellip;\n","protected":false},"author":2,"featured_media":483576,"comment_status":"","ping_status":"","sticky":false,"template":"","format":"standard","meta":{"footnotes":""},"categories":[4],"tags":[11,1011,27,2487,7750,7752,7751,7749,2357,12,7748,25,7747,16092],"class_list":{"0":"post-483575","1":"post","2":"type-post","3":"status-publish","4":"format-standard","5":"has-post-thumbnail","7":"category-france","8":"tag-actualites","9":"tag-fr","10":"tag-france","11":"tag-meteo","12":"tag-meteo-aujourdhui","13":"tag-meteo-demain","14":"tag-meteo-du-jour","15":"tag-meteo-paris","16":"tag-meteo-france","17":"tag-news","18":"tag-prevision-meteo","19":"tag-republique-francaise","20":"tag-tempete","21":"tag-vents"},"share_on_mastodon":{"url":"https:\/\/pubeurope.com\/@fr\/115421738758505897","error":""},"_links":{"self":[{"href":"https:\/\/www.europesays.com\/fr\/wp-json\/wp\/v2\/posts\/483575","targetHints":{"allow":["GET"]}}],"collection":[{"href":"https:\/\/www.europesays.com\/fr\/wp-json\/wp\/v2\/posts"}],"about":[{"href":"https:\/\/www.europesays.com\/fr\/wp-json\/wp\/v2\/types\/post"}],"author":[{"embeddable":true,"href":"https:\/\/www.europesays.com\/fr\/wp-json\/wp\/v2\/users\/2"}],"replies":[{"embeddable":true,"href":"https:\/\/www.europesays.com\/fr\/wp-json\/wp\/v2\/comments?post=483575"}],"version-history":[{"count":0,"href":"https:\/\/www.europesays.com\/fr\/wp-json\/wp\/v2\/posts\/483575\/revisions"}],"wp:featuredmedia":[{"embeddable":true,"href":"https:\/\/www.europesays.com\/fr\/wp-json\/wp\/v2\/media\/483576"}],"wp:attachment":[{"href":"https:\/\/www.europesays.com\/fr\/wp-json\/wp\/v2\/media?parent=483575"}],"wp:term":[{"taxonomy":"category","embeddable":true,"href":"https:\/\/www.europesays.com\/fr\/wp-json\/wp\/v2\/categories?post=483575"},{"taxonomy":"post_tag","embeddable":true,"href":"https:\/\/www.europesays.com\/fr\/wp-json\/wp\/v2\/tags?post=483575"}],"curies":[{"name":"wp","href":"https:\/\/api.w.org\/{rel}","templated":true}]}}