{"id":483599,"date":"2025-10-23T05:20:10","date_gmt":"2025-10-23T05:20:10","guid":{"rendered":"https:\/\/www.europesays.com\/fr\/483599\/"},"modified":"2025-10-23T05:20:10","modified_gmt":"2025-10-23T05:20:10","slug":"grandes-marques-et-animations-au-menu","status":"publish","type":"post","link":"https:\/\/www.europesays.com\/fr\/483599\/","title":{"rendered":"grandes marques et animations au menu"},"content":{"rendered":"<p>            Par<br \/>\n        <strong><br \/>\n            <a href=\"https:\/\/actu.fr\/auteur\/redaction-rennes\" title=\"Consulter tous les articles de R\u00e9daction Rennes\" rel=\"nofollow noopener\" target=\"_blank\">R\u00e9daction Rennes<\/a><br \/>\n        <\/strong><\/p>\n<p>        Publi\u00e9 le<\/p>\n<p>            23 oct. 2025 \u00e0 6h32        <\/p>\n<p>Avis aux amateurs d\u2019automobile. <strong>\u00c9v\u00e9nement familial, gratuit<\/strong> et <strong>accessible, <\/strong>le Salon de l\u2019automobile et de la mobilit\u00e9, organis\u00e9 par le Groupe actu \u2013 en partenariat avec <a href=\"https:\/\/actu.fr\/rennes\/\" rel=\"nofollow noopener\" target=\"_blank\">actu Rennes<\/a> \u2013 ouvrira ses portes \u00e0 la Glaz Arena de Cesson-S\u00e9vign\u00e9, vendredi \u00a031 octobre et samedi 1er novembre 2025.<\/p>\n<p class=\" wall-content\">L\u2019occasion de voir en un m\u00eame lieu des v\u00e9hicules neufs et d\u2019occasion et de parler mobilit\u00e9. En quelques ann\u00e9es, notre fa\u00e7on de se d\u00e9placer, notamment \u00e0 Rennes, a en effet bien \u00e9volu\u00e9 mais la voiture garde toute sa place au sein de la majorit\u00e9 des foyers.<\/p>\n<p>Large panel de v\u00e9hicules<\/p>\n<p class=\" wall-content\"><strong>\u00ab\u2009Ce salon existait il y a quelques ann\u00e9es,<\/strong> et nous avons d\u00e9cid\u00e9 de le relancer avec une entr\u00e9e 100\u2009% gratuite afin que tous les publics trouvent au m\u00eame endroit non seulement un large panel de v\u00e9hicules, mais \u00e9galement<strong> toutes les informations pour se d\u00e9placer autrement\u2009\u00bb,<\/strong> indiquent Yann S\u00e9journ\u00e9, directeur de la r\u00e9gie publicitaire du Groupe actu et Anthony Coutant, directeur commercial.<\/p>\n<p class=\" wall-content\">Rappelons \u00e9galement que Rennes et la fabrication automobile partage une histoire commune avec l\u2019usine Citro\u00ebn de la Janais. Le tout dernier mod\u00e8le de la marque aux chevrons, le 5 Aircross, y est aujourd\u2019hui fabriqu\u00e9.<\/p>\n<p class=\" wall-content\">Du neuf et de l\u2019occasion<\/p>\n<p class=\" wall-content\">Au programme de ces deux journ\u00e9es,<strong> les plus grandes marques<\/strong> automobiles seront pr\u00e9sentes\u2009: Iveco, Ford, Renault, Hyundai, Toyota, Fiat, Alpine, Jeep, Kia, Alfa Romeo, BYD, X-Peng, Peugeot, Citro\u00ebn, DS, Mazda, MG Motor\u2026 Avec une pr\u00e9sentation <strong>des nouveaut\u00e9s<\/strong>.<\/p>\n<p class=\" wall-content\">L\u2019occasion de voir que le nouveaux mod\u00e8les font la part belle aux nouvelles motorisations, qu\u2019elles soient hybrides ou \u00e9lectriques.<\/p>\n<p class=\" wall-content\">Le march\u00e9 du<strong> v\u00e9hicule d\u2019occasion<\/strong> n\u2019est pas oubli\u00e9 pour autant. Il sera mis \u00e0 l\u2019honneur \u00e0 travers un <strong>Grand village<\/strong> o\u00f9 vous pourrez retrouver<strong>\u00a0une trentaine de v\u00e9hicules<\/strong> en exposition.<\/p>\n<p>Votre r\u00e9gion, votre actu !<\/p>\n<p>Recevez chaque jour les infos qui comptent pour vous.<\/p>\n<p>\t<a href=\"https:\/\/actu.fr\/newsletter\" class=\"ac-btn ac-btn--corner ac-btn--medium ac-btn--blue800\" rel=\"nofollow noopener\" target=\"_blank\">S&rsquo;incrire<\/a><br \/>\nEspace mobilit\u00e9 et animations<\/p>\n<p class=\" wall-content\">Sur le Salon, seront par ailleurs pr\u00e9sents les acteurs de la mobilit\u00e9\u2009: <strong>SNCF,<\/strong> Total <strong>\u00c9nergies,<\/strong> ou encore des installateurs de <strong>bornes \u00e9lectriques.<\/strong><\/p>\n<p class=\" wall-content\"><strong>Des ateliers<\/strong> sur la mobilit\u00e9 durable seront propos\u00e9s au public.<\/p>\n<p>Simulateurs de conduite<\/p>\n<p class=\" wall-content\">De la m\u00eame fa\u00e7on, <strong>des animations<\/strong> sur la s\u00e9curit\u00e9 routi\u00e8re, sur les <strong>v\u00e9hicules de prestige<\/strong> ou encore <strong>des simulateurs<\/strong> de conduite sauront ravir les visiteurs.<\/p>\n<p class=\" wall-content\">\u00ab\u2009Nous voulons que chacun puisse vivre une exp\u00e9rience compl\u00e8te\u2009: essais de v\u00e9hicules \u00e9lectriques, d\u00e9monstrations de mobilit\u00e9 douce comme le v\u00e9lo ou la trottinette, ateliers s\u00e9curit\u00e9 routi\u00e8re\u2026\u2009\u00bb, conclut Estelle Pasquier, cheffe de projets \u00e9v\u00e9nements du Groupe actu.<\/p>\n<p>Salon de l\u2019automobile et de la mobilit\u00e9, du vendredi 31\u00a0octobre (de 15h \u00e0 21h) au samedi 1\u1d49\u02b3 novembre\u00a02025 (10h-19h) au Glaz Arena, Chem. du Bois de la Justice, 35510 Cesson-S\u00e9vign\u00e9. Entr\u00e9e gratuite.<\/p>\n<p class=\" wall-content\">Personnalisez votre actualit\u00e9 en ajoutant vos villes et m\u00e9dias en favori avec <a href=\"https:\/\/moncompte.actu.fr\" title=\"D\u00e9couvez Mon Actu\" rel=\"nofollow noopener\" data-trk=\"{&quot;cta&quot;:{&quot;action&quot;:&quot;https:\\\/\\\/moncompte.actu.fr&quot;,&quot;category&quot;:&quot;mon compte&quot;,&quot;from&quot;:&quot;article footer&quot;,&quot;name&quot;:&quot;Mon actu&quot;,&quot;type&quot;:&quot;cta&quot;}}\" target=\"_blank\">Mon Actu<\/a>.<\/p>\n","protected":false},"excerpt":{"rendered":"Par R\u00e9daction Rennes Publi\u00e9 le 23 oct. 2025 \u00e0 6h32 Avis aux amateurs d\u2019automobile. \u00c9v\u00e9nement familial, gratuit et&hellip;\n","protected":false},"author":2,"featured_media":483600,"comment_status":"","ping_status":"","sticky":false,"template":"","format":"standard","meta":{"footnotes":""},"categories":[2821],"tags":[1111,11,646,829,1777,674,1011,27,1305,12,584,25],"class_list":{"0":"post-483599","1":"post","2":"type-post","3":"status-publish","4":"format-standard","5":"has-post-thumbnail","7":"category-rennes","8":"tag-actu","9":"tag-actualites","10":"tag-automobile","11":"tag-bretagne","12":"tag-eu","13":"tag-europe","14":"tag-fr","15":"tag-france","16":"tag-lifestyle","17":"tag-news","18":"tag-rennes","19":"tag-republique-francaise"},"share_on_mastodon":{"url":"https:\/\/pubeurope.com\/@fr\/115421801682217089","error":""},"_links":{"self":[{"href":"https:\/\/www.europesays.com\/fr\/wp-json\/wp\/v2\/posts\/483599","targetHints":{"allow":["GET"]}}],"collection":[{"href":"https:\/\/www.europesays.com\/fr\/wp-json\/wp\/v2\/posts"}],"about":[{"href":"https:\/\/www.europesays.com\/fr\/wp-json\/wp\/v2\/types\/post"}],"author":[{"embeddable":true,"href":"https:\/\/www.europesays.com\/fr\/wp-json\/wp\/v2\/users\/2"}],"replies":[{"embeddable":true,"href":"https:\/\/www.europesays.com\/fr\/wp-json\/wp\/v2\/comments?post=483599"}],"version-history":[{"count":0,"href":"https:\/\/www.europesays.com\/fr\/wp-json\/wp\/v2\/posts\/483599\/revisions"}],"wp:featuredmedia":[{"embeddable":true,"href":"https:\/\/www.europesays.com\/fr\/wp-json\/wp\/v2\/media\/483600"}],"wp:attachment":[{"href":"https:\/\/www.europesays.com\/fr\/wp-json\/wp\/v2\/media?parent=483599"}],"wp:term":[{"taxonomy":"category","embeddable":true,"href":"https:\/\/www.europesays.com\/fr\/wp-json\/wp\/v2\/categories?post=483599"},{"taxonomy":"post_tag","embeddable":true,"href":"https:\/\/www.europesays.com\/fr\/wp-json\/wp\/v2\/tags?post=483599"}],"curies":[{"name":"wp","href":"https:\/\/api.w.org\/{rel}","templated":true}]}}