{"id":483601,"date":"2025-10-23T05:21:21","date_gmt":"2025-10-23T05:21:21","guid":{"rendered":"https:\/\/www.europesays.com\/fr\/483601\/"},"modified":"2025-10-23T05:21:21","modified_gmt":"2025-10-23T05:21:21","slug":"mauvaise-reputation-de-rennes-quand-la-mairie-opte-pour-le-deni","status":"publish","type":"post","link":"https:\/\/www.europesays.com\/fr\/483601\/","title":{"rendered":"Mauvaise r\u00e9putation de Rennes\u00a0: quand la mairie opte pour le d\u00e9ni"},"content":{"rendered":"<p>Circulez, y\u2019a rien \u00e0 voir. Rennes a-t-elle un probl\u00e8me de r\u00e9putation ? Quelle est la strat\u00e9gie de la collectivit\u00e9 pour l\u2019am\u00e9liorer ? Au sein de la Ville, il n\u2019y a pas de sujet. Contrairement \u00e0 l\u2019apr\u00e8s loi Travail en 2016, marqu\u00e9e par une tentative de contre-offensive pour redorer le blason terni de la capitale bretonne, la question est d\u00e9sormais ramen\u00e9e \u00e0 une invention journalistique.<\/p>\n<p><a class=\"tlg-kiosque tlg-kiosque-rennes gtm-kiosque-rennes\" href=\"https:\/\/www.lemensuel.com\/rennes\" target=\"_blank\" rel=\"nofollow noopener\"><img decoding=\"async\" src=\"https:\/\/www.europesays.com\/fr\/wp-content\/uploads\/2025\/10\/MDR_une_complete.png\" alt=\"Couverture Mensuel Rennes\"\/><\/p>\n<p>Le Mensuel de Rennes<\/p>\n<p>Magazine curieux et (im)pertinent !<\/p>\n<p>D\u00e9couvrez<\/a><\/p>\n<p>\u00c0 l\u2019int\u00e9rieur, Rennes serait peupl\u00e9e d\u2019habitants heureux et fiers de leur cit\u00e9. \u00c0 l\u2019ext\u00e9rieur, elle serait victime du bashing de quelques m\u00e9dias ennemis et de l\u2019instrumentalisation d\u2019adversaires politiques, honnissant sa maire et sa majorit\u00e9 \u00e9colo-socialiste. C\u2019est un point de vue que l\u2019on peut \u00e9tayer, en partie, factuellement. Commode, il permet aussi de ne pas alimenter un \u00ab non sujet \u00bb, dont la subjectivit\u00e9 complexifie l\u2019appr\u00e9ciation. Il fait pourtant fi de quelques r\u00e9alit\u00e9s, qui le pond\u00e8rent.<\/p>\n<p>Comme un boomerang<\/p>\n<p>Le nombre de contributions, recueillies en peu de temps sur le site du T\u00e9l\u00e9gramme, t\u00e9moigne de l\u2019\u00e9cho qu\u2019il trouve dans l\u2019opinion. Idem lorsqu\u2019on regarde l\u2019\u00e9volution des citations de Rennes sur la toile. De mani\u00e8re plus impressionniste, le nombre de fois o\u00f9 les membres de cette r\u00e9daction sont interpell\u00e9s par des non-Rennais s\u2019inqui\u00e9tant de la trajectoire prise par notre territoire, nous a interpell\u00e9s au point d\u2019en faire ce sujet.<\/p>\n<p>Pour la maire, cette situation pr\u00e9sente-t-elle un risque politique \u00e0 six mois des municipales ? A priori, non, si l\u2019on se r\u00e9f\u00e8re \u00e0 l\u2019absence de proactivit\u00e9 des \u00e9lus sur le sujet. Dans les faits, la chose est difficile \u00e0 \u00e9valuer. Une \u00e9lection est le fruit d\u2019une multitude de param\u00e8tres et d\u2019un rapport de force qui, \u00e0 Rennes, semble clairement \u00e9tabli, \u00e9lection apr\u00e8s \u00e9lection. En niant le sujet, la maire cantonne ses adversaires \u00e0 des oiseaux de mauvais augure, soucieux de se \u00ab refaire la cerise \u00bb sur la rubrique des faits divers. Elle prend aussi le risque de passer \u00e0 c\u00f4t\u00e9 d\u2019un mouvement qui pourrait, sur le long terme, saper les fondamentaux de la r\u00e9ussite rennaise. Et revenir comme un boomerang.<\/p>\n","protected":false},"excerpt":{"rendered":"Circulez, y\u2019a rien \u00e0 voir. Rennes a-t-elle un probl\u00e8me de r\u00e9putation ? Quelle est la strat\u00e9gie de la&hellip;\n","protected":false},"author":2,"featured_media":483602,"comment_status":"","ping_status":"","sticky":false,"template":"","format":"standard","meta":{"footnotes":""},"categories":[2821],"tags":[1111,11,829,1777,674,1011,27,848,12,584,25],"class_list":{"0":"post-483601","1":"post","2":"type-post","3":"status-publish","4":"format-standard","5":"has-post-thumbnail","7":"category-rennes","8":"tag-actu","9":"tag-actualites","10":"tag-bretagne","11":"tag-eu","12":"tag-europe","13":"tag-fr","14":"tag-france","15":"tag-ille-et-vilaine","16":"tag-news","17":"tag-rennes","18":"tag-republique-francaise"},"share_on_mastodon":{"url":"https:\/\/pubeurope.com\/@fr\/115421806122432168","error":""},"_links":{"self":[{"href":"https:\/\/www.europesays.com\/fr\/wp-json\/wp\/v2\/posts\/483601","targetHints":{"allow":["GET"]}}],"collection":[{"href":"https:\/\/www.europesays.com\/fr\/wp-json\/wp\/v2\/posts"}],"about":[{"href":"https:\/\/www.europesays.com\/fr\/wp-json\/wp\/v2\/types\/post"}],"author":[{"embeddable":true,"href":"https:\/\/www.europesays.com\/fr\/wp-json\/wp\/v2\/users\/2"}],"replies":[{"embeddable":true,"href":"https:\/\/www.europesays.com\/fr\/wp-json\/wp\/v2\/comments?post=483601"}],"version-history":[{"count":0,"href":"https:\/\/www.europesays.com\/fr\/wp-json\/wp\/v2\/posts\/483601\/revisions"}],"wp:featuredmedia":[{"embeddable":true,"href":"https:\/\/www.europesays.com\/fr\/wp-json\/wp\/v2\/media\/483602"}],"wp:attachment":[{"href":"https:\/\/www.europesays.com\/fr\/wp-json\/wp\/v2\/media?parent=483601"}],"wp:term":[{"taxonomy":"category","embeddable":true,"href":"https:\/\/www.europesays.com\/fr\/wp-json\/wp\/v2\/categories?post=483601"},{"taxonomy":"post_tag","embeddable":true,"href":"https:\/\/www.europesays.com\/fr\/wp-json\/wp\/v2\/tags?post=483601"}],"curies":[{"name":"wp","href":"https:\/\/api.w.org\/{rel}","templated":true}]}}