{"id":483607,"date":"2025-10-23T05:24:12","date_gmt":"2025-10-23T05:24:12","guid":{"rendered":"https:\/\/www.europesays.com\/fr\/483607\/"},"modified":"2025-10-23T05:24:12","modified_gmt":"2025-10-23T05:24:12","slug":"lopposant-jean-paul-faure-sera-candidat-aux-municipales-de-2026-a-saint-paul-de-vence","status":"publish","type":"post","link":"https:\/\/www.europesays.com\/fr\/483607\/","title":{"rendered":"l\u2019opposant Jean-Paul Faure sera candidat aux municipales de 2026 \u00e0 Saint-Paul-de-Vence"},"content":{"rendered":"<p class=\"fs-5 \">Arriv\u00e9 en 3e position aux \u00e9lections en 2020, Jean-Paul Faure avait fusionn\u00e9 sa liste avec celle de Corinne Paolini. Ils se sont inclin\u00e9s devant Jean-Pierre Camilla \u00e0 cinq voix pr\u00e8s. Par la suite, Corinne Paolini, \u00e9lue d\u2019opposition, avait d\u00e9missionn\u00e9 en mars 2022. C\u2019est \u00e0 cette date, que Jean-Paul Faure avait repris les r\u00eanes de la liste d\u2019opposition Saint-Paul \u00e0 c\u0153ur. Aujourd\u2019hui, le septuag\u00e9naire retrait\u00e9, dipl\u00f4m\u00e9 en finance et strat\u00e9gie, dit vouloir partager \u00ab un regard et une nouvelle ambition \u00bb pour Saint-Paul-de-Vence.<\/p>\n<p class=\"fs-5 \">M\u00eame si ses ambitions \u00e9taient d\u00e9j\u00e0 connues, Jean-Paul Faure a donc officialis\u00e9 sa candidature. S\u2019il ne porte pas les couleurs d\u2019un parti politique, il affiche une id\u00e9ologie humaniste. Engag\u00e9 convaincu dans l\u2019environnement, il se d\u00e9clare comme \u00ab un vrai sans \u00e9tiquette \u00bb.<\/p>\n<p>                                                                                \u00ab Notre commune est g\u00e9r\u00e9e sans vision d\u2019avenir \u00bb<\/p>\n<p class=\"fs-5 \">Dans sa lettre de candidature, comme dans ses propos lors de sa pr\u00e9sentation, le candidat aux municipales a assis son positionnement pour l\u2019avenir du village. \u00ab Depuis longtemps, notre commune est g\u00e9r\u00e9e sans vision d\u2019avenir, c\u2019est ce qui a motiv\u00e9 mon engagement, l\u00e2che-t-il. Avec l\u2019\u00e9quipe qui m\u2019accompagne nous portons une vision commune, ouverte, juste et dynamique o\u00f9 chaque Saint-Paulois retrouve sa place \u00bb.<\/p>\n<p class=\"fs-5 \">Il poursuit : \u00ab Notre \u00e9quipe est marqu\u00e9e par la comp\u00e9tence professionnelle dans tous les domaines des d\u00e9l\u00e9gations. Si nous sommes \u00e9lus, nous serons tous op\u00e9rationnels d\u00e8s le 1e jour \u00bb.<\/p>\n<p class=\"fs-5 \">Ce dernier d\u00e9roule ses trois priorit\u00e9s. Tout d\u2019abord : \u00ab Redonner la parole \u00e0 tous, je serais le maire de tous les Saint-Paulois \u00bb. Mais aussi \u00ab prot\u00e9ger et am\u00e9liorer la qualit\u00e9 de vie, la gestion rigoureuse de la commune, pr\u00e9voir les investissements et un urbanisme respectueux, pr\u00e9server les ressources naturelles, donner la place aux jeunes, \u00e0 l\u2019\u00e9cole, au sport, \u00e0 l\u2019action sociale \u00bb. Enfin, il souhaite \u00ab refaire de Saint-Paul un lieu d\u2019exception avec une politique culturelle ambitieuse, lui redonner son r\u00f4le de phare culturel \u00bb.<\/p>\n<p class=\"fs-5 \">L\u2019\u00e9lu d\u2019opposition pr\u00e9voit dans les prochaines semaines de venir \u00e0 la rencontre des habitants dans les quartiers \u00ab pour \u00e9couter vos attentes et enrichir notre projet \u00bb.<\/p>\n<p class=\"fs-5 \">\u00ab Je suis pr\u00eat \u00bb, conclut-il.<\/p>\n","protected":false},"excerpt":{"rendered":"Arriv\u00e9 en 3e position aux \u00e9lections en 2020, Jean-Paul Faure avait fusionn\u00e9 sa liste avec celle de Corinne&hellip;\n","protected":false},"author":2,"featured_media":483608,"comment_status":"","ping_status":"","sticky":false,"template":"","format":"standard","meta":{"footnotes":""},"categories":[2819],"tags":[1111,11,1777,674,1011,27,3434,12,2401,882,25],"class_list":{"0":"post-483607","1":"post","2":"type-post","3":"status-publish","4":"format-standard","5":"has-post-thumbnail","7":"category-nice","8":"tag-actu","9":"tag-actualites","10":"tag-eu","11":"tag-europe","12":"tag-fr","13":"tag-france","14":"tag-municipales-2026","15":"tag-news","16":"tag-nice","17":"tag-provence-alpes-cote-dazur","18":"tag-republique-francaise"},"share_on_mastodon":{"url":"https:\/\/pubeurope.com\/@fr\/115421817213054476","error":""},"_links":{"self":[{"href":"https:\/\/www.europesays.com\/fr\/wp-json\/wp\/v2\/posts\/483607","targetHints":{"allow":["GET"]}}],"collection":[{"href":"https:\/\/www.europesays.com\/fr\/wp-json\/wp\/v2\/posts"}],"about":[{"href":"https:\/\/www.europesays.com\/fr\/wp-json\/wp\/v2\/types\/post"}],"author":[{"embeddable":true,"href":"https:\/\/www.europesays.com\/fr\/wp-json\/wp\/v2\/users\/2"}],"replies":[{"embeddable":true,"href":"https:\/\/www.europesays.com\/fr\/wp-json\/wp\/v2\/comments?post=483607"}],"version-history":[{"count":0,"href":"https:\/\/www.europesays.com\/fr\/wp-json\/wp\/v2\/posts\/483607\/revisions"}],"wp:featuredmedia":[{"embeddable":true,"href":"https:\/\/www.europesays.com\/fr\/wp-json\/wp\/v2\/media\/483608"}],"wp:attachment":[{"href":"https:\/\/www.europesays.com\/fr\/wp-json\/wp\/v2\/media?parent=483607"}],"wp:term":[{"taxonomy":"category","embeddable":true,"href":"https:\/\/www.europesays.com\/fr\/wp-json\/wp\/v2\/categories?post=483607"},{"taxonomy":"post_tag","embeddable":true,"href":"https:\/\/www.europesays.com\/fr\/wp-json\/wp\/v2\/tags?post=483607"}],"curies":[{"name":"wp","href":"https:\/\/api.w.org\/{rel}","templated":true}]}}