{"id":483610,"date":"2025-10-23T05:26:12","date_gmt":"2025-10-23T05:26:12","guid":{"rendered":"https:\/\/www.europesays.com\/fr\/483610\/"},"modified":"2025-10-23T05:26:12","modified_gmt":"2025-10-23T05:26:12","slug":"tempete-benjamin-des-perturbations-a-prevoir-en-loire-atlantique","status":"publish","type":"post","link":"https:\/\/www.europesays.com\/fr\/483610\/","title":{"rendered":"Temp\u00eate Benjamin. Des perturbations \u00e0 pr\u00e9voir en Loire-Atlantique"},"content":{"rendered":"<p>Avec l\u2019arriv\u00e9e de la temp\u00eate Benjamin, M\u00e9t\u00e9o France a plac\u00e9 la Loire-Atlantique en vigilance jaune, ce mercredi 22\u00a0octobre. Les bourrasques de vent annonc\u00e9es ont commenc\u00e9 \u00e0 balayer le d\u00e9partement, dans la soir\u00e9e.<\/p>\n<p>L\u2019interdiction compl\u00e8te de la circulation du <a href=\"https:\/\/nantes.maville.com\/actu\/actudet_-tempete-benjamin-un-risque-de-fermeture-du-pont-de-saint-nazaire-dans-la-nuit-de-mercredi-a-jeudi-_8-7032105_actu.Htm\" target=\"_blank\" rel=\"noopener\">pont de Saint-Nazaire<\/a>, du mercredi\u00a022 au jeudi 23\u00a0octobre, entre 5\u00a0h et 11\u00a0h du matin, est envisag\u00e9e par le D\u00e9partement. \u00c0 20\u00a0h, des restrictions \u00e9taient d\u00e9j\u00e0 mises en place, car les rafales d\u00e9passaient les 80\u00a0km\/h. La voie centrale du pont est ferm\u00e9e, avec interdiction des d\u00e9passements. La vitesse des v\u00e9hicules est limit\u00e9e \u00e0 50\u00a0km\/h. La circulation est interdite pour les deux-roues, les pi\u00e9tons, les caravanes et remorques. Si le vent d\u00e9passe les 120\u00a0km\/h de vent, le pont sera enti\u00e8rement ferm\u00e9. Les rafales de vent pourraient atteindre 130-140 km\/h en seconde partie de nuit.<\/p>\n<p>Pour \u00e9viter que des trains ne se retrouvent\u00a0bloqu\u00e9s \u00e0 cause de chutes d\u2019arbres, le trafic des TER a \u00e9t\u00e9 adapt\u00e9 pour la journ\u00e9e du jeudi 23\u00a0octobre\u00a0: des lignes, comme celle de Nantes-Clisson-Cholet, voient leur vitesse limit\u00e9e \u00e0 70\u00a0km\/h, quand d\u2019autres lignes sont totalement interrompues, par exemple Pornic-Sainte-Pazanne ou <a href=\"https:\/\/nantes.maville.com\/actu\/actudet_-tempete-benjamin-aucun-tram-train-entre-nantes-et-chateaubriant-ce-jeudi-_8-7032483_actu.Htm\" target=\"_blank\" rel=\"noopener\">Nantes-Ch\u00e2teaubriant<\/a>.<\/p>\n<p>C\u00f4t\u00e9 <a href=\"https:\/\/nantes.maville.com\/actu\/actudet_-tempete-benjamin-la-ville-de-nantes-ferme-des-squares-parcs-et-jardins-_8-7032196_actu.Htm\" target=\"_blank\" rel=\"noopener\">squares, parcs et jardins<\/a>, la ville de Nantes a annonc\u00e9 la fermeture de plusieurs d\u2019entre eux, depuis 17\u00a0h. Ils resteront ferm\u00e9s jeudi 23\u00a0octobre, mais selon l\u2019\u00e9volution de la situation, la mairie pourra d\u00e9cider de leur r\u00e9ouverture progressive.<\/p>\n<p>\u00a0<\/p>\n","protected":false},"excerpt":{"rendered":"Avec l\u2019arriv\u00e9e de la temp\u00eate Benjamin, M\u00e9t\u00e9o France a plac\u00e9 la Loire-Atlantique en vigilance jaune, ce mercredi 22\u00a0octobre.&hellip;\n","protected":false},"author":2,"featured_media":483611,"comment_status":"","ping_status":"","sticky":false,"template":"","format":"standard","meta":{"footnotes":""},"categories":[2818],"tags":[1111,11,17232,1777,674,1011,27,3047,766,12,2636,7854,48970,25,7747],"class_list":{"0":"post-483610","1":"post","2":"type-post","3":"status-publish","4":"format-standard","5":"has-post-thumbnail","7":"category-nantes","8":"tag-actu","9":"tag-actualites","10":"tag-benjamin","11":"tag-eu","12":"tag-europe","13":"tag-fr","14":"tag-france","15":"tag-loire-atlantique","16":"tag-nantes","17":"tag-news","18":"tag-pays-de-la-loire","19":"tag-perturbations","20":"tag-prevoir","21":"tag-republique-francaise","22":"tag-tempete"},"share_on_mastodon":{"url":"https:\/\/pubeurope.com\/@fr\/115421825165933577","error":""},"_links":{"self":[{"href":"https:\/\/www.europesays.com\/fr\/wp-json\/wp\/v2\/posts\/483610","targetHints":{"allow":["GET"]}}],"collection":[{"href":"https:\/\/www.europesays.com\/fr\/wp-json\/wp\/v2\/posts"}],"about":[{"href":"https:\/\/www.europesays.com\/fr\/wp-json\/wp\/v2\/types\/post"}],"author":[{"embeddable":true,"href":"https:\/\/www.europesays.com\/fr\/wp-json\/wp\/v2\/users\/2"}],"replies":[{"embeddable":true,"href":"https:\/\/www.europesays.com\/fr\/wp-json\/wp\/v2\/comments?post=483610"}],"version-history":[{"count":0,"href":"https:\/\/www.europesays.com\/fr\/wp-json\/wp\/v2\/posts\/483610\/revisions"}],"wp:featuredmedia":[{"embeddable":true,"href":"https:\/\/www.europesays.com\/fr\/wp-json\/wp\/v2\/media\/483611"}],"wp:attachment":[{"href":"https:\/\/www.europesays.com\/fr\/wp-json\/wp\/v2\/media?parent=483610"}],"wp:term":[{"taxonomy":"category","embeddable":true,"href":"https:\/\/www.europesays.com\/fr\/wp-json\/wp\/v2\/categories?post=483610"},{"taxonomy":"post_tag","embeddable":true,"href":"https:\/\/www.europesays.com\/fr\/wp-json\/wp\/v2\/tags?post=483610"}],"curies":[{"name":"wp","href":"https:\/\/api.w.org\/{rel}","templated":true}]}}