{"id":483616,"date":"2025-10-23T05:29:12","date_gmt":"2025-10-23T05:29:12","guid":{"rendered":"https:\/\/www.europesays.com\/fr\/483616\/"},"modified":"2025-10-23T05:29:12","modified_gmt":"2025-10-23T05:29:12","slug":"le-festival-sonora-2025-affiche-presque-complet","status":"publish","type":"post","link":"https:\/\/www.europesays.com\/fr\/483616\/","title":{"rendered":"le festival Sonora 2025 affiche presque complet"},"content":{"rendered":"<p>\ud83d\udd52 Article publi\u00e9 le 23 octobre 2025<br \/>&#13;<br \/>\n\u2705 Mis \u00e0 jour le 23 octobre 2025<\/p>\n<p>L\u2019attente touche \u00e0 sa fin : <strong>Sonora 2025 d\u00e9barque \u00e0 Bordeaux<\/strong> les 31 octobre et 1er novembre et l\u2019\u00e9v\u00e9nement affiche d\u00e9j\u00e0 quasiment complet. Ce n\u2019est pas vraiment une surprise, tant l\u2019engouement \u00e9tait fort depuis des mois. En effet, \u00e0 une semaine de son ouverture, le<strong> festival \u00e9lectro<\/strong> le plus attendu de Nouvelle-Aquitaine s\u2019annonce monumental ! Envie de vivre l\u2019exp\u00e9rience Sonora \u00e0 Bordeaux ? Attention \u00e0 ne pas tarder, voici tout ce qu\u2019il faut savoir sur le festival.<\/p>\n<p>L\u2019\u00e9v\u00e9nement \u00e9lectro affiche d\u00e9j\u00e0 presque complet \u00e0 Bordeaux \u00a9 Sonora<\/p>\n<p>Un festival qui a d\u00e9j\u00e0 conquis Bordeaux<\/p>\n<p>Depuis sa premi\u00e8re \u00e9dition, Sonora s\u2019est impos\u00e9 comme la <strong>r\u00e9f\u00e9rence techno du Sud-Ouest<\/strong>. Cette ann\u00e9e encore, la formule fait mouche gr\u00e2ce \u00e0 une organisation millim\u00e9tr\u00e9e, des d\u00e9cors immersifs et une programmation digne des plus grands \u00e9v\u00e9nements europ\u00e9ens. En effet, le festival ne s\u2019offre aucun r\u00e9pit avec <strong>plus de 20 000 festivaliers attendus<\/strong> et une \u00e9nergie d\u00e9j\u00e0 palpable sur les r\u00e9seaux.<\/p>\n<p>Un show visuel qui repousse les limites<\/p>\n<p>En 2025, <a href=\"https:\/\/www.bordeaux.fr\/agenda\/sonora-festival-a-bordeaux\" target=\"_blank\" rel=\"noopener\">Sonora<\/a> voit grand, tr\u00e8s grand. Sur la sc\u00e8ne principale, pas moins de <strong>400 m\u00b2 d\u2019\u00e9crans LED<\/strong> illumineront le hangar. Les visuels, synchronis\u00e9s avec les sets, promettent un spectacle hypnotique o\u00f9 chaque drop s\u2019accompagne d\u2019une explosion de lumi\u00e8re. De plus, les<strong> 14 monolithes LED<\/strong> de 6 m\u00e8tres de haut donneront une verticalit\u00e9 spectaculaire \u00e0 la sc\u00e8ne, transformant le lieu en un v\u00e9ritable temple futuriste.<\/p>\n<p><img loading=\"lazy\" decoding=\"async\" aria-describedby=\"caption-attachment-30209\" class=\"size-full wp-image-30209 lazyload ewww_webp_lazy_load\" src=\"https:\/\/www.europesays.com\/fr\/wp-content\/uploads\/2025\/10\/sonora-festival-bordeaux.jpeg\" alt=\"Le public devant la sc\u00e8ne et les artistes du festival - Sonora\" width=\"1200\" height=\"800\" style=\"--smush-placeholder-width: 1200px; --smush-placeholder-aspect-ratio: 1200\/800;\" src-webp=\"https:\/\/www.europesays.com\/fr\/wp-content\/uploads\/2025\/10\/sonora-festival-bordeaux.jpeg.webp\"\/><\/p>\n<p id=\"caption-attachment-30209\" class=\"wp-caption-text\">Le public devant la sc\u00e8ne et les artistes du festival \u00a9 Sonora<\/p>\n<p>Un line-up 2025 d\u2019une rare intensit\u00e9<\/p>\n<p>Le <strong>vendredi 31 octobre<\/strong>, la premi\u00e8re soir\u00e9e s\u2019annonce intense et percutante avec <strong>I Hate Models, Trym, KAS:ST, Basswell, Fenrick, Odymel et Teho<\/strong>. De la techno brute et \u00e9motionnelle, servie par des artistes tauliers de la sc\u00e8ne europ\u00e9enne. Ensuite, le <strong>samedi<\/strong>, place \u00e0 la trance et aux sonorit\u00e9s hybrides avec <strong>Astrix, Vladimir Cauchemar, Hysta, Rivo et Eargasm God<\/strong>. Deux soir\u00e9es pens\u00e9es comme deux voyages sensoriels : l\u2019une martiale, l\u2019autre psych\u00e9, mais toutes deux port\u00e9es par une sc\u00e9nographie hors norme.<\/p>\n<p>Programmation compl\u00e8te du Sonora Festival<\/p>\n<ul>\n<li><strong>Vendredi 31 octobre :<\/strong> 2MUCH, Basswell, Creeds, Fenrick, I Hate Models, Kas:st, Miss Bashful, Odymel, Technobus, Teho, Zorza, Collectif Tape, Die Klar, Dj Football, Dj Schnake, Nawne<\/li>\n<li><strong>Samedi 1er novembre :<\/strong> Astrix, Eargasm God, Holy Priest, Hysta, Leblanc, Rivo, Sk\u00f6ne, Technobus, Trym, Vladimir Cauchemar, Zapravka, Guappa, Maudux<\/li>\n<\/ul>\n<p><img loading=\"lazy\" decoding=\"async\" aria-describedby=\"caption-attachment-30208\" class=\"size-full wp-image-30208 lazyload ewww_webp_lazy_load\" src=\"https:\/\/www.europesays.com\/fr\/wp-content\/uploads\/2025\/10\/sonora-festival.jpg\" alt=\"Ambiance \u00e9lectrique sur l'une des deux sc\u00e8nes du festival - Sonora\" width=\"1200\" height=\"675\" style=\"--smush-placeholder-width: 1200px; --smush-placeholder-aspect-ratio: 1200\/675;\" src-webp=\"https:\/\/www.europesays.com\/fr\/wp-content\/uploads\/2025\/10\/sonora-festival.jpg.webp\"\/><\/p>\n<p id=\"caption-attachment-30208\" class=\"wp-caption-text\">Ambiance \u00e9lectrique sur l\u2019une des deux sc\u00e8nes du festival \u00a9 Sonora<\/p>\n<p>Un succ\u00e8s attendu mais impressionnant<\/p>\n<p>Le<strong> sold-out \u00e9tait pr\u00e9visible<\/strong>, mais l\u2019engouement d\u00e9passe les attentes ! Aujourd\u2019hui, <strong>plus de 92 % des billets sont \u00e9coul\u00e9s<\/strong>. En effet, Sonora attire des festivaliers venus de toute la France, mais aussi d\u2019Espagne et de Belgique. Du c\u00f4t\u00e9 du public bordelais, la demande reste forte, notamment pour le<strong> samedi soir qui est d\u00e9j\u00e0 complet<\/strong>. Bordeaux confirme ainsi son statut de <a href=\"https:\/\/passion-aquitaine.ouest-france.fr\/bordeaux-capitale-electro\/\" target=\"_blank\" rel=\"noopener\">capitale \u00e9lectro \u00e9mergente en Europe<\/a> !<\/p>\n<p>Sonora : une identit\u00e9 forte, entre f\u00eate et conscience<\/p>\n<p>Au-del\u00e0 du show, <strong>Sonora<\/strong> revendique une <strong>d\u00e9marche responsable et inclusive<\/strong>. Les organisateurs ont mis en place des gobelets r\u00e9utilisables, des navettes de nuit, un tri s\u00e9lectif renforc\u00e9 et une sensibilisation \u00e0 l\u2019impact environnemental. Le festival met aussi en avant des <a href=\"https:\/\/passion-aquitaine.ouest-france.fr\/collectifs-electro-bordeaux\/\" target=\"_blank\" rel=\"noopener\">collectifs bordelais<\/a> et des artistes r\u00e9gionaux, offrant \u00e0 la sc\u00e8ne locale une vitrine exceptionnelle. En bref, c\u2019est cette alliance entre rigueur technique, conscience \u00e9cologique et passion musicale qui fait de Sonora l\u2019un des <a href=\"https:\/\/passion-aquitaine.ouest-france.fr\/festivals\/\" target=\"_blank\" rel=\"noopener\">meilleurs festivals de Nouvelle-Aquitaine<\/a>.<\/p>\n","protected":false},"excerpt":{"rendered":"\ud83d\udd52 Article publi\u00e9 le 23 octobre 2025&#13; \u2705 Mis \u00e0 jour le 23 octobre 2025 L\u2019attente touche \u00e0&hellip;\n","protected":false},"author":2,"featured_media":483617,"comment_status":"","ping_status":"","sticky":false,"template":"","format":"standard","meta":{"footnotes":""},"categories":[2817],"tags":[1111,11,1997,1777,674,60696,1011,27,2905,35916,60697,12,2219,7054,25,60695,10235,11512,42964],"class_list":{"0":"post-483616","1":"post","2":"type-post","3":"status-publish","4":"format-standard","5":"has-post-thumbnail","7":"category-bordeaux","8":"tag-actu","9":"tag-actualites","10":"tag-bordeaux","11":"tag-eu","12":"tag-europe","13":"tag-festival-u00e9lectro","14":"tag-fr","15":"tag-france","16":"tag-gironde","17":"tag-i-hate-models","18":"tag-kasst","19":"tag-news","20":"tag-nouvelle-aquitaine","21":"tag-parc-des-expositions","22":"tag-republique-francaise","23":"tag-sonora-2025","24":"tag-techno","25":"tag-trance","26":"tag-vladimir-cauchemar"},"share_on_mastodon":{"url":"https:\/\/pubeurope.com\/@fr\/115421837263978438","error":""},"_links":{"self":[{"href":"https:\/\/www.europesays.com\/fr\/wp-json\/wp\/v2\/posts\/483616","targetHints":{"allow":["GET"]}}],"collection":[{"href":"https:\/\/www.europesays.com\/fr\/wp-json\/wp\/v2\/posts"}],"about":[{"href":"https:\/\/www.europesays.com\/fr\/wp-json\/wp\/v2\/types\/post"}],"author":[{"embeddable":true,"href":"https:\/\/www.europesays.com\/fr\/wp-json\/wp\/v2\/users\/2"}],"replies":[{"embeddable":true,"href":"https:\/\/www.europesays.com\/fr\/wp-json\/wp\/v2\/comments?post=483616"}],"version-history":[{"count":0,"href":"https:\/\/www.europesays.com\/fr\/wp-json\/wp\/v2\/posts\/483616\/revisions"}],"wp:featuredmedia":[{"embeddable":true,"href":"https:\/\/www.europesays.com\/fr\/wp-json\/wp\/v2\/media\/483617"}],"wp:attachment":[{"href":"https:\/\/www.europesays.com\/fr\/wp-json\/wp\/v2\/media?parent=483616"}],"wp:term":[{"taxonomy":"category","embeddable":true,"href":"https:\/\/www.europesays.com\/fr\/wp-json\/wp\/v2\/categories?post=483616"},{"taxonomy":"post_tag","embeddable":true,"href":"https:\/\/www.europesays.com\/fr\/wp-json\/wp\/v2\/tags?post=483616"}],"curies":[{"name":"wp","href":"https:\/\/api.w.org\/{rel}","templated":true}]}}