{"id":483618,"date":"2025-10-23T05:30:14","date_gmt":"2025-10-23T05:30:14","guid":{"rendered":"https:\/\/www.europesays.com\/fr\/483618\/"},"modified":"2025-10-23T05:30:14","modified_gmt":"2025-10-23T05:30:14","slug":"depuis-plus-dun-an-une-avalanche-de-signalements","status":"publish","type":"post","link":"https:\/\/www.europesays.com\/fr\/483618\/","title":{"rendered":"depuis plus d&rsquo;un an, \u00ab\u00a0une avalanche de signalements\u00a0\u00bb"},"content":{"rendered":"<p>            Par<br \/>\n        <strong><br \/>\n            <a href=\"https:\/\/actu.fr\/auteur\/hugo-hancewicz\" title=\"Consulter tous les articles de Hugo Hancewicz\" target=\"_blank\" rel=\"noopener\">Hugo Hancewicz<\/a><br \/>\n        <\/strong><\/p>\n<p>        Publi\u00e9 le<\/p>\n<p>            23 oct. 2025 \u00e0 7h12        <\/p>\n<p>Il y a plus d\u2019un an et demi, un fracas avait r\u00e9sonn\u00e9 dans le c\u0153ur de la ville rose. Le 9\u00a0mars 2024, <a href=\"https:\/\/actu.fr\/occitanie\/toulouse_31555\/toulouse-l-immeuble-en-peril-s-est-effondre-rue-saint-rome-recherche-de-victimes-en-cours_60799485.html\" target=\"_blank\" rel=\"noopener\">un immeuble de la rue Saint-Rome<\/a>, en plein centre historique de <strong><a href=\"https:\/\/actu.fr\/toulouse\/\" target=\"_blank\" rel=\"noopener\">Toulouse<\/a><\/strong>, <strong>s\u2019effondrait<\/strong> au petit matin. Par chance, le b\u00e2timent avait \u00e9t\u00e9 \u00e9vacu\u00e9 \u00e0 temps et aucune victime n\u2019\u00e9tait \u00e0 d\u00e9plorer. Mais pour les riverains et les commer\u00e7ants alentour, le choc a laiss\u00e9 des traces. Depuis, le calme est revenu et les fa\u00e7ades voisines ont commenc\u00e9 \u00e0 \u00eatre scrut\u00e9es d\u2019un autre \u0153il. Derri\u00e8re les volets anciens et <strong>les murs de briques roses<\/strong>, plusieurs questions taraudent toujours les habitants\u2009: d\u2019autres immeubles risquent-ils le m\u00eame sort\u2009? Et comment pr\u00e9venir une telle catastrophe\u2009? Reportage avec les \u00e9quipes de la mairie de Toulouse.<\/p>\n<p>Une multitude de signalements depuis 2024<\/p>\n<p class=\" wall-content\">Depuis ce <a href=\"https:\/\/actu.fr\/occitanie\/toulouse_31555\/toulouse-effondrement-d-immeuble-rue-saint-rome-les-questions-qui-se-posent_60800079.html\" target=\"_blank\" rel=\"noopener\">terrible jour de mars\u00a02024<\/a>, les services municipaux ont vu leurs dossiers exploser. \u00ab\u2009Nous avons fait face \u00e0 une v\u00e9ritable <strong>avalanche<\/strong> de signalements\u2009\u00bb, confie <strong>Fran\u00e7ois Chauvet<\/strong>, directeur de la protection de la population \u00e0 la mairie de Toulouse. En un an, le nombre d\u2019alertes est pass\u00e9 d\u2019une cinquantaine <strong>\u00e0 plus de 400<\/strong>. Fissures inqui\u00e9tantes, murs fragilis\u00e9s, fa\u00e7ades en mauvais \u00e9tat, logements insalubres\u2026 la liste des pr\u00e9occupations n\u2019a cess\u00e9 de s\u2019allonger.<\/p>\n<p class=\" wall-content\">Et les cons\u00e9quences se sont rapidement fait sentir. Entre <strong>15 et 20<\/strong> <strong>arr\u00eat\u00e9s de p\u00e9ril<\/strong> ont \u00e9t\u00e9 pris au cours de l\u2019ann\u00e9e. Concr\u00e8tement, une telle mesure est prise lorsqu\u2019un immeuble ou ses parties communes pr\u00e9sentent un <strong>danger de s\u00e9curit\u00e9<\/strong> pour ses occupants, des voisins, des passants, en raison de sa solidit\u00e9. Pour \u00e9viter que le drame ne se r\u00e9p\u00e8te, la mairie mise d\u00e9sormais sur la pr\u00e9vention.<\/p>\n<blockquote class=\"ac-article-quote wall-content\">\n<p>Nous travaillons d\u00e9sormais davantage en amont, en sensibilisant copropri\u00e9t\u00e9s et agences immobili\u00e8res pour qu\u2019elles fassent elles-m\u00eames les diagnostics avant qu\u2019il ne soit trop tard.<\/p>\n<p>    <strong>Fran\u00e7ois Chauvet<\/strong><br \/>\n        Directeur de la protection de la population de la ville de Toulouse    <\/p><\/blockquote>\n<p>Rue Temponi\u00e8res\u2009: un immeuble sous surveillance<\/p>\n<p class=\" wall-content\">Parmi les exemples, la situation d\u2019un immeuble de la rue Temponi\u00e8res, \u00e0 deux pas du 4 rue Saint-Rome. L\u00e0 encore, la <strong>fa\u00e7ade<\/strong> montrait <a href=\"https:\/\/actu.fr\/occitanie\/toulouse_31555\/toulouse-un-nouvel-immeuble-menace-de-s-effondrer-au-centre-ville-son-renforcement-est-impressionnant_61949901.html\" target=\"_blank\" rel=\"noopener\">des signes inqui\u00e9tants<\/a>, \u00ab\u2009elle avait tendance \u00e0 venir sur la rue\u2009\u00bb, relate Fran\u00e7ois Chauvet.<\/p>\n<p class=\" wall-content\">La mairie est intervenue en urgence pour <strong>stabiliser<\/strong> le b\u00e2timent, une op\u00e9ration chiffr\u00e9e entre 150\u2009000 et 180\u2009000 euros. Depuis un an, le b\u00e2timent est vide et attend que les copropri\u00e9taires prennent le relais pour assurer la <strong>suite des travaux<\/strong>.<\/p>\n<p>    <img   decoding=\"async\" loading=\"lazy\" src=\"https:\/\/www.europesays.com\/fr\/wp-content\/uploads\/2025\/10\/immeuble-2-960x640.jpg\" alt=\"Ci-dessus, l'immeuble rue Temponi\u00e8res a \u00e9t\u00e9 stabilis\u00e9.\" width=\"960\" height=\"640\"\/><br \/>\n    Ci-dessus, l\u2019immeuble rue Temponi\u00e8res a \u00e9t\u00e9 stabilis\u00e9. (\u00a9Hugo Hancewicz\/Actu Toulouse)<\/p>\n<p>Votre r\u00e9gion, votre actu !<\/p>\n<p>Recevez chaque jour les infos qui comptent pour vous.<\/p>\n<p>\t<a href=\"https:\/\/actu.fr\/newsletter\" class=\"ac-btn ac-btn--corner ac-btn--medium ac-btn--blue800\" target=\"_blank\" rel=\"noopener\">S&rsquo;incrire<\/a><\/p>\n<p class=\" wall-content\">Mais ces travaux, co\u00fbteux et complexes, peuvent prendre (beaucoup) de temps.<\/p>\n<p class=\" wall-content\">\u00ab Il faut que tout le monde s\u2019accorde et que les <strong>fonds n\u00e9cessaires<\/strong> soient trouv\u00e9s\u2009\u00bb, pr\u00e9cise-t-on c\u00f4t\u00e9 mairie. En attendant, les imposants \u00e9chafaudages et \u00e9tais en bois restent adoss\u00e9s aux fa\u00e7ades dans de nombreuses rues du centre historique de Toulouse.<\/p>\n<p>Des commer\u00e7ants qui reprennent des couleurs<\/p>\n<p class=\" wall-content\">Du c\u00f4t\u00e9 des commer\u00e7ants, la vie a rapidement repris. Apr\u00e8s des<a href=\"https:\/\/actu.fr\/occitanie\/toulouse_31555\/toulouse-voisins-de-l-immeuble-effondre-ces-commercants-sont-inquiets_60813760.html\" target=\"_blank\" rel=\"noopener\"> semaines compliqu\u00e9es<\/a> et des rues barr\u00e9es, <strong>le flux de clients<\/strong> est bel et bien de retour. Certains ont m\u00eame pu b\u00e9n\u00e9ficier de terrasses suppl\u00e9mentaires pour relancer leur activit\u00e9, et de <strong>nouvelles enseignes<\/strong> se sont install\u00e9es dans le quartier. Un signe encourageant qui montre que l\u2019hypercentre attire toujours autant.<\/p>\n<p class=\" wall-content\">\u00ab\u2009Il y a eu des inqui\u00e9tudes, bien s\u00fbr, mais personne ne dit \u2018je ne veux plus vivre dans le centre\u2019\u2009\u00bb, assure <strong>Laurence Katzenmayer<\/strong>, la maire de quartier. Et l\u2019\u00e9lue se r\u00e9jouit toujours autant de voir les \u00e9tudiants s\u2019installer <a href=\"https:\/\/actu.fr\/occitanie\/toulouse_31555\/c-est-devenu-un-luxe-de-se-loger-les-loyers-explosent-les-etudiants-fuient-ce-quartier-de-toulouse_63309132.html\" target=\"_blank\" rel=\"noopener\">dans le c\u0153ur de ville<\/a>.<\/p>\n<p>Des avanc\u00e9es pour le 4 rue Saint-Rome\u2009?<\/p>\n<p class=\" wall-content\">La fameuse <a href=\"https:\/\/actu.fr\/occitanie\/toulouse_31555\/toulouse-cette-tour-des-capitouls-est-elle-menacee-d-effondrement_60807466.html\" target=\"_blank\" rel=\"noopener\">tour Serta<\/a>, adoss\u00e9e au 4 rue Saint-Rome, demeure le <strong>symbole<\/strong> de cette ann\u00e9e dramatique et fait encore aujourd\u2019hui l\u2019objet d\u2019une <strong>surveillance<\/strong> \u00e9troite. Des capteurs de mouvement y ont \u00e9t\u00e9 install\u00e9s, et selon la mairie, le b\u00e2timent \u00ab\u2009ne bouge quasiment pas\u2009\u00bb.<\/p>\n<p>    <img   decoding=\"async\" loading=\"lazy\" src=\"https:\/\/www.europesays.com\/fr\/wp-content\/uploads\/2025\/10\/tour-serta-960x640.jpg\" alt=\"Des capteurs de mouvement sont install\u00e9s sur la tour Serta.\" width=\"960\" height=\"640\"\/><br \/>\n    Des capteurs de mouvement sont install\u00e9s sur la tour Serta. (\u00a9Hugo Hancewicz\/Actu Toulouse)<\/p>\n<p class=\" wall-content\">Les propri\u00e9taires planchent d\u00e9sormais sur la meilleure mani\u00e8re de <strong>reconstruire l\u2019immeuble<\/strong>. Une pr\u00e9sentation du projet est attendue avant la fin de l\u2019ann\u00e9e.<\/p>\n<p class=\" wall-content\">Personnalisez votre actualit\u00e9 en ajoutant vos villes et m\u00e9dias en favori avec <a href=\"https:\/\/moncompte.actu.fr\" title=\"D\u00e9couvez Mon Actu\" rel=\"nofollow noopener\" data-trk=\"{&quot;cta&quot;:{&quot;action&quot;:&quot;https:\\\/\\\/moncompte.actu.fr&quot;,&quot;category&quot;:&quot;mon compte&quot;,&quot;from&quot;:&quot;article footer&quot;,&quot;name&quot;:&quot;Mon actu&quot;,&quot;type&quot;:&quot;cta&quot;}}\" target=\"_blank\">Mon Actu<\/a>.<\/p>\n","protected":false},"excerpt":{"rendered":"Par Hugo Hancewicz Publi\u00e9 le 23 oct. 2025 \u00e0 7h12 Il y a plus d\u2019un an et demi,&hellip;\n","protected":false},"author":2,"featured_media":483619,"comment_status":"","ping_status":"","sticky":false,"template":"","format":"standard","meta":{"footnotes":""},"categories":[2816],"tags":[1111,11,1777,674,1011,27,1908,12,2680,25,104,2312,2086],"class_list":{"0":"post-483618","1":"post","2":"type-post","3":"status-publish","4":"format-standard","5":"has-post-thumbnail","7":"category-toulouse","8":"tag-actu","9":"tag-actualites","10":"tag-eu","11":"tag-europe","12":"tag-fr","13":"tag-france","14":"tag-logement","15":"tag-news","16":"tag-occitanie","17":"tag-republique-francaise","18":"tag-societe","19":"tag-toulouse","20":"tag-travaux"},"share_on_mastodon":{"url":"https:\/\/pubeurope.com\/@fr\/115421841030942573","error":""},"_links":{"self":[{"href":"https:\/\/www.europesays.com\/fr\/wp-json\/wp\/v2\/posts\/483618","targetHints":{"allow":["GET"]}}],"collection":[{"href":"https:\/\/www.europesays.com\/fr\/wp-json\/wp\/v2\/posts"}],"about":[{"href":"https:\/\/www.europesays.com\/fr\/wp-json\/wp\/v2\/types\/post"}],"author":[{"embeddable":true,"href":"https:\/\/www.europesays.com\/fr\/wp-json\/wp\/v2\/users\/2"}],"replies":[{"embeddable":true,"href":"https:\/\/www.europesays.com\/fr\/wp-json\/wp\/v2\/comments?post=483618"}],"version-history":[{"count":0,"href":"https:\/\/www.europesays.com\/fr\/wp-json\/wp\/v2\/posts\/483618\/revisions"}],"wp:featuredmedia":[{"embeddable":true,"href":"https:\/\/www.europesays.com\/fr\/wp-json\/wp\/v2\/media\/483619"}],"wp:attachment":[{"href":"https:\/\/www.europesays.com\/fr\/wp-json\/wp\/v2\/media?parent=483618"}],"wp:term":[{"taxonomy":"category","embeddable":true,"href":"https:\/\/www.europesays.com\/fr\/wp-json\/wp\/v2\/categories?post=483618"},{"taxonomy":"post_tag","embeddable":true,"href":"https:\/\/www.europesays.com\/fr\/wp-json\/wp\/v2\/tags?post=483618"}],"curies":[{"name":"wp","href":"https:\/\/api.w.org\/{rel}","templated":true}]}}