{"id":483622,"date":"2025-10-23T05:32:18","date_gmt":"2025-10-23T05:32:18","guid":{"rendered":"https:\/\/www.europesays.com\/fr\/483622\/"},"modified":"2025-10-23T05:32:18","modified_gmt":"2025-10-23T05:32:18","slug":"lille-6-nouvelles-boutiques-et-3-demenagements-au-centre-commercial-westfield-euralille","status":"publish","type":"post","link":"https:\/\/www.europesays.com\/fr\/483622\/","title":{"rendered":"Lille. 6 nouvelles boutiques et 3 d\u00e9m\u00e9nagements au centre commercial Westfield Euralille"},"content":{"rendered":"<p>            Par<br \/>\n        <strong><br \/>\n            <a href=\"https:\/\/actu.fr\/auteur\/hervine-mahaud\" title=\"Consulter tous les articles de Hervine Mahaud\" target=\"_blank\" rel=\"noopener\">Hervine Mahaud<\/a><br \/>\n        <\/strong><\/p>\n<p>        Publi\u00e9 le<\/p>\n<p>            23 oct. 2025 \u00e0 6h44        <\/p>\n<p>\u00c0 l\u2019approche de la fin d\u2019ann\u00e9e 2025, le <b>centre commercial Westfield Euralille<\/b>, \u00e0 <a href=\"https:\/\/actu.fr\/lille\/\" target=\"_blank\" rel=\"noopener\">Lille<\/a>, fourmille de nouveaut\u00e9s. Certaines <b>boutiques<\/b> peaufinent les derniers d\u00e9tails avant leur <b>ouverture<\/b>\u00a0tant attendue. D\u2019autres enseignes sont \u00e9galement en train de se refaire une beaut\u00e9, et en profitent pour <b>changer d\u2019emplacement<\/b>. \u00c0 l\u2019instar de <a href=\"https:\/\/actu.fr\/hauts-de-france\/lille_59350\/balzac-paris-bolkiri-escapad-25-nouvelles-ouvertures-de-boutiques-magasins-et-restaurants-a-lille_63316093.html\" target=\"_blank\" rel=\"noopener\">ce qu\u2019il se passe en ce moment dans les rues de Lille<\/a>, l\u2019actualit\u00e9 est riche dans les all\u00e9es du plus grand centre commercial de la r\u00e9gion.\u00a0<\/p>\n<p>Pop Mart<\/p>\n<p class=\" wall-content\">C\u2019est l\u2019enseigne la plus attendue de toutes, et qui devrait attirer \u00e9norm\u00e9ment de monde d\u00e8s son ouverture. <b>Pop Mart<\/b>, la marque chinoise devenue culte pour ses\u00a0<b>jouets \u00e0 collectionner<\/b>, et notamment les c\u00e9l\u00e8bres Labubu, va inaugurer sa boutique lilloise le jeudi 30 octobre.<\/p>\n<p class=\" wall-content\"><a href=\"https:\/\/www.instagram.com\/p\/DP3vrfVjTVW\/embed\" title=\"Ouvrir le lien sur Instagram\" target=\"_blank\" rel=\"noopener\">Visualiser le contenu sur Instagram<\/a><\/p>\n<p class=\" wall-content\">D\u00e8s 9h30, les fans pourront retrouver sur place tout l\u2019univers de la marque, dans un local situ\u00e9 \u00e0 gauche de l\u2019entr\u00e9e principale,\u00a0entre Claire\u2019s et Lego. Les collections les plus connues devraient bien s\u00fbr y figurer. Les fans pourront \u00e9galement d\u00e9couvrir\u00a0les nouvelles s\u00e9ries exclusives\u00a0et\u00a0les \u00e9ditions limit\u00e9es\u00a0disponibles uniquement en boutique.<\/p>\n<p>    <img   decoding=\"async\" loading=\"lazy\" class=\"size-large\" src=\"https:\/\/www.europesays.com\/fr\/wp-content\/uploads\/2025\/10\/824ea72ea0f86a64ea72ea0f89a4eav-1-960x640.jpg\" alt=\"pop mart labubu boutique magasin centre commercial westfield euralille lille\" width=\"960\" height=\"640\"\/><br \/>\n    Les Lillois vont bient\u00f4t pouvoir faire le plein de Labubu. \u00a9Hervine Mahaud\/Ivan CapecchiEscapad<\/p>\n<p class=\" wall-content\">D\u00e9butants, amateurs ou sportifs confirm\u00e9s, ce nouveau spot devrait vous plaire.\u00a0<b>Escapad<\/b>\u00a0propose de l\u2019escalade de bloc et du padel au 2\u00e8me \u00e9tage du centre commercial\u00a0Westfield Euralille. Le lieu comportera aussi un bar et un restaurant. Ouverture pr\u00e9vue prochainement.<\/p>\n<p>    <img   decoding=\"async\" loading=\"lazy\" class=\"size-large\" src=\"https:\/\/www.europesays.com\/fr\/wp-content\/uploads\/2025\/10\/f40b612b61f86190b612b61f80d0b6v-1-960x640.jpg\" alt=\"escapad lille\" width=\"960\" height=\"640\"\/><br \/>\n    Une salle d\u2019escalade, de padel, avec un restaurant s\u2019installe au 2\u00e8me \u00e9tage du centre. \u00a9Hervine MahaudMS Mode<\/p>\n<p class=\" wall-content\"><a href=\"https:\/\/actu.fr\/hauts-de-france\/lille_59350\/lille-une-nouvelle-boutique-ouvre-ses-portes-dans-le-centre-commercial-lillenium_61940403.html\" target=\"_blank\" rel=\"noopener\">Apr\u00e8s Lillenium<\/a>, <b>MS Mode<\/b> s\u2019installe chez Westfield. Cette marque, sp\u00e9cialiste de la mode f\u00e9minine, curvy et confortable, propose des v\u00eatements de la taille 40 \u00e0 la taille 54.\u00a0<\/p>\n<p>    <img   decoding=\"async\" loading=\"lazy\" class=\"size-large\" src=\"https:\/\/www.europesays.com\/fr\/wp-content\/uploads\/2025\/10\/f4f4d2e3b8f86e8f4d2e3b8f8bcf4dv-960x640.jpg\" alt=\"MS Mode Westfield euralille\" width=\"960\" height=\"640\"\/><br \/>\n    La marque MS Mode installe une boutique au centre commercial lillois. \u00a9Hervine Mahaud<\/p>\n<p>Votre r\u00e9gion, votre actu !<\/p>\n<p>Recevez chaque jour les infos qui comptent pour vous.<\/p>\n<p>\t<a href=\"https:\/\/actu.fr\/newsletter\" class=\"ac-btn ac-btn--corner ac-btn--medium ac-btn--blue800\" target=\"_blank\" rel=\"noopener\">S&rsquo;incrire<\/a><br \/>\nADJ Paris<\/p>\n<p class=\" wall-content\">Pr\u00e9sente dans d\u2019autres centres commerciaux Westfield de France, cette jeune marque parisienne d\u00e9barque \u00e0 Lille. <b>ADJ Paris<\/b> propose du street wear minimaliste pour hommes. T-shirts, sweats, jeans\u2026 Tous les basiques sont l\u00e0, avec une petite touche originale (un c\u0153ur, une inscription,\u2026) pour faire la diff\u00e9rence. L\u2019ouverture de la boutique est pr\u00e9vue le 31 octobre.<\/p>\n<p>    <img   decoding=\"async\" loading=\"lazy\" class=\"size-large\" src=\"https:\/\/www.europesays.com\/fr\/wp-content\/uploads\/2025\/10\/0397c2e3b8f86b797c2e3b8f8cb97cv-960x640.jpg\" alt=\"ADJ Paris Westfield euralille\" width=\"960\" height=\"640\"\/><br \/>\n    ADJ Paris ouvre sa premi\u00e8re boutique \u00e0 Lille. \u00a9Hervine MahaudLa Gazelle d\u2019Or<\/p>\n<p class=\" wall-content\">L\u2019enseigne de restauration s\u2019est fait une renomm\u00e9e dans d\u2019autres villes gr\u00e2ce \u00e0 sa carte g\u00e9n\u00e9reuse. <b>La Gazelle d\u2019Or<\/b> propose \u00e0 ses clients une \u00e9vasion culinaire gr\u00e2ce aux <b>plats marocains<\/b> qu\u2019elle concocte. Le restaurant lillois a ouvert ses portes cet automne. Il se situe au niveau 0, apr\u00e8s Zara, et \u00e0 la place de Mezzo di Pasta.<\/p>\n<p>    <img   decoding=\"async\" loading=\"lazy\" class=\"size-large\" src=\"https:\/\/www.europesays.com\/fr\/wp-content\/uploads\/2025\/10\/45abd2e3b8f861aabd2e3b8f8deabdv-960x640.jpg\" alt=\"La Gazelle d'Or Westfield euralille\" width=\"960\" height=\"640\"\/><br \/>\n    La Gazelle d\u2019Or propose des plats aux saveurs marocaines. \u00a9Hervine MahaudDonuts &amp; Donuts<\/p>\n<p class=\" wall-content\">Inutile de pr\u00e9senter cette <a href=\"https:\/\/actu.fr\/hauts-de-france\/lille_59350\/donuts-amp-donuts-une-patisserie-girly-dediee-au-petit-beignet-ouvre-a-lille_46343233.html\" target=\"_blank\" rel=\"noopener\">enseigne lilloise qui conna\u00eet une superbe success story<\/a>. Avec plus de 20 boutiques en France, <b>Donuts &amp; Donuts<\/b> est devenue l\u2019enseigne gourmande id\u00e9ale pour le go\u00fbter. La nouvelle boutique a ouvert le 14 octobre et se situe au 1er \u00e9tage de Westfield Euralille.<\/p>\n<p>    <img   decoding=\"async\" loading=\"lazy\" class=\"size-large\" src=\"https:\/\/www.europesays.com\/fr\/wp-content\/uploads\/2025\/10\/b0adc2e3b8f86a4adc2e3b8f898adcv-960x640.jpg\" alt=\"Donus &amp; donuts Westfield euralille\" width=\"960\" height=\"640\"\/><br \/>\n    Donus &amp; Donuts poursuit son ascension en ouvrant une boutique dans ce temple du shopping. \u00a9Hervine MahaudNocib\u00e9<\/p>\n<p class=\" wall-content\">Un d\u00e9m\u00e9nagement s\u2019est particuli\u00e8rement fait remarquer ces derni\u00e8res semaines. Celui de la <b>parfumerie Nocib\u00e9<\/b>, auparavant coinc\u00e9e entre la marque de cosm\u00e9tiques Wycon et Promod. Le 30 septembre dernier, elle s\u2019est install\u00e9e dans le grand local du rez-de-chauss\u00e9e, situ\u00e9 pr\u00e8s de l\u2019escalator et du kiosque Paul.<\/p>\n<p>    <img   decoding=\"async\" loading=\"lazy\" class=\"size-large\" src=\"https:\/\/www.europesays.com\/fr\/wp-content\/uploads\/2025\/10\/ef8ad2e3b8f86449ad2e3b8f8289adv-960x640.jpg\" alt=\"Nocib\u00e9 Westfield euralille\" width=\"960\" height=\"640\"\/><br \/>\n    La parfumerie Nocib\u00e9 a d\u00e9m\u00e9nag\u00e9 dans un local bien plus grand, et visible. \u00a9Hervine MahaudHollister<\/p>\n<p class=\" wall-content\">La boutique de la marque am\u00e9ricaine, petite s\u0153ur d\u2019Abercrombie, va aussi faire ses cartons. <b>Hollister<\/b> va prochainement s\u2019installer dans un local rest\u00e9 vide depuis le d\u00e9part de Desigual, toujours au 1er \u00e9tage du centre.<\/p>\n<p>    <img   decoding=\"async\" loading=\"lazy\" class=\"size-large\" src=\"https:\/\/www.europesays.com\/fr\/wp-content\/uploads\/2025\/10\/843613e3b8f86d83613e3b8f8ec361v-960x640.jpg\" alt=\"Hollister Westfield euralille\" width=\"960\" height=\"640\"\/><br \/>\n    Hollister d\u00e9m\u00e9nage quelques m\u00e8tres plus loin, mais reste au niveau 1. \u00a9Hervine MahaudRituals<\/p>\n<p class=\" wall-content\">La <b>boutique Rituals<\/b> va elle aussi avoir droit \u00e0 un nouvel emplacement. Auparavant install\u00e9e \u00e0 c\u00f4t\u00e9 de Mango, au rez-de-chauss\u00e9e, elle d\u00e9m\u00e9nage quelques m\u00e8tres plus loin. La nouvelle boutique sera situ\u00e9e entre Undiz et Calzedonia, et remplace Jeff de Bruges.<\/p>\n<p>    <img   decoding=\"async\" loading=\"lazy\" class=\"size-large\" src=\"https:\/\/www.europesays.com\/fr\/wp-content\/uploads\/2025\/10\/985823e3b8f86cf8823e3b8f814982v-960x640.jpg\" alt=\"Rituals\" width=\"960\" height=\"640\"\/><br \/>\n    La marque Rituals pr\u00e9pare l\u2019ouverture de sa nouvelle boutique. \u00a9Hervine Mahaud<\/p>\n<p class=\" wall-content\">Enfin, \u00e0 noter que le <b>restaurant Burger King<\/b> est actuellement en travaux, au niveau -1, du c\u00f4t\u00e9 de la porte Lille Europe.<\/p>\n<p class=\" wall-content\">Personnalisez votre actualit\u00e9 en ajoutant vos villes et m\u00e9dias en favori avec <a href=\"https:\/\/moncompte.actu.fr\" title=\"D\u00e9couvez Mon Actu\" rel=\"nofollow noopener\" data-trk=\"{&quot;cta&quot;:{&quot;action&quot;:&quot;https:\\\/\\\/moncompte.actu.fr&quot;,&quot;category&quot;:&quot;mon compte&quot;,&quot;from&quot;:&quot;article footer&quot;,&quot;name&quot;:&quot;Mon actu&quot;,&quot;type&quot;:&quot;cta&quot;}}\" target=\"_blank\">Mon Actu<\/a>.<\/p>\n<p>                    <script async src=\"\/\/www.instagram.com\/embed.js\"><\/script><\/p>\n","protected":false},"excerpt":{"rendered":"Par Hervine Mahaud Publi\u00e9 le 23 oct. 2025 \u00e0 6h44 \u00c0 l\u2019approche de la fin d\u2019ann\u00e9e 2025, le&hellip;\n","protected":false},"author":2,"featured_media":483623,"comment_status":"","ping_status":"","sticky":false,"template":"","format":"standard","meta":{"footnotes":""},"categories":[2815],"tags":[1111,11,215,33,1777,674,1011,27,811,1307,12,3147,25],"class_list":{"0":"post-483622","1":"post","2":"type-post","3":"status-publish","4":"format-standard","5":"has-post-thumbnail","7":"category-lille","8":"tag-actu","9":"tag-actualites","10":"tag-commerce","11":"tag-economie","12":"tag-eu","13":"tag-europe","14":"tag-fr","15":"tag-france","16":"tag-hauts-de-france","17":"tag-lille","18":"tag-news","19":"tag-nouveaux-commerces","20":"tag-republique-francaise"},"share_on_mastodon":{"url":"https:\/\/pubeurope.com\/@fr\/115421849253077153","error":""},"_links":{"self":[{"href":"https:\/\/www.europesays.com\/fr\/wp-json\/wp\/v2\/posts\/483622","targetHints":{"allow":["GET"]}}],"collection":[{"href":"https:\/\/www.europesays.com\/fr\/wp-json\/wp\/v2\/posts"}],"about":[{"href":"https:\/\/www.europesays.com\/fr\/wp-json\/wp\/v2\/types\/post"}],"author":[{"embeddable":true,"href":"https:\/\/www.europesays.com\/fr\/wp-json\/wp\/v2\/users\/2"}],"replies":[{"embeddable":true,"href":"https:\/\/www.europesays.com\/fr\/wp-json\/wp\/v2\/comments?post=483622"}],"version-history":[{"count":0,"href":"https:\/\/www.europesays.com\/fr\/wp-json\/wp\/v2\/posts\/483622\/revisions"}],"wp:featuredmedia":[{"embeddable":true,"href":"https:\/\/www.europesays.com\/fr\/wp-json\/wp\/v2\/media\/483623"}],"wp:attachment":[{"href":"https:\/\/www.europesays.com\/fr\/wp-json\/wp\/v2\/media?parent=483622"}],"wp:term":[{"taxonomy":"category","embeddable":true,"href":"https:\/\/www.europesays.com\/fr\/wp-json\/wp\/v2\/categories?post=483622"},{"taxonomy":"post_tag","embeddable":true,"href":"https:\/\/www.europesays.com\/fr\/wp-json\/wp\/v2\/tags?post=483622"}],"curies":[{"name":"wp","href":"https:\/\/api.w.org\/{rel}","templated":true}]}}