{"id":483626,"date":"2025-10-23T05:34:13","date_gmt":"2025-10-23T05:34:13","guid":{"rendered":"https:\/\/www.europesays.com\/fr\/483626\/"},"modified":"2025-10-23T05:34:13","modified_gmt":"2025-10-23T05:34:13","slug":"la-marseillaise-avec-lart-et-la-matiere","status":"publish","type":"post","link":"https:\/\/www.europesays.com\/fr\/483626\/","title":{"rendered":"\u00ab La Marseillaise \u00bb avec l\u2019art et la mati\u00e8re"},"content":{"rendered":"\n<p>Pierre Ambrogiani, peintre engag\u00e9, autodidacte issu du monde du travail, avait La\u00a0Marseillaise au c\u0153ur. L\u2019immense toile offerte aux dirigeants de notre journal dans les ann\u00e9es 1960 en t\u00e9moigne. Les ouvriers du livre et les rotatives y sont repr\u00e9sent\u00e9es sous les vo\u00fbtes caract\u00e9ristiques qui abritent toujours le si\u00e8ge de La\u00a0Marseillaise. Sujet d\u2019expression, notre journal a m\u00eame \u00e9t\u00e9 pour l\u2019artiste une mati\u00e8re premi\u00e8re dans une s\u00e9rie de cr\u00e9ations o\u00f9 il appara\u00eet sous forme de collage.<\/p>\n<p>40\u00a0ans apr\u00e8s son d\u00e9c\u00e8s, La\u00a0Marseillaise et Campus art M\u00e9diterran\u00e9e, l\u2019\u00e9tablissement public qui regroupe le conservatoire Pierre-Barbizet de Marseille, les Beaux-Arts de Marseille et l\u2019Ifamm, s\u2019associent pour que ces \u0153uvres trouvent un \u00e9cho artistique dans le monde d\u2019aujourd\u2019hui. \u00ab\u00a0Il s\u2019agit notamment d\u2019accueillir les membres des ateliers publics des beaux-arts, ateliers de pratiques amateurs, pour interagir avec l\u2019\u0153uvre d\u2019Ambrogiani, plus particuli\u00e8rement celle qui est h\u00e9berg\u00e9e au si\u00e8ge du journal, et qui fera l\u2019objet d\u2019une nouvelle restauration\u00a0\u00bb, indique Rapha\u00ebl Imbert, directeur de l\u2019\u00e9tablissement.<\/p>\n<p>Les cr\u00e9ations produites \u00e0 cette occasion pourraient ensuite \u00eatre expos\u00e9es Aux rotatives de\u00a0La\u00a0Marseillaise&#8230; \u00c9videmment\u00a0!<\/p>\n","protected":false},"excerpt":{"rendered":"Pierre Ambrogiani, peintre engag\u00e9, autodidacte issu du monde du travail, avait La\u00a0Marseillaise au c\u0153ur. L\u2019immense toile offerte aux&hellip;\n","protected":false},"author":2,"featured_media":483627,"comment_status":"","ping_status":"","sticky":false,"template":"","format":"standard","meta":{"footnotes":""},"categories":[2814],"tags":[1111,11,13701,1777,674,1011,27,884,12,882,25],"class_list":{"0":"post-483626","1":"post","2":"type-post","3":"status-publish","4":"format-standard","5":"has-post-thumbnail","7":"category-marseille","8":"tag-actu","9":"tag-actualites","10":"tag-campus","11":"tag-eu","12":"tag-europe","13":"tag-fr","14":"tag-france","15":"tag-marseille","16":"tag-news","17":"tag-provence-alpes-cote-dazur","18":"tag-republique-francaise"},"share_on_mastodon":{"url":"https:\/\/pubeurope.com\/@fr\/115421856852786665","error":""},"_links":{"self":[{"href":"https:\/\/www.europesays.com\/fr\/wp-json\/wp\/v2\/posts\/483626","targetHints":{"allow":["GET"]}}],"collection":[{"href":"https:\/\/www.europesays.com\/fr\/wp-json\/wp\/v2\/posts"}],"about":[{"href":"https:\/\/www.europesays.com\/fr\/wp-json\/wp\/v2\/types\/post"}],"author":[{"embeddable":true,"href":"https:\/\/www.europesays.com\/fr\/wp-json\/wp\/v2\/users\/2"}],"replies":[{"embeddable":true,"href":"https:\/\/www.europesays.com\/fr\/wp-json\/wp\/v2\/comments?post=483626"}],"version-history":[{"count":0,"href":"https:\/\/www.europesays.com\/fr\/wp-json\/wp\/v2\/posts\/483626\/revisions"}],"wp:featuredmedia":[{"embeddable":true,"href":"https:\/\/www.europesays.com\/fr\/wp-json\/wp\/v2\/media\/483627"}],"wp:attachment":[{"href":"https:\/\/www.europesays.com\/fr\/wp-json\/wp\/v2\/media?parent=483626"}],"wp:term":[{"taxonomy":"category","embeddable":true,"href":"https:\/\/www.europesays.com\/fr\/wp-json\/wp\/v2\/categories?post=483626"},{"taxonomy":"post_tag","embeddable":true,"href":"https:\/\/www.europesays.com\/fr\/wp-json\/wp\/v2\/tags?post=483626"}],"curies":[{"name":"wp","href":"https:\/\/api.w.org\/{rel}","templated":true}]}}