{"id":483628,"date":"2025-10-23T05:35:15","date_gmt":"2025-10-23T05:35:15","guid":{"rendered":"https:\/\/www.europesays.com\/fr\/483628\/"},"modified":"2025-10-23T05:35:15","modified_gmt":"2025-10-23T05:35:15","slug":"le-barreau-de-marseille-en-guerre-contre-le-media-frontieres","status":"publish","type":"post","link":"https:\/\/www.europesays.com\/fr\/483628\/","title":{"rendered":"Le barreau de Marseille en guerre contre le m\u00e9dia Fronti\u00e8res"},"content":{"rendered":"<p><img loading=\"lazy\" decoding=\"async\" alt=\"\u00a9 Denis Trossero - La b\u00e2tonni\u00e8re de Marseille, Marie-Dominique Poinso-Pourtal (au micro), et son vice-b\u00e2tonnier \u00e9taient venus, le 3 septembre, soutenir les confr\u00e8res marseillais point\u00e9s du doigt par le m\u00e9dia Fronti\u00e8res.\" data-zoom-src=\"https:\/\/www.europesays.com\/fr\/wp-content\/uploads\/2025\/10\/initial-batonniere.jpg\" data-zoomable=\"\" height=\"702\" src=\"https:\/\/www.europesays.com\/fr\/wp-content\/uploads\/2025\/10\/initial-batonniere.jpg\" width=\"1248\"\/>  <\/p>\n<p class=\"article-desc\">\u00a9 Denis Trossero &#8211; La b\u00e2tonni\u00e8re de Marseille, Marie-Dominique Poinso-Pourtal (au micro), et son vice-b\u00e2tonnier \u00e9taient venus, le 3 septembre, soutenir les confr\u00e8res marseillais point\u00e9s du doigt par le m\u00e9dia Fronti\u00e8res. <\/p>\n<p>Le 3 septembre dernier, l\u2019audience avait \u00e9t\u00e9 marqu\u00e9e par une tr\u00e8s abondante pr\u00e9sence de robes noires. Au premier rang, la b\u00e2tonni\u00e8re de Marseille, <strong>Marie-Dominique Poinso-Pourtal<\/strong>, mais aussi le vice-b\u00e2tonnier<strong> Jean-Michel Ollier<\/strong>. Autour d\u2019eux, au rez-de-chauss\u00e9e du tribunal judiciaire de Marseille, <strong>une bonne cinquantaine d\u2019avocats venus assister \u00e0 ce proc\u00e8s \u00e0 la haute valeur symbolique<\/strong>, de l\u2019aveu de ces m\u00eames robes noires. <\/p>\n<p>Au c\u0153ur du d\u00e9bat,<strong> le droit ou non de pointer du doigt un avocat dans le combat qu\u2019il m\u00e8ne pour une cause ou pour une autre<\/strong>. Trois jeunes avocats marseillais avaient \u00e9t\u00e9 cibl\u00e9s, le 8 juillet 2024, au lendemain des l\u00e9gislatives, pr\u00e9sent\u00e9s comme appartenant \u00e0 la \u00ab\u00a0dream team\u00a0\u00bb, un groupe informel constitu\u00e9 d\u2019avocats volontaires pour <strong>d\u00e9fendre des manifestants ou des clandestins plac\u00e9s en garde \u00e0 vue<\/strong>. Sur le r\u00e9seau X (ex-Twitter), on pouvait ainsi lire : <\/p>\n<blockquote>\n<p>\u00ab\u00a0Avant m\u00eame que les casseurs antifas ne d\u00e9gradent plusieurs villes de France, trois avocats se rendent disponibles pour repr\u00e9senter les personnes interpell\u00e9es\u00a0\u00bb. <\/p>\n<\/blockquote>\n<p>   Un d\u00e9lit cr\u00e9\u00e9 apr\u00e8s la mort de l\u2019enseignant Samuel Paty en 2020 <\/p>\n<p><strong>D\u00e8s lors, les avocats cit\u00e9s avaient re\u00e7u des messages peu am\u00e8nes en cascade<\/strong> : \u00ab\u00a0Il faut changer de m\u00e9tier, ma ch\u00e9rie, car si vous \u00eates avocate, c\u2019est gr\u00e2ce \u00e0 la France\u00a0\u00bb et ces autres, les apostrophant directement : \u00ab\u00a0Racolage interdit par les avocats\u00a0\u00bb ou\u00a0 \u00ab\u00a0D\u00e9fenseurs de ceux qui brisent la France et ses institutions\u00a0\u00bb<\/p>\n<p>Les avocats avaient d\u00e9pos\u00e9 plainte aupr\u00e8s du procureur de Marseille, mais <strong>leur plainte avait finalement \u00e9t\u00e9 class\u00e9e sans suite<\/strong>. Du coup, ils avaient assign\u00e9 directement devant le tribunal le directeur de la publication de \u00ab\u00a0Fronti\u00e8res\u00a0\u00bb, Erick Tegner, 32 ans, pour \u00ab\u00a0divulgation d\u2019information personnelle permettant d\u2019identifier ou de localiser une personne et exposant \u00e0 un risque direct d\u2019atteinte \u00e0 la personne\u00a0\u00bb. <\/p>\n<p><strong>Un d\u00e9lit nouveau inscrit dans le Code p\u00e9nal par la loi du 24 ao\u00fbt 2021,<\/strong> vot\u00e9e apr\u00e8s<strong> l\u2019attaque terroriste et la d\u00e9capitation<\/strong>\u00a0le 16 octobre 2020, de l\u2019enseignant Samuel Paty dans son coll\u00e8ge de Conflans-Sainte-Honorine (Yvelines).<\/p>\n<p>Au proc\u00e8s, Me Vincent P\u00e9nard, pour le<a href=\"https:\/\/www.cnb.avocat.fr\/fr\" rel=\"noopener\" target=\"_blank\"> Conseil national des barreaux (<\/a>CNB), avait refait le chemin de croix de ces trois \u00ab\u00a0auxiliaires de justice\u00a0\u00bb qui s\u2019\u00e9taient juste mis \u00e0 disposition des interpell\u00e9s. Le <a href=\"https:\/\/lesaf.org\/\" rel=\"noopener\" target=\"_blank\">Syndicat des avocats de France <\/a>(SAF) et les trois avocats cibl\u00e9s s\u2019\u00e9taient \u00e9galement constitu\u00e9s parties civiles. <\/p>\n<p>La d\u00e9fense : \u00ab une assignation impr\u00e9cise \u00bb <\/p>\n<p><strong>En d\u00e9fense, Me Fr\u00e9d\u00e9ric Pichon, pour le mis en cause, <\/strong>avait soutenu \u00ab\u00a0l\u2019impr\u00e9cision de l\u2019assignation\u00a0\u00bb, afin que celle-ci soit d\u00e9clar\u00e9e nulle. <\/p>\n<p>\u00ab\u00a0J\u2019ai eu peur pour mon enfant ce jour-l\u00e0, peur qu\u2019ils aillent retrouver mon enfant \u00e0 la cr\u00e8che\u00a0\u00bb, avait indiqu\u00e9\u00a0\u00e0 la barre l\u2019un des avocats cibl\u00e9s. \u00ab\u00a0Je cherche juste \u00e0 d\u00e9fendre tout le monde, avec mon humanit\u00e9 et mon humilit\u00e9, avait expliqu\u00e9 un de ses pairs. Je fais ce m\u00e9tier sans consid\u00e9ration d\u2019opinion ni de race. Je suis l\u00e0 pour les d\u00e9fendre tous.\u00a0\u00bb Le dernier avait d\u00e9plor\u00e9 \u00ab\u00a0un effet de meute extr\u00eamement d\u00e9stabilisant\u00a0\u00bb.\u00a0<\/p>\n<p> <img decoding=\"async\" alt=\"\" class=\"img-align-center img-size-limited\" data-zoomable=\"\" height=\"1500\" loading=\"lazy\" src=\"https:\/\/mesinfos.fr\/content\/articles\/452\/A232452\/penard.JPG\" width=\"2000\"\/> \u00a9 D.T &#8211; Me Vincent P\u00e9nard (\u00e0 gauche) avait port\u00e9 la voix du Conseil national des barreaux (CNB). <\/p>\n<p>\u00ab\u00a0A partir du moment, o\u00f9 vous vous manifestez publiquement pour une cause, c\u2019est que vous assumez compl\u00e8tement\u00a0\u00bb, leur avait r\u00e9pondu Me Pichon, en d\u00e9fense.\u00a0 <\/p>\n<p>\u00ab Est-ce que la ligne jaune a \u00e9t\u00e9 franchie ? \u00bb\u00a0 <\/p>\n<p>\u00ab\u00a0Est-ce que la ligne jaune a \u00e9t\u00e9 franchie?\u00a0\u00bb demandera l&rsquo;une des parties civiles. Dans leur d\u00e9cision rendue mercredi 22 octobre, les juges du tribunal correctionnel de Marseille consid\u00e8rent que <strong>l\u2019\u00e9l\u00e9ment mat\u00e9riel de l\u2019infraction est bien constitu\u00e9<\/strong>, \u00ab\u00a0compte tenu de la diffusion des noms et de la profession des parties civiles\u00a0\u00bb. Mais il estime que l\u2019\u00e9l\u00e9ment intentionnel est \u00ab\u00a0insuffisamment caract\u00e9ris\u00e9\u00a0\u00bb. L\u2019infraction, ajoutent les juges, \u00ab\u00a0n\u00e9cessite un dol sp\u00e9cial\u00a0\u00bb, en l\u2019occurrence la r\u00e9f\u00e9rence \u00e0 \u00ab\u00a0une dangerosit\u00e9 connue\u00a0\u00bb. \u00ab\u00a0La seule diffusion ne caract\u00e9rise pas la volont\u00e9 d\u2019exposer les parties civiles \u00e0 une atteinte directe\u00a0\u00bb, observe le tribunal. <\/p>\n<p><strong>Les avocats disposent d\u2019un d\u00e9lai de dix jours pour faire appel de ce jugement.<\/strong><\/p>\n","protected":false},"excerpt":{"rendered":"\u00a9 Denis Trossero &#8211; La b\u00e2tonni\u00e8re de Marseille, Marie-Dominique Poinso-Pourtal (au micro), et son vice-b\u00e2tonnier \u00e9taient venus, le&hellip;\n","protected":false},"author":2,"featured_media":483629,"comment_status":"","ping_status":"","sticky":false,"template":"","format":"standard","meta":{"footnotes":""},"categories":[2814],"tags":[1111,11,16658,60698,22016,17011,1777,674,1011,27,884,12,882,25],"class_list":{"0":"post-483628","1":"post","2":"type-post","3":"status-publish","4":"format-standard","5":"has-post-thumbnail","7":"category-marseille","8":"tag-actu","9":"tag-actualites","10":"tag-avocats","11":"tag-barreau-de-marseille","12":"tag-diffamation","13":"tag-diffusion","14":"tag-eu","15":"tag-europe","16":"tag-fr","17":"tag-france","18":"tag-marseille","19":"tag-news","20":"tag-provence-alpes-cote-dazur","21":"tag-republique-francaise"},"share_on_mastodon":{"url":"https:\/\/pubeurope.com\/@fr\/115421861108714745","error":""},"_links":{"self":[{"href":"https:\/\/www.europesays.com\/fr\/wp-json\/wp\/v2\/posts\/483628","targetHints":{"allow":["GET"]}}],"collection":[{"href":"https:\/\/www.europesays.com\/fr\/wp-json\/wp\/v2\/posts"}],"about":[{"href":"https:\/\/www.europesays.com\/fr\/wp-json\/wp\/v2\/types\/post"}],"author":[{"embeddable":true,"href":"https:\/\/www.europesays.com\/fr\/wp-json\/wp\/v2\/users\/2"}],"replies":[{"embeddable":true,"href":"https:\/\/www.europesays.com\/fr\/wp-json\/wp\/v2\/comments?post=483628"}],"version-history":[{"count":0,"href":"https:\/\/www.europesays.com\/fr\/wp-json\/wp\/v2\/posts\/483628\/revisions"}],"wp:featuredmedia":[{"embeddable":true,"href":"https:\/\/www.europesays.com\/fr\/wp-json\/wp\/v2\/media\/483629"}],"wp:attachment":[{"href":"https:\/\/www.europesays.com\/fr\/wp-json\/wp\/v2\/media?parent=483628"}],"wp:term":[{"taxonomy":"category","embeddable":true,"href":"https:\/\/www.europesays.com\/fr\/wp-json\/wp\/v2\/categories?post=483628"},{"taxonomy":"post_tag","embeddable":true,"href":"https:\/\/www.europesays.com\/fr\/wp-json\/wp\/v2\/tags?post=483628"}],"curies":[{"name":"wp","href":"https:\/\/api.w.org\/{rel}","templated":true}]}}