{"id":483631,"date":"2025-10-23T05:37:13","date_gmt":"2025-10-23T05:37:13","guid":{"rendered":"https:\/\/www.europesays.com\/fr\/483631\/"},"modified":"2025-10-23T05:37:13","modified_gmt":"2025-10-23T05:37:13","slug":"brice-chambard-obiz-un-patron-en-quete-de-sens","status":"publish","type":"post","link":"https:\/\/www.europesays.com\/fr\/483631\/","title":{"rendered":"Brice Chambard (Obiz), un patron en qu\u00eate de sens"},"content":{"rendered":"<p><img loading=\"lazy\" decoding=\"async\" alt=\"\u00a9 DR - Brice Chambard a fond\u00e9 Obiz en d\u00e9cembre 2010 apr\u00e8s un parcours professionnel de plus de 15 ans dans des groupes de s\u00e9curit\u00e9 priv\u00e9e.\" data-zoom-src=\"https:\/\/www.europesays.com\/fr\/wp-content\/uploads\/2025\/10\/initial-brice-chambard-un-patron-en-quete-de-sens-obiz-lyon.jpg\" data-zoomable=\"\" height=\"702\" src=\"https:\/\/www.europesays.com\/fr\/wp-content\/uploads\/2025\/10\/initial-brice-chambard-un-patron-en-quete-de-sens-obiz-lyon.jpg\" width=\"1248\"\/>  <\/p>\n<p class=\"article-desc\">\u00a9 DR &#8211; Brice Chambard a fond\u00e9 Obiz en d\u00e9cembre 2010 apr\u00e8s un parcours professionnel de plus de 15 ans dans des groupes de s\u00e9curit\u00e9 priv\u00e9e. <\/p>\n<p>Administrateur <a href=\"https:\/\/mesinfos.fr\/69000-lyon\/manuel-patrouillard-l-aide-publique-humanitaire-est-en-train-de-devenir-un-concept-du-passe-227887.html\" rel=\"nofollow noopener\" target=\"_blank\">d&rsquo;Handicap international<\/a>, pr\u00e9sident du Lyinc et d&rsquo;un club de boxe, vice-pr\u00e9sident de <a href=\"https:\/\/mesinfos.fr\/69000-lyon\/guirec-penhoat-lyon-place-financiere-la-finance-un-levier-pour-faire-grandir-les-entreprises-230463.html\" rel=\"nofollow noopener\" target=\"_blank\">Lyon place financi\u00e8re<\/a> et<strong> Lyon P\u00f4le bourse<\/strong>, membre du Rotary club, de <strong>The Family business network <\/strong>ou encore du <strong>Club des ETI Auvergne-Rh\u00f4ne-Alpes<\/strong>, conseiller du commerce ext\u00e9rieur de la France, r\u00e9serviste op\u00e9rationnel de la gendarmerie\u2026 <\/p>\n<p>Impossible d&rsquo;\u00e9grainer<strong> tous les engagements de Brice Chambard<\/strong> tant ils sont nombreux, mais ces quelques exemples dessinent les contours des sujets qui animent le <strong>patron d&rsquo;Obiz <\/strong>: le sport, la solidarit\u00e9, l&rsquo;\u00e9conomie, l&rsquo;entrepreneuriat, l&rsquo;international. <\/p>\n<p>Le dirigeant d&rsquo;Obiz a appris \u00e0 \u00ab\u00a0\u00e0 se montrer r\u00e9silient\u00a0\u00bb <\/p>\n<p>\u00ab\u00a0J&rsquo;ai pris un peu de recul avec certains engagements car l&rsquo;entreprise a besoin de moi. J&rsquo;apprends \u00e0 dire non, mais \u00e9voluer dans ces diff\u00e9rents \u00e9cosyst\u00e8mes tr\u00e8s riches m&rsquo;a beaucoup apport\u00e9 m\u00eame si \u00e7a prend du temps\u00a0\u00bb, explique le dirigeant du groupe lyonnais, sp\u00e9cialiste du <strong>marketing op\u00e9rationnel<\/strong>. <\/p>\n<p>Au gr\u00e9 des<strong> situations<\/strong> et des <strong>exp\u00e9riences <\/strong>v\u00e9cues hors de l&rsquo;entreprise, le dirigeant a appris \u00ab\u00a0\u00e0 relativiser certains al\u00e9as professionnels, \u00e0 faire un pas de c\u00f4t\u00e9, \u00e0 se montrer r\u00e9silient, \u00e0 conna\u00eetre les vraies urgences\u2026\u00a0\u00bb<\/p>\n<p>  La devise de Brice Chambard :<strong> \u00ab\u00a0Au-del\u00e0 du possible\u00a0\u00bb<\/strong> <\/p>\n<p><strong>Homme de d\u00e9fis<\/strong>, Brice Chambard repousse toujours les limites et a fait sienne la<strong> devise du 13e r\u00e9giment de dragons parachutistes<\/strong> : \u00ab\u00a0Au-del\u00e0 du possible\u00a0\u00bb. Fa\u00e7onn\u00e9 par <strong>l&rsquo;arm\u00e9e<\/strong> apr\u00e8s avoir quitt\u00e9 t\u00f4t le milieu scolaire, il \u00e9volue ensuite durant 15 ans au sein de grands groupes du secteur de la <strong>s\u00e9curit\u00e9 priv\u00e9e<\/strong>. A cette p\u00e9riode, l&rsquo;autodidacte reprend ses \u00e9tudes avec des formations \u00e0<strong> l&rsquo;iae school of management<\/strong> et \u00e0 <strong>emlyon<\/strong>. <\/p>\n<p>Fort de ce nouveau bagage, il se lance dans<strong> l&rsquo;aventure entrepreneuriale<\/strong>, guid\u00e9 par la qu\u00eate de sens et l&rsquo;envie d&rsquo;agir pour l&rsquo;int\u00e9r\u00eat g\u00e9n\u00e9ral. Tr\u00e8s ax\u00e9 sur le <strong>go\u00fbt de l&rsquo;effort<\/strong> et le<strong> collectif<\/strong>, Brice Chambard poss\u00e8de des qualit\u00e9s pr\u00e9cieuses pour un patron. En effet, le fringant quinquag\u00e9naire sait comme nul autre embarquer les \u00e9quipes et permettre \u00e0 chacun de se transcender.<\/p>\n","protected":false},"excerpt":{"rendered":"\u00a9 DR &#8211; Brice Chambard a fond\u00e9 Obiz en d\u00e9cembre 2010 apr\u00e8s un parcours professionnel de plus de&hellip;\n","protected":false},"author":2,"featured_media":483632,"comment_status":"","ping_status":"","sticky":false,"template":"","format":"standard","meta":{"footnotes":""},"categories":[1889],"tags":[1111,11,2430,60700,13789,1777,674,1011,27,2428,12,60699,25,1858],"class_list":{"0":"post-483631","1":"post","2":"type-post","3":"status-publish","4":"format-standard","5":"has-post-thumbnail","7":"category-lyon","8":"tag-actu","9":"tag-actualites","10":"tag-auvergne-rhone-alpes","11":"tag-brice-chambard","12":"tag-dirigeants","13":"tag-eu","14":"tag-europe","15":"tag-fr","16":"tag-france","17":"tag-lyon","18":"tag-news","19":"tag-obiz","20":"tag-republique-francaise","21":"tag-services"},"share_on_mastodon":{"url":"https:\/\/pubeurope.com\/@fr\/115421869024709745","error":""},"_links":{"self":[{"href":"https:\/\/www.europesays.com\/fr\/wp-json\/wp\/v2\/posts\/483631","targetHints":{"allow":["GET"]}}],"collection":[{"href":"https:\/\/www.europesays.com\/fr\/wp-json\/wp\/v2\/posts"}],"about":[{"href":"https:\/\/www.europesays.com\/fr\/wp-json\/wp\/v2\/types\/post"}],"author":[{"embeddable":true,"href":"https:\/\/www.europesays.com\/fr\/wp-json\/wp\/v2\/users\/2"}],"replies":[{"embeddable":true,"href":"https:\/\/www.europesays.com\/fr\/wp-json\/wp\/v2\/comments?post=483631"}],"version-history":[{"count":0,"href":"https:\/\/www.europesays.com\/fr\/wp-json\/wp\/v2\/posts\/483631\/revisions"}],"wp:featuredmedia":[{"embeddable":true,"href":"https:\/\/www.europesays.com\/fr\/wp-json\/wp\/v2\/media\/483632"}],"wp:attachment":[{"href":"https:\/\/www.europesays.com\/fr\/wp-json\/wp\/v2\/media?parent=483631"}],"wp:term":[{"taxonomy":"category","embeddable":true,"href":"https:\/\/www.europesays.com\/fr\/wp-json\/wp\/v2\/categories?post=483631"},{"taxonomy":"post_tag","embeddable":true,"href":"https:\/\/www.europesays.com\/fr\/wp-json\/wp\/v2\/tags?post=483631"}],"curies":[{"name":"wp","href":"https:\/\/api.w.org\/{rel}","templated":true}]}}