{"id":483635,"date":"2025-10-23T05:40:11","date_gmt":"2025-10-23T05:40:11","guid":{"rendered":"https:\/\/www.europesays.com\/fr\/483635\/"},"modified":"2025-10-23T05:40:11","modified_gmt":"2025-10-23T05:40:11","slug":"mouton-fantome-au-proces-de-la-mort-de-lola-a-paris-le-recit-de-dahbia-benkired-defie-la-raison","status":"publish","type":"post","link":"https:\/\/www.europesays.com\/fr\/483635\/","title":{"rendered":"Mouton, fant\u00f4me&#8230; Au proc\u00e8s de la mort de Lola \u00e0 Paris, le r\u00e9cit de Dahbia Benkired d\u00e9fie la raison"},"content":{"rendered":"<p>            Par<br \/>\n        <strong><br \/>\n            <a href=\"https:\/\/actu.fr\/auteur\/antoine-blanchet\" title=\"Consulter tous les articles de Antoine Blanchet\" target=\"_blank\" rel=\"noopener\">Antoine Blanchet<\/a><br \/>\n        <\/strong><\/p>\n<p>        Publi\u00e9 le<\/p>\n<p>            23 oct. 2025 \u00e0 6h36        <\/p>\n<p>On avait peu d\u2019espoir de comprendre. <strong>Dahbia Benkired<\/strong> n\u2019a pas d\u00e9\u00e7u ces attentes pessimistes. Ce mercredi 22 octobre 2025, au quatri\u00e8me jour <a href=\"https:\/\/actu.fr\/ile-de-france\/paris_75056\/toute-ma-vie-s-est-effondree-au-proces-du-meurtre-de-lola-a-paris-le-bouleversant-recit-de-sa-famille_63336119.html\" target=\"_blank\" rel=\"noopener\">du proc\u00e8s du meurtre effroyable de Lola<\/a> \u00e0 <a href=\"https:\/\/actu.fr\/paris\/\" target=\"_blank\" rel=\"noopener\">Paris<\/a>, la v\u00e9rit\u00e9 semble avoir claqu\u00e9 la porte de la salle d\u2019audience. L\u2019interrogatoire de l\u2019accus\u00e9e s\u2019est r\u00e9v\u00e9l\u00e9 une frustrante d\u00e9ception. La chronologie de la mort de l\u2019adolescente est incompl\u00e8te. D\u00e9j\u00e0 enferm\u00e9e dans sa cage de verre, la jeune femme de 27 ans a d\u00e9cid\u00e9 de se murer, volontairement ou non, dans la contradiction, la confusion et parfois l\u2019insolence.<\/p>\n<p>Faire ce que \u00ab\u2009Mustapha m\u2019a fait\u2009\u00bb<\/p>\n<p class=\" wall-content\">Durant ces heures d\u00e9cisives, Dahbia Benkired livre de nouveau <a href=\"https:\/\/actu.fr\/ile-de-france\/paris_75056\/proces-du-meurtre-de-lola-a-paris-de-la-sorcellerie-au-chagrin-d-amour-l-insaisissable-mobile-de-dahbia-b_63329246.html\" target=\"_blank\" rel=\"noopener\">son gloubi-boulga de mobiles<\/a> o\u00f9 se m\u00ealent prise de Lyrica et vengeance contre son ex-conjoint toxique. \u00ab\u2009J\u2019avais trop de haine en moi. Je voulais la sortir en quelqu\u2019un\u2009\u00bb, affirme-t-elle de sa voix apathique. Ce quelqu\u2019un, c\u2019est Lola. Pourquoi\u2009? \u00ab\u2009J\u2019ai pas choisi. C\u2019est la premi\u00e8re personne que j\u2019ai crois\u00e9e sur mon chemin\u2009\u00bb.<\/p>\n<p class=\" wall-content\">Mais d\u00e9j\u00e0, on ne comprend pas bien. Les jours pr\u00e9c\u00e9dents, l\u2019accus\u00e9e a affirm\u00e9 avoir comme projet d\u2019origine de se rendre chez son ancien petit ami pour \u00ab\u2009le blesser avec une arme\u2009\u00bb. Mais ce mercredi, elle affirme <strong>\u00eatre descendue avec des intentions seulement sexuelles<\/strong>. Elle r\u00e9fute toutefois \u00eatre attir\u00e9e par les femmes, peu importe leur \u00e2ge. La douche, les attouchements sur les seins et le cunnilingus impos\u00e9s \u00e0 la victime seraient un mim\u00e9tisme de son propre v\u00e9cu avec son petit ami\u2009: \u00ab\u2009J\u2019ai voulu faire ce que Mustapha me faisait\u2009\u00bb, r\u00e9p\u00e8te-t-elle inlassablement.<\/p>\n<p class=\" wall-content\">N\u00e9anmoins, apr\u00e8s une audience d\u00e9j\u00e0 riche en versions, une nouvelle surgit en cette fin d\u2019apr\u00e8s-midi. Dahbia Benkired n\u2019avait pas pour objectif initial de tuer Lola. Le <a href=\"https:\/\/actu.fr\/tag\/meurtre\" target=\"_blank\" rel=\"noopener\">meurtre<\/a> ne serait qu\u2019une cons\u00e9quence des <a href=\"https:\/\/actu.fr\/tag\/violences-sexuelles\" target=\"_blank\" rel=\"noopener\">violences sexuelles<\/a>\u2009: \u00ab\u2009Vu que je l\u2019ai viol\u00e9e, autant la tuer pour qu\u2019elle n\u2019en parle pas\u2009\u00bb, affirme la jeune femme. Apr\u00e8s le crime sexuel, elle a enroul\u00e9 victime avec du scotch, provoquant son asphyxie. Quelques heures avant cette d\u00e9claration in\u00e9dite \u00e0 la barre, le <strong>psychologue<\/strong> avait d\u00e9clar\u00e9 dans ses conclusions que la jeune femme pourrait avait tu\u00e9 Lola pour couvrir son acte de p\u00e9dophilie. L\u2019accus\u00e9e semble \u00eatre une \u00e9ponge qui absorbe l\u2019ensemble des d\u00e9bats pour \u00e9laborer sa v\u00e9rit\u00e9.<\/p>\n<p>\u00ab\u2009Elle s\u2019est transform\u00e9e en fant\u00f4me\u2009\u00bb<\/p>\n<p class=\" wall-content\">La cour d\u2019assises s\u2019est aussi pench\u00e9e sur une inconnue de taille dans cette \u00e9quation morbide\u2009: l\u2019attitude de la victime. Encore et toujours, l\u2019interrog\u00e9e affirme que de la rencontre en bas de l\u2019immeuble \u00e0 sa mort,<strong> l\u2019adolescente est rest\u00e9e passive<\/strong>. \u00ab\u2009Si elle s\u2019\u00e9tait enfuie, on ne serait pas l\u00e0 aujourd\u2019hui\u2009\u00bb, va jusqu\u2019\u00e0 dire l\u2019accus\u00e9e. Pourtant, Lola est d\u00e9crite par sa famille comme ayant du caract\u00e8re. Pas du genre \u00e0 se laisser faire.<\/p>\n<p class=\" wall-content\">\u00ab\u2009C\u2019est pour \u00e7a que j\u2019ai dit pendant l\u2019enqu\u00eate qu\u2019elle s\u2019est transform\u00e9e en fant\u00f4me. C\u2019est parce qu\u2019elle r\u00e9pondait pas\u2009\u00bb, continue l\u2019accus\u00e9e, imperturbable. Une d\u00e9claration farfelue, mais pas pour cette femme qui explique \u00e0 la cour d\u2019assises croire aux \u00ab\u2009djinns\u2009\u00bb, sorte d\u2019esprits pr\u00e9sents dans le folklore musulman. \u00ab\u2009Oui, mais dans ce cas, un fant\u00f4me, il n\u2019aurait pas pu vous d\u00e9noncer\u2009\u00bb, tente le pr\u00e9sident. L\u2019\u00e9change n\u2019ira pas plus loin.<\/p>\n<p>\u00ab\u2009C\u2019\u00e9tait deux petits coups vite fait\u2009\u00bb<\/p>\n<p class=\" wall-content\">Si Dahbia Benkired croit au paranormal, elle ne croit pas <a href=\"https:\/\/actu.fr\/ile-de-france\/paris_75056\/paris-au-proces-du-meurtre-de-lola-les-derniers-instants-de-la-fillette-decortiques-par-les-legistes_63322953.html\" target=\"_blank\" rel=\"noopener\">aux conclusions de m\u00e9decine l\u00e9gale<\/a>. L\u2019autopsie de la victime a r\u00e9v\u00e9l\u00e9 qu\u2019elle a subi des actes de p\u00e9n\u00e9tration au niveau du vagin et de l\u2019anus avant sa mort. Depuis son box, l\u2019accus\u00e9e ne peut pas expliquer. \u00ab\u2009Peut-\u00eatre que pendant le cunnilingus, votre main libre est all\u00e9e dans cette zone sans le vouloir\u2009\u00bb, tente son avocat <strong>Me Alexandre Valois<\/strong>. La perche n\u2019est pas prise par l\u2019accus\u00e9e qui continue \u00e0 nier.<\/p>\n<p>Votre r\u00e9gion, votre actu !<\/p>\n<p>Recevez chaque jour les infos qui comptent pour vous.<\/p>\n<p>\t<a href=\"https:\/\/actu.fr\/newsletter\" class=\"ac-btn ac-btn--corner ac-btn--medium ac-btn--blue800\" target=\"_blank\" rel=\"noopener\">S&rsquo;incrire<\/a><\/p>\n<p class=\" wall-content\">Concernant les violences, Dahbia Benkired s\u2019enfonce dans l\u2019absurde. Les m\u00e9decins ont d\u2019abord remarqu\u00e9 des <strong>l\u00e9sions au niveau du cr\u00e2ne<\/strong>, \u00e9voquant des coups violents qui auraient pu faire perdre connaissance \u00e0 la victime. \u00ab\u2009C\u2019\u00e9tait deux petits coups vite fait dans la salle de bain\u2009\u00bb, rebondit l\u2019int\u00e9ress\u00e9e. Apr\u00e8s son agonie, Lola a ensuite subi une blessure profonde au couteau \u00e0 la gorge et 38 coups de ciseaux dans le dos. L\u00e0 encore, l\u2019accus\u00e9e minimise. Elle n\u2019a port\u00e9 que deux petits coups avec le couteau. C\u2019est tout. Le reste, elle ne peut l\u2019expliquer. Encore.\u00a0<\/p>\n<p class=\" wall-content\">\u201c\u00c0 partir de ce moment-l\u00e0, j\u2019ai commenc\u00e9 \u00e0 la voir comme un mouton\u00a0\u00bb, justifie-t-elle pour expliquer ses coups. Elle poursuit\u2009: \u00ab\u00a0Au bled, on \u00e9crit sur les moutons les chiffres 0 et 1. C\u2019est pour \u00e7a que je l\u2019ai fait sur ses pieds\u00a0\u00bb. \u00ab\u00a0Oui, mais au bled, les moutons, on les \u00e9gorge aussi\u00a0\u00bb, r\u00e9torque le pr\u00e9sident, dont la voix bienveillante ne c\u00e8de jamais \u00e0 la col\u00e8re. \u00ab\u00a0Je l\u2019ai pas fait. Si je l\u2019ai pas fait je vous l\u2019aurais dit\u00a0\u00bb, re\u00e7oit-il en guise de r\u00e9ponse.<\/p>\n<p>La v\u00e9rit\u00e9 n\u2019accouche pas<\/p>\n<p class=\" wall-content\">L\u2019\u00e9change entre le pr\u00e9toire et l\u2019accus\u00e9e d\u00e9fie la science et l\u2019\u00e9vidence. Dahbia Benkired <strong>s\u2019enfonce dans ses contradictions<\/strong>, mais ne c\u00e8de jamais. \u00ab\u2009Je me souviens pas\u2009\u00bb, \u00ab\u2009je peux pas vous dire\u2009\u00bb sont l\u2019ultime d\u00e9fense lors des passes d\u2019armes avec les toges et l\u2019hermine. Sa v\u00e9rit\u00e9 tourne en boucle comme un disque ray\u00e9. Elle est pourtant \u00e9loign\u00e9e de la r\u00e9alit\u00e9 du meurtre. \u00ab\u2009Vous avez commis votre crime en 1h37, c\u2019est quand m\u00eame impressionnant\u2009\u00bb, souffle l\u2019avocat g\u00e9n\u00e9ral avec une admiration caustique.<\/p>\n<p class=\" wall-content\">\u00ab\u2009Vous avez entendu les parties civiles en qu\u00eate de v\u00e9rit\u00e9. Vous avez l\u2019impression que vous avez accompli cette qu\u00eate\u2009?\u2009\u00bb, lui demande le pr\u00e9sident. L\u2019accus\u00e9e ne cille pas. Sa voix garde le m\u00eame ton sans \u00e9motions. \u00ab\u2009Franchement oui\u2009\u00bb.<\/p>\n<p class=\" wall-content\">Le verdict est attendu le 24\u00a0octobre 2025.<\/p>\n<p class=\" wall-content\">Personnalisez votre actualit\u00e9 en ajoutant vos villes et m\u00e9dias en favori avec <a href=\"https:\/\/moncompte.actu.fr\" title=\"D\u00e9couvez Mon Actu\" rel=\"nofollow noopener\" data-trk=\"{&quot;cta&quot;:{&quot;action&quot;:&quot;https:\\\/\\\/moncompte.actu.fr&quot;,&quot;category&quot;:&quot;mon compte&quot;,&quot;from&quot;:&quot;article footer&quot;,&quot;name&quot;:&quot;Mon actu&quot;,&quot;type&quot;:&quot;cta&quot;}}\" target=\"_blank\">Mon Actu<\/a>.<\/p>\n","protected":false},"excerpt":{"rendered":"Par Antoine Blanchet Publi\u00e9 le 23 oct. 2025 \u00e0 6h36 On avait peu d\u2019espoir de comprendre. Dahbia Benkired&hellip;\n","protected":false},"author":2,"featured_media":483636,"comment_status":"","ping_status":"","sticky":false,"template":"","format":"standard","meta":{"footnotes":""},"categories":[1888],"tags":[1111,1928,11,1927,1777,674,118,1011,27,303,777,12,1926,626,1925,1072,25],"class_list":{"0":"post-483635","1":"post","2":"type-post","3":"status-publish","4":"format-standard","5":"has-post-thumbnail","7":"category-paris","8":"tag-actu","9":"tag-actu-paris","10":"tag-actualites","11":"tag-actualites-paris","12":"tag-eu","13":"tag-europe","14":"tag-faits-divers","15":"tag-fr","16":"tag-france","17":"tag-justice","18":"tag-meurtre","19":"tag-news","20":"tag-news-paris","21":"tag-paris","22":"tag-paris-news","23":"tag-police","24":"tag-republique-francaise"},"share_on_mastodon":{"url":"https:\/\/pubeurope.com\/@fr\/115421880554539545","error":""},"_links":{"self":[{"href":"https:\/\/www.europesays.com\/fr\/wp-json\/wp\/v2\/posts\/483635","targetHints":{"allow":["GET"]}}],"collection":[{"href":"https:\/\/www.europesays.com\/fr\/wp-json\/wp\/v2\/posts"}],"about":[{"href":"https:\/\/www.europesays.com\/fr\/wp-json\/wp\/v2\/types\/post"}],"author":[{"embeddable":true,"href":"https:\/\/www.europesays.com\/fr\/wp-json\/wp\/v2\/users\/2"}],"replies":[{"embeddable":true,"href":"https:\/\/www.europesays.com\/fr\/wp-json\/wp\/v2\/comments?post=483635"}],"version-history":[{"count":0,"href":"https:\/\/www.europesays.com\/fr\/wp-json\/wp\/v2\/posts\/483635\/revisions"}],"wp:featuredmedia":[{"embeddable":true,"href":"https:\/\/www.europesays.com\/fr\/wp-json\/wp\/v2\/media\/483636"}],"wp:attachment":[{"href":"https:\/\/www.europesays.com\/fr\/wp-json\/wp\/v2\/media?parent=483635"}],"wp:term":[{"taxonomy":"category","embeddable":true,"href":"https:\/\/www.europesays.com\/fr\/wp-json\/wp\/v2\/categories?post=483635"},{"taxonomy":"post_tag","embeddable":true,"href":"https:\/\/www.europesays.com\/fr\/wp-json\/wp\/v2\/tags?post=483635"}],"curies":[{"name":"wp","href":"https:\/\/api.w.org\/{rel}","templated":true}]}}