{"id":483645,"date":"2025-10-23T05:45:20","date_gmt":"2025-10-23T05:45:20","guid":{"rendered":"https:\/\/www.europesays.com\/fr\/483645\/"},"modified":"2025-10-23T05:45:20","modified_gmt":"2025-10-23T05:45:20","slug":"les-frappes-ukrainiennes-sur-les-installations-energetiques-russes-priveront-elles-bientot-moscou-dessence","status":"publish","type":"post","link":"https:\/\/www.europesays.com\/fr\/483645\/","title":{"rendered":"Les frappes ukrainiennes sur les installations \u00e9nerg\u00e9tiques russes priveront-elles bient\u00f4t Moscou d\u2019essence?"},"content":{"rendered":"<p>    R\u00e9sum\u00e9 en 20 secondes<\/p>\n<p>        En savoir plus sur ce type de contenu<\/p>\n<p>Ce r\u00e9sum\u00e9 peut avoir \u00e9t\u00e9 \u00e9crit avec l&rsquo;assistance d\u2019une IA g\u00e9n\u00e9rative. <a href=\"https:\/\/www.letemps.ch\/cyber\/l-usage-de-l-ia-generative-par-les-journalistes-du-temps\" target=\"_blank\" rel=\"noopener\">En savoir plus<\/a><\/p>\n<p class=\"article__abstract-call-to-action\" data-ariato=\"TrackableElement\" data-trackable-element-type=\"article_abstract_cta\" data-trackable-element-location=\"article_header\" data-trackable-element-id=\"509975\">\n        <a data-event=\"click-&gt;clicked\" href=\"https:\/\/www.letemps.ch\/abonnements\" target=\"_blank\" rel=\"noopener\">Abonnez-vous<\/a> pour acc\u00e9der au r\u00e9sum\u00e9 en 20 secondes.\n      <\/p>\n<p>La Russie pourrait bient\u00f4t faire face \u00e0 une p\u00e9nurie strat\u00e9gique. Voil\u00e0 plusieurs mois que les Ukrainiens visent syst\u00e9matiquement le complexe \u00e9nerg\u00e9tique russe jusqu\u2019\u00e0 2000 km \u00e0 l\u2019int\u00e9rieur du territoire. Du 2\u00a0ao\u00fbt au 13\u00a0octobre 2025, l\u2019arm\u00e9e ukrainienne a frapp\u00e9 90 fois la Russie, <a href=\"https:\/\/stories.opensourcecentre.org\/beyond-the-border\/#section-BEYOND-THE-BORDER-oykrerqIJB\" rel=\"nofollow noopener\" target=\"_blank\">selon une enqu\u00eate d\u00e9taill\u00e9e de l\u2019Open Source Centre (OSC), une organisation \u00e0 but non lucratif bas\u00e9e au Royaume-Uni<\/a>. Deux tiers de ces bombardements ont cibl\u00e9 des raffineries de p\u00e9trole (21 des 38 plus grands centres de raffinage ont \u00e9t\u00e9 touch\u00e9s <a href=\"https:\/\/www.bbc.com\/news\/articles\/czx020k4056o\" rel=\"nofollow noopener\" target=\"_blank\">selon la BBC<\/a>), des d\u00e9p\u00f4ts, des ol\u00e9oducs importants, des stations de pompage ou d\u2019autres infrastructures. Avec un seul but: que Moscou, l\u2019un des plus gros producteurs de p\u00e9trole et de produits raffin\u00e9s du monde, se retrouve \u00e0 court d\u2019essence.<\/p>\n<p>Ces attaques provoquent des effets syst\u00e9miques sur la production industrielle russe, le transport, la logistique des arm\u00e9es et pourraient donc impacter in fine les combats. Mais aussi la soci\u00e9t\u00e9. Depuis le d\u00e9but du mois d\u2019octobre, de longues files se forment devant les stations-service. En Crim\u00e9e et dans d\u2019autres r\u00e9gions russes, les autorit\u00e9s locales ont rationn\u00e9 le carburant et le Kremlin a suspendu jusqu\u2019\u00e0 la fin de l\u2019ann\u00e9e les exportations d\u2019essence et limit\u00e9 celles de diesel. \u00abNous avons inflig\u00e9 \u00e0 la Russie des dommages directs bien plus importants que tous les leviers d\u2019influence \u00e9conomique utilis\u00e9s jusqu\u2019\u00e0 pr\u00e9sent\u00bb, se f\u00e9licitait la semaine derni\u00e8re Kyrylo Boudanov, chef du renseignement militaire ukrainien.<\/p>\n","protected":false},"excerpt":{"rendered":"R\u00e9sum\u00e9 en 20 secondes En savoir plus sur ce type de contenu Ce r\u00e9sum\u00e9 peut avoir \u00e9t\u00e9 \u00e9crit&hellip;\n","protected":false},"author":2,"featured_media":483646,"comment_status":"","ping_status":"","sticky":false,"template":"","format":"standard","meta":{"footnotes":""},"categories":[1590],"tags":[11,1777,674,37138,12,301,132,220],"class_list":{"0":"post-483645","1":"post","2":"type-post","3":"status-publish","4":"format-standard","5":"has-post-thumbnail","7":"category-ukraine","8":"tag-actualites","9":"tag-eu","10":"tag-europe","11":"tag-europe-de-lest","12":"tag-news","13":"tag-premium","14":"tag-russie","15":"tag-ukraine"},"share_on_mastodon":{"url":"https:\/\/pubeurope.com\/@fr\/115421900260659404","error":""},"_links":{"self":[{"href":"https:\/\/www.europesays.com\/fr\/wp-json\/wp\/v2\/posts\/483645","targetHints":{"allow":["GET"]}}],"collection":[{"href":"https:\/\/www.europesays.com\/fr\/wp-json\/wp\/v2\/posts"}],"about":[{"href":"https:\/\/www.europesays.com\/fr\/wp-json\/wp\/v2\/types\/post"}],"author":[{"embeddable":true,"href":"https:\/\/www.europesays.com\/fr\/wp-json\/wp\/v2\/users\/2"}],"replies":[{"embeddable":true,"href":"https:\/\/www.europesays.com\/fr\/wp-json\/wp\/v2\/comments?post=483645"}],"version-history":[{"count":0,"href":"https:\/\/www.europesays.com\/fr\/wp-json\/wp\/v2\/posts\/483645\/revisions"}],"wp:featuredmedia":[{"embeddable":true,"href":"https:\/\/www.europesays.com\/fr\/wp-json\/wp\/v2\/media\/483646"}],"wp:attachment":[{"href":"https:\/\/www.europesays.com\/fr\/wp-json\/wp\/v2\/media?parent=483645"}],"wp:term":[{"taxonomy":"category","embeddable":true,"href":"https:\/\/www.europesays.com\/fr\/wp-json\/wp\/v2\/categories?post=483645"},{"taxonomy":"post_tag","embeddable":true,"href":"https:\/\/www.europesays.com\/fr\/wp-json\/wp\/v2\/tags?post=483645"}],"curies":[{"name":"wp","href":"https:\/\/api.w.org\/{rel}","templated":true}]}}