{"id":483655,"date":"2025-10-23T05:50:21","date_gmt":"2025-10-23T05:50:21","guid":{"rendered":"https:\/\/www.europesays.com\/fr\/483655\/"},"modified":"2025-10-23T05:50:21","modified_gmt":"2025-10-23T05:50:21","slug":"grece-vaste-coup-de-filet-en-lien-avec-une-fraude-systematique-aux-aides-agricoles-europeennes-22-10-2025-a-1649","status":"publish","type":"post","link":"https:\/\/www.europesays.com\/fr\/483655\/","title":{"rendered":"Gr\u00e8ce: vaste coup de filet en lien avec une fraude \u00ab\u00a0syst\u00e9matique\u00a0\u00bb aux aides agricoles europ\u00e9ennes &#8211; 22\/10\/2025 \u00e0 16:49"},"content":{"rendered":"<p>        <img fetchpriority=\"high\" decoding=\"async\" src=\"https:\/\/www.europesays.com\/fr\/wp-content\/uploads\/2025\/10\/8508a93a515c6588135995ddae3b0a3f-760x507.jpg\" alt=\"Dans un \u00e9levage de b\u00e9tail, en Gr\u00e8ce, le 28 mars 2024 ( AFP \/ Angelos TZORTZINIS )\" loading=\"eager\" width=\"760\" height=\"507\" style=\"max-width: 100%!important; height: auto;\"\/><\/p>\n<p class=\"c-image-news__legend\">Dans un \u00e9levage de b\u00e9tail, en Gr\u00e8ce, le 28 mars 2024 ( AFP \/ Angelos TZORTZINIS )<\/p>\n<p>\n Trente-sept personnes ont \u00e9t\u00e9 arr\u00eat\u00e9es mercredi en Gr\u00e8ce soup\u00e7onn\u00e9es d&rsquo;\u00eatre impliqu\u00e9es dans une fraude \u00ab\u00a0massive et syst\u00e9matique\u00a0\u00bb aux subventions agricoles de l&rsquo;Union europ\u00e9enne, ainsi que \u00ab\u00a0dans des activit\u00e9s de blanchiment d\u2019argent\u00a0\u00bb, selon le Parquet europ\u00e9en.\n<\/p>\n<p>\n La police grecque a pr\u00e9cis\u00e9 que ces interpellations s&rsquo;\u00e9taient d\u00e9roul\u00e9es \u00ab\u00a0dans plusieurs r\u00e9gions de Gr\u00e8ce\u00a0\u00bb et que 43 autres personnes \u00e9taient actuellement recherch\u00e9es, dont certaines se trouvent \u00e0 l&rsquo;\u00e9tranger, selon la porte-parole de la police, Konstantina Dimoglidou sur la cha\u00eene ERT.\n<\/p>\n<p>\n Ce scandale \u00e9clabousse la Gr\u00e8ce depuis le printemps et n&rsquo;a cess\u00e9 de grossir \u00e0 la faveur des r\u00e9v\u00e9lations dans les m\u00e9dias grecs notamment.\n<\/p>\n<p>\n Durant des ann\u00e9es, des millions d&rsquo;euros de fonds europ\u00e9ens destin\u00e9s \u00e0 soutenir les agriculteurs ont \u00e9t\u00e9 d\u00e9tourn\u00e9s via l&rsquo;organisme charg\u00e9 du versement des aides agricoles europ\u00e9ennes OPEKEPE, aujourd&rsquo;hui dissout.\n<\/p>\n<p>\n Une partie des versements frauduleux octroy\u00e9s \u00e0 des personnes qui n&rsquo;\u00e9taient pas toujours des agriculteurs a servi \u00e0 l&rsquo;achat \u00ab\u00a0de biens de luxe, de voyages et de v\u00e9hicules\u00a0\u00bb, a pr\u00e9cis\u00e9 le Parquet europ\u00e9en bas\u00e9 au Luxembourg.\n<\/p>\n<p>\n \u00ab\u00a0Les suspects auraient \u00e9mis de fausses factures, transf\u00e9r\u00e9 les fonds via plusieurs comptes bancaires et les auraient m\u00e9lang\u00e9s \u00e0 des revenus l\u00e9gitimes\u00a0\u00bb, selon la m\u00eame source.\n<\/p>\n<p> &#8211; Bananes au mont Olympe &#8211;<\/p>\n<p>\n Pour obtenir des subventions, ils sont soup\u00e7onn\u00e9s d&rsquo;avoir \u00ab\u00a0d\u00e9clar\u00e9 frauduleusement des terres agricoles et des p\u00e2turages ne leur appartenant pas\u00a0\u00bb ou d&rsquo;avoir \u00ab\u00a0gonfl\u00e9 artificiellement le nombre de t\u00eates de b\u00e9tail\u00a0\u00bb.\n<\/p>\n<p>\n Les dossiers de subventions les plus surprenants en cours d&rsquo;investigation concernent par exemple des p\u00e2turages d\u00e9clar\u00e9s sur des sites arch\u00e9ologiques, des oliveraies sur le terrain d&rsquo;un a\u00e9roport militaire ou des plantations de bananes sur le mont Olympe&#8230;\n<\/p>\n<p>\n Lors d&rsquo;une r\u00e9cente visite \u00e0 Ath\u00e8nes, la procureure en chef du Parquet europ\u00e9en, Laura K\u00f6vesi, s&rsquo;\u00e9tait engag\u00e9e \u00ab\u00a0\u00e0 nettoyer les \u00e9curies d&rsquo;Augias\u00a0\u00bb.\n<\/p>\n<p>\n La magistrate avait d\u00e9nonc\u00e9 \u00ab\u00a0la corruption, le n\u00e9potisme et le client\u00e9lisme\u00a0\u00bb qui a r\u00e9gn\u00e9 au sein de l&rsquo;OPEKEPE.\n<\/p>\n<p>\n La presse grecque avait par exemple r\u00e9v\u00e9l\u00e9, \u00e9coutes t\u00e9l\u00e9phoniques \u00e0 l&rsquo;appui, qu&rsquo;un haut responsable de l&rsquo;OPEKEPE pr\u00e9venait des agriculteurs ayant illicitement re\u00e7u des subventions de contr\u00f4les europ\u00e9ens inopin\u00e9s.\n<\/p>\n<p>\n L&rsquo;enqu\u00eate europ\u00e9enne a r\u00e9v\u00e9l\u00e9 un abus g\u00e9n\u00e9ralis\u00e9 des fonds distribu\u00e9s par cet organisme, qui, selon le gouvernement, a vers\u00e9 plus de trois milliards d&rsquo;euros par an, principalement sous forme de subventions \u00e0 680.000 agriculteurs.\n<\/p>\n<p>\n Certains des suspects auraient \u00ab\u00a0ill\u00e9galement\u00a0\u00bb empoch\u00e9 au moins cinq millions d&rsquo;euros, a affirm\u00e9 la porte-parole de la police grecque.\n<\/p>\n<p>\n Un suspect sur l&rsquo;\u00eele de Cr\u00e8te aurait ill\u00e9galement empoch\u00e9 2,5 millions d&rsquo;euros entre 2021 et 2023 et aurait en sa possession huit voitures dont une Jaguar, selon ERT.\n<\/p>\n<p>\n D&rsquo;apr\u00e8s l&rsquo;enqu\u00eate pr\u00e9liminaire du Parquet europ\u00e9en, 324 personnes ont \u00e9t\u00e9 identifi\u00e9es comme b\u00e9n\u00e9ficiaires des subventions, causant un pr\u00e9judice estim\u00e9 \u00e0 plus de 19,6 millions d&rsquo;euros au budget de l&rsquo;Union europ\u00e9enne.\n<\/p>\n<p>\n \u00ab\u00a0La plupart (des personnes impliqu\u00e9es directement dans cette fraude, ndlr) ne semblent avoir aucun lien r\u00e9el avec le secteur agricole\u00a0\u00bb, selon le communiqu\u00e9 du Parquet.\n<\/p>\n<p> &#8211; Villas, voitures de sport &#8211;<\/p>\n<p>\n La fraude a commenc\u00e9 \u00e0 la suite d&rsquo;un changement dans la Politique Agricole Commune de l&rsquo;Union Europ\u00e9enne, qui en 2014 a d\u00e9plac\u00e9 les subventions du b\u00e9tail vers les terres.\n<\/p>\n<p>\n Le cadastre grec \u00e0 l&rsquo;\u00e9poque \u00e9tait largement incomplet ce qui signifiait que la propri\u00e9t\u00e9 d&rsquo;une grande partie du pays \u00e9tait incertaine.\n<\/p>\n<p>\n Les vrais agriculteurs ont perdu 70 millions d&rsquo;euros par an, selon un ancien pr\u00e9sident de l&rsquo;OPEKEPE, Moschos Korasidis, \u00e0 l&rsquo;AFP.\n<\/p>\n<p>\n \u00ab\u00a0Cet argent \u00e9tait cens\u00e9 aider les agriculteurs honn\u00eates et travailleurs (&#8230;) Pas \u00e0 payer des villas, des voitures de sport, et Dieu sait quoi d&rsquo;autre\u00a0\u00bb, s&rsquo;\u00e9tait indign\u00e9e Mme K\u00f6vesi.\n<\/p>\n<p>\n L&rsquo;affaire a entra\u00een\u00e9 la d\u00e9mission d&rsquo;un ministre, du directeur de l&rsquo;OPEKEPE et deux autres hauts responsables.\n<\/p>\n<p>\n L&rsquo;enqu\u00eate de la justice europ\u00e9enne porte principalement sur la p\u00e9riode du mandat du gouvernement conservateur du Premier ministre Kyriakos Mitsotakis, arriv\u00e9 au pouvoir en 2019.\n<\/p>\n<p>\n Elle a aussi r\u00e9v\u00e9l\u00e9 que la plupart des fausses d\u00e9clarations concernaient l&rsquo;\u00eele de Cr\u00e8te, o\u00f9 la famille de M. Mitsotakis exerce une influence politique depuis plus d&rsquo;un si\u00e8cle.\n<\/p>\n<p>\n Le chef du gouvernement a averti mercredi sur la radio Skai qu&rsquo;il existait un \u00ab\u00a0grand danger\u00a0\u00bb que les fonds de l&rsquo;UE destin\u00e9s au secteur primaire en Gr\u00e8ce soient \u00ab\u00a0remis en question\u00a0\u00bb si l&rsquo;affaire n&rsquo;\u00e9tait pas r\u00e9solue.<\/p>\n","protected":false},"excerpt":{"rendered":"Dans un \u00e9levage de b\u00e9tail, en Gr\u00e8ce, le 28 mars 2024 ( AFP \/ Angelos TZORTZINIS ) Trente-sept&hellip;\n","protected":false},"author":2,"featured_media":483656,"comment_status":"","ping_status":"","sticky":false,"template":"","format":"standard","meta":{"footnotes":""},"categories":[1586],"tags":[400,11,398,408,405,1777,674,1779,1011,27,403,402,399,404,12,25,401,406,1778,364,407],"class_list":{"0":"post-483655","1":"post","2":"type-post","3":"status-publish","4":"format-standard","5":"has-post-thumbnail","7":"category-europe","8":"tag-action-cac-40","9":"tag-actualites","10":"tag-bourse-de-paris","11":"tag-boursorama","12":"tag-cotations","13":"tag-eu","14":"tag-europe","15":"tag-european-union","16":"tag-fr","17":"tag-france","18":"tag-indices-devises","19":"tag-investir","20":"tag-investissement","21":"tag-marche-boursier","22":"tag-news","23":"tag-republique-francaise","24":"tag-sicav","25":"tag-trackers","26":"tag-ue","27":"tag-union-europeenne","28":"tag-warrants"},"share_on_mastodon":{"url":"https:\/\/pubeurope.com\/@fr\/115421920030116376","error":""},"_links":{"self":[{"href":"https:\/\/www.europesays.com\/fr\/wp-json\/wp\/v2\/posts\/483655","targetHints":{"allow":["GET"]}}],"collection":[{"href":"https:\/\/www.europesays.com\/fr\/wp-json\/wp\/v2\/posts"}],"about":[{"href":"https:\/\/www.europesays.com\/fr\/wp-json\/wp\/v2\/types\/post"}],"author":[{"embeddable":true,"href":"https:\/\/www.europesays.com\/fr\/wp-json\/wp\/v2\/users\/2"}],"replies":[{"embeddable":true,"href":"https:\/\/www.europesays.com\/fr\/wp-json\/wp\/v2\/comments?post=483655"}],"version-history":[{"count":0,"href":"https:\/\/www.europesays.com\/fr\/wp-json\/wp\/v2\/posts\/483655\/revisions"}],"wp:featuredmedia":[{"embeddable":true,"href":"https:\/\/www.europesays.com\/fr\/wp-json\/wp\/v2\/media\/483656"}],"wp:attachment":[{"href":"https:\/\/www.europesays.com\/fr\/wp-json\/wp\/v2\/media?parent=483655"}],"wp:term":[{"taxonomy":"category","embeddable":true,"href":"https:\/\/www.europesays.com\/fr\/wp-json\/wp\/v2\/categories?post=483655"},{"taxonomy":"post_tag","embeddable":true,"href":"https:\/\/www.europesays.com\/fr\/wp-json\/wp\/v2\/tags?post=483655"}],"curies":[{"name":"wp","href":"https:\/\/api.w.org\/{rel}","templated":true}]}}