{"id":483663,"date":"2025-10-23T05:55:18","date_gmt":"2025-10-23T05:55:18","guid":{"rendered":"https:\/\/www.europesays.com\/fr\/483663\/"},"modified":"2025-10-23T05:55:18","modified_gmt":"2025-10-23T05:55:18","slug":"23-francais-au-depart-des-pq2-en-espagne","status":"publish","type":"post","link":"https:\/\/www.europesays.com\/fr\/483663\/","title":{"rendered":"23 Fran\u00e7ais au d\u00e9part des PQ2 en Espagne"},"content":{"rendered":"<p>\t\t\t\t\t\t<img width=\"770\" height=\"556\" src=\"https:\/\/www.europesays.com\/fr\/wp-content\/uploads\/2025\/10\/afp.com-20230708-partners-020-1514652124-highres-770x556.jpg\" class=\"img-responsive wp-post-image\" alt=\"\" decoding=\"async\" fetchpriority=\"high\"  \/>\t\t\t\t\t<\/p>\n<p>\t\t\t\t\t\t Partager cet article <\/p>\n<p class=\"screen-reader-text juiz_sps_maybe_hidden_text\">Partager la publication \u00ab\u00a023 Fran\u00e7ais au d\u00e9part des PQ2 en Espagne\u00a0\u00bb<\/p>\n<p><strong>On connait la liste d\u00e9finitive de tous les participants inscrits au 2e tour des Cartes europ\u00e9ennes (PQ2) programm\u00e9 du 30 octobre au 2 novembre sur quatre sites dans la p\u00e9ninsule ib\u00e9rique. Parmi eux, 23 Fran\u00e7ais vont tenter de se qualifier pour le 3e et dernier tour (7-12 novembre) \u00e0 Tarragone (Espagne). \u00a0<\/strong><\/p>\n<p>\t\t\t\t\t<a id=\"187742\" href=\"https:\/\/abacussportswear.com\/en\/france\" target=\"_blank\" rel=\"sponsorised nofollow noopener\"><img decoding=\"async\" src=\"data:image\/svg+xml,%3Csvg%20xmlns=\" http:=\"\" class=\"img-responsive\" alt=\"\" data-lazy-src=\"https:\/\/www.europesays.com\/fr\/wp-content\/uploads\/2025\/10\/abacus-e05-waterproofs-1170x275-1.gif\"\/><\/a><\/p>\n<p><strong>L.V.<\/strong><\/p>\n<p>24 golfeurs fran\u00e7ais devaient \u00eatre au d\u00e9part des <strong>PQ2 des Cartes europ\u00e9ennes<\/strong> pr\u00e9vues du 30 octobre au 2 novembre sur quatre sites en Espagne. Ils ne sont finalement plus que 23 apr\u00e8s le forfait de <strong>Gary Stal<\/strong> officialis\u00e9 le 22 octobre.<\/p>\n<p>\u00ab\u00a0Je n\u2019ai jamais pu faire plus de neuf trous sans avoir mal au dos derni\u00e8rement, nous explique le Rhodanien dans un message vocal. Je suis all\u00e9 voir un sp\u00e9cialiste de la colonne vert\u00e9brale. Il m\u2019a dit qu\u2019il fallait entre trois et six mois de repos. Je vais donc laisser passer les PQ2. Et attendre des jours meilleurs\u2026\u00a0\u00bb<\/p>\n<p>Gary Stal \u00e9tait au pr\u00e9alable align\u00e9 au <a href=\"https:\/\/www.europeantour.com\/dpworld-tour\/second-stage-fontanals-golf-club-2025\/entry-list\" target=\"_blank\" rel=\"noopener nofollow\">Fontanals Golf Club \u00e0 G\u00e9rone<\/a>. Tout comme <strong>Victor Veyret<\/strong> et <strong>Alexandre Vandermoten<\/strong>, issus des PQ1, <strong>Martin Trainer<\/strong> (cat\u00e9gorie 12 sur le DP World Tour) et <strong>Maxence Giboudot<\/strong> (71e de l\u2019HotelPlanner Tour).<\/p>\n<p>Neuf Fran\u00e7ais \u00e0 Albacete<\/p>\n<p>Ils sont sept au d\u00e9part \u00e0 <a href=\"https:\/\/www.europeantour.com\/dpworld-tour\/second-stage-isla-canela-links-2025\/entry-list\" target=\"_blank\" rel=\"noopener nofollow\">Huelva au Isla Canela Links<\/a>\u00a0: <strong>Valentin Peugnet<\/strong> (PQ1), l\u2019amateur <strong>Romain Buttarazzi<\/strong> (PQ1), <strong>Antoine Bachelier<\/strong> (PQ1), <strong>Cl\u00e9ment Guichard<\/strong> (top 5 Pro Golf Tour), <strong>Nathan Legendre<\/strong> (cat\u00e9gorie 21 sur le DP World Tour), <strong>Mathieu Decottignies-Lafon<\/strong> (95e de l\u2019HotelPlanner Tour) et <strong>Julien Brun<\/strong> (exemption m\u00e9dicale sur le DP World Tour).<\/p>\n<p>Le plus fort contingent bleu-blanc-rouge se situe \u00e0 <a href=\"https:\/\/www.europeantour.com\/dpworld-tour\/second-stage-golf-las-pinaillas-2025\/entry-list\" target=\"_blank\" rel=\"noopener nofollow\">Albacete au Golf Las Pinaillas<\/a> avec <strong>David Guyot<\/strong> (PQ1), <strong>Quentin Debove<\/strong> (top 5 Alps Tour), <strong>Bastien Amat<\/strong> (236e Race du Duba\u00ef), <strong>S\u00e9bastien Gros<\/strong> (cat\u00e9gorie 21 sur le DP World Tour), <strong>Pierre Pineau<\/strong> (181e Race to Duba\u00ef, <strong>Gr\u00e9gory Bourdy<\/strong> (photo) (91e \u00e0 la Career Money List), <strong>Julien Quesne<\/strong> (52e HotelPlanner Tour), <strong>Jo\u00ebl Stalter<\/strong> et <strong>Romain Wattel<\/strong>.<\/p>\n<p>Enfin, ils ne sont que trois engag\u00e9s \u00e0 <a href=\"https:\/\/www.europeantour.com\/dpworld-tour\/second-stage-desert-springs-resort-2025\/entry-list\" target=\"_blank\" rel=\"noopener nofollow\">Almeria au Desert Springs Resort<\/a>\u00a0: <strong>Robin Roussel<\/strong> (PQ1), <strong>Edgar Catherine<\/strong> (PQ1) et <strong>Robin Sciot-Siegrist<\/strong> (51e HotelPlanner Tour).<\/p>\n<p>Plusieurs anciens vainqueurs sur le DP World Tour concern\u00e9s<\/p>\n<p>En 2024, 23 \u00e0 24 spots \u00e9taient en jeu (sur chaque site) pour se qualifier pour les PQ3, derni\u00e8re \u00e9tape de ce marathon des Cartes europ\u00e9ennes qui aura lieu cette ann\u00e9e du 7 au 12 novembre \u00e0 Tarragone (Espagne) sur l\u2019I<strong>nfinitum Golf<\/strong>.<\/p>\n<p>Outre les Fran\u00e7ais cit\u00e9s ci-dessus, signalons la pr\u00e9sence de certaines t\u00eates \u00ab\u00a0connues\u00a0\u00bb dans ces PQ2 telles l\u2019Anglais <strong>Eddie Pepperell<\/strong>, les Sud-Africains <strong>George Coetzee<\/strong> et <strong>Justin Harding<\/strong>, l\u2019Indien <strong>Shubhankar Sharma<\/strong>, l\u2019Autrichien <strong>Matthias Schwab<\/strong> ou encore l\u2019Espagnol <strong>Alfredo Garcia-Heredia<\/strong>.<\/p>\n<p>\t\t\t\t\t<a id=\"183970\" href=\"https:\/\/www.kalika.org\/fr\/actualites\/articles\/pro-am-beachcomber \" target=\"_blank\" rel=\"sponsorised nofollow noopener\"><img decoding=\"async\" src=\"data:image\/svg+xml,%3Csvg%20xmlns=\" http:=\"\" class=\"img-responsive\" alt=\"\" data-lazy-src=\"https:\/\/www.europesays.com\/fr\/wp-content\/uploads\/2025\/09\/beachcomber-e02-proam-26-1170x275-1.jpg\"\/><\/a><\/p>\n<p>Photo : Valerio Pennicino \/ GETTY IMAGES EUROPE \/ Getty Images via AFP<\/p>\n","protected":false},"excerpt":{"rendered":"Partager cet article Partager la publication \u00ab\u00a023 Fran\u00e7ais au d\u00e9part des PQ2 en Espagne\u00a0\u00bb On connait la liste&hellip;\n","protected":false},"author":2,"featured_media":483664,"comment_status":"","ping_status":"","sticky":false,"template":"","format":"standard","meta":{"footnotes":""},"categories":[1418],"tags":[1011,27,1472,60],"class_list":{"0":"post-483663","1":"post","2":"type-post","3":"status-publish","4":"format-standard","5":"has-post-thumbnail","7":"category-golf","8":"tag-fr","9":"tag-france","10":"tag-golf","11":"tag-sports"},"share_on_mastodon":{"url":"https:\/\/pubeurope.com\/@fr\/115421939242097536","error":""},"_links":{"self":[{"href":"https:\/\/www.europesays.com\/fr\/wp-json\/wp\/v2\/posts\/483663","targetHints":{"allow":["GET"]}}],"collection":[{"href":"https:\/\/www.europesays.com\/fr\/wp-json\/wp\/v2\/posts"}],"about":[{"href":"https:\/\/www.europesays.com\/fr\/wp-json\/wp\/v2\/types\/post"}],"author":[{"embeddable":true,"href":"https:\/\/www.europesays.com\/fr\/wp-json\/wp\/v2\/users\/2"}],"replies":[{"embeddable":true,"href":"https:\/\/www.europesays.com\/fr\/wp-json\/wp\/v2\/comments?post=483663"}],"version-history":[{"count":0,"href":"https:\/\/www.europesays.com\/fr\/wp-json\/wp\/v2\/posts\/483663\/revisions"}],"wp:featuredmedia":[{"embeddable":true,"href":"https:\/\/www.europesays.com\/fr\/wp-json\/wp\/v2\/media\/483664"}],"wp:attachment":[{"href":"https:\/\/www.europesays.com\/fr\/wp-json\/wp\/v2\/media?parent=483663"}],"wp:term":[{"taxonomy":"category","embeddable":true,"href":"https:\/\/www.europesays.com\/fr\/wp-json\/wp\/v2\/categories?post=483663"},{"taxonomy":"post_tag","embeddable":true,"href":"https:\/\/www.europesays.com\/fr\/wp-json\/wp\/v2\/tags?post=483663"}],"curies":[{"name":"wp","href":"https:\/\/api.w.org\/{rel}","templated":true}]}}