{"id":483669,"date":"2025-10-23T06:01:10","date_gmt":"2025-10-23T06:01:10","guid":{"rendered":"https:\/\/www.europesays.com\/fr\/483669\/"},"modified":"2025-10-23T06:01:10","modified_gmt":"2025-10-23T06:01:10","slug":"christian-horner-prepare-un-retour-explosif-en-f1-avec-un-soutien-colossal-de-15-milliard-deuros","status":"publish","type":"post","link":"https:\/\/www.europesays.com\/fr\/483669\/","title":{"rendered":"Christian Horner pr\u00e9pare un retour explosif en F1 avec un soutien colossal de 1,5 milliard d\u2019euros"},"content":{"rendered":"<p itemprop=\"description\">L\u2019ex-patron de l\u00a0\u00bb\u00e9quipe Red Bull,<br \/>\nChristian Horner, pr\u00e9pare un retour spectaculaire en Formule 1,<br \/>\nsoutenu par un fonds de 1,5 milliard d\u2019euros et des investisseurs<br \/>\nd\u00e9cid\u00e9s \u00e0 cr\u00e9er une nouvelle \u00e9curie.<\/p>\n<p>Christian Horner n\u2019a peut-\u00eatre pas dit son dernier mot en<br \/>\nFormule 1. Selon le tr\u00e8s s\u00e9rieux Times, l\u2019ancien directeur<br \/>\nde Red Bull Racing pr\u00e9pare activement son grand retour dans le<br \/>\npaddock\u2026 et il ne ferait pas les choses \u00e0 moiti\u00e9. L\u2019Anglais<br \/>\ndisposerait d\u00e9j\u00e0 d\u2019un soutien financier \u00e9valu\u00e9 \u00e0 plus de 1,5<br \/>\nmilliard d\u2019euros, de la part d\u2019un groupe d\u2019investisseurs d\u00e9termin\u00e9s<br \/>\n\u00e0 lui offrir les moyens de racheter ou cr\u00e9er sa propre \u00e9curie.<\/p>\n<p>Ce financement monumental pourrait lui permettre d\u2019acqu\u00e9rir une<br \/>\n\u00e9quipe de milieu de grille, excluant toutefois les \u00ab\u00a0top teams\u00a0\u00bb<br \/>\nintouchables comme Ferrari, Mercedes, Red Bull ou McLaren. Apr\u00e8s<br \/>\nson \u00e9viction de Red Bull, Horner souhaiterait en effet reprendre<br \/>\nles commandes d\u2019une structure \u00e0 son nom, plut\u00f4t que de se contenter<br \/>\nd\u2019un r\u00f4le secondaire au sein d\u2019une autre \u00e9quipe.<\/p>\n<p>Ferrari ferme la porte<\/p>\n<p>Un temps \u00e9voqu\u00e9 du c\u00f4t\u00e9 de Ferrari, Horner a vu cette piste<br \/>\nrefroidir rapidement. Les dirigeants de Maranello ont r\u00e9affirm\u00e9<br \/>\nleur pleine confiance en Fr\u00e9d\u00e9ric Vasseur, coupant court \u00e0 toute<br \/>\nrumeur. Mais l\u2019ancien strat\u00e8ge de Red Bull n\u2019a pas renonc\u00e9 \u00e0 la F1<br \/>\npour autant.<\/p>\n<p>Toujours selon The Times, Horner pourrait effectuer son<br \/>\nretour d\u00e8s avril 2026, une fois son pr\u00e9avis contractuel termin\u00e9. Ce<br \/>\ncalendrier tomberait \u00e0 point nomm\u00e9 : c\u2019est pr\u00e9cis\u00e9ment l\u2019ann\u00e9e<br \/>\nd\u2019introduction du nouveau r\u00e8glement technique et moteur de la<br \/>\nFormule 1, offrant une opportunit\u00e9 r\u00eav\u00e9e pour b\u00e2tir un nouveau<br \/>\nprojet.<\/p>\n<p>Des d\u00eeners d\u2019influence et des alliances en coulisses<\/p>\n<p>Les man\u0153uvres auraient d\u00e9j\u00e0 commenc\u00e9 en coulisses. Un d\u00eener<br \/>\nconfidentiel aurait eu lieu avant le Grand Prix des \u00c9tats-Unis<br \/>\nentre Horner, Mohammed Ben Sulayem (pr\u00e9sident de la FIA) et Zak<br \/>\nBrown (PDG de McLaren). L\u2019id\u00e9e d\u2019un appel d\u2019offres pour accueillir<br \/>\nune douzi\u00e8me \u00e9curie aurait \u00e9t\u00e9 directement discut\u00e9e lors de cette<br \/>\nrencontre (photo ci-dessus), preuve que le sujet est pris tr\u00e8s au<br \/>\ns\u00e9rieux au plus haut niveau.<\/p>\n<p>D\u2019apr\u00e8s les informations du quotidien britannique, ni Ben<br \/>\nSulayem ni Stefano Domenicali, le patron de la F1, ne verraient<br \/>\nd\u2019un mauvais \u0153il un retour d\u2019Horner dans le paddock.<\/p>\n<p>Chez Mercedes, Toto Wolff s\u2019attend lui aussi \u00e0 revoir Horner<br \/>\ndans le monde de la F1 : \u00ab\u00a0Quand une personnalit\u00e9 comme lui s\u2019en<br \/>\nva, on sait qu\u2019elle reviendra t\u00f4t ou tard. Le monde de la F1 \u00e9volue<br \/>\nvite. Je pense qu\u2019il refera surface, mais o\u00f9 et quand ? Je n\u2019en<br \/>\nsais rien.\u00a0\u00bb<\/p>\n<p>Le patron autrichien a \u00e9galement gliss\u00e9 une pique voil\u00e9e :<br \/>\n\u00ab\u00a0Peut-\u00eatre est-il devenu trop influent dans son ancienne<br \/>\n\u00e9quipe. Il faut savoir se remettre en question pour rester les<br \/>\npieds sur terre quand on gagne et qu\u2019on est sous les<br \/>\nprojecteurs.\u00a0\u00bb<\/p>\n<p>Un retour qui pourrait tout bouleverser<\/p>\n<p>Avec des investisseurs milliardaires \u00e0 ses c\u00f4t\u00e9s et l\u2019appui<br \/>\ntacite des instances dirigeantes, Christian Horner pourrait bien<br \/>\nrevenir plus puissant que jamais. Le Britannique semble d\u00e9j\u00e0 pr\u00eat \u00e0<br \/>\n\u00e9crire un nouveau chapitre de sa carri\u00e8re \u2013 un chapitre qui<br \/>\npourrait secouer l\u2019\u00e9quilibre des forces en Formule 1.<\/p>\n<p>L&rsquo;approbation d&rsquo;une \u00e9ventuelle douzi\u00e8me \u00e9quipe n\u00e9cessite<br \/>\ncependant un d\u00e9lai certain pour franchir les obstacles pr\u00e9vus par<br \/>\nle processus avec peu de chance de concr\u00e9tisation avant 2028 au<br \/>\nplus t\u00f4t.<\/p>\n","protected":false},"excerpt":{"rendered":"L\u2019ex-patron de l\u00a0\u00bb\u00e9quipe Red Bull, Christian Horner, pr\u00e9pare un retour spectaculaire en Formule 1, soutenu par un fonds&hellip;\n","protected":false},"author":2,"featured_media":483670,"comment_status":"","ping_status":"","sticky":false,"template":"","format":"standard","meta":{"footnotes":""},"categories":[1412],"tags":[3380,1451,1452,1453,1454,1455,1011,27,60],"class_list":{"0":"post-483669","1":"post","2":"type-post","3":"status-publish","4":"format-standard","5":"has-post-thumbnail","7":"category-f1","8":"tag-christian-horner","9":"tag-f1","10":"tag-formula-1","11":"tag-formula1","12":"tag-formule-1","13":"tag-formule1","14":"tag-fr","15":"tag-france","16":"tag-sports"},"share_on_mastodon":{"url":"https:\/\/pubeurope.com\/@fr\/115421962839752771","error":""},"_links":{"self":[{"href":"https:\/\/www.europesays.com\/fr\/wp-json\/wp\/v2\/posts\/483669","targetHints":{"allow":["GET"]}}],"collection":[{"href":"https:\/\/www.europesays.com\/fr\/wp-json\/wp\/v2\/posts"}],"about":[{"href":"https:\/\/www.europesays.com\/fr\/wp-json\/wp\/v2\/types\/post"}],"author":[{"embeddable":true,"href":"https:\/\/www.europesays.com\/fr\/wp-json\/wp\/v2\/users\/2"}],"replies":[{"embeddable":true,"href":"https:\/\/www.europesays.com\/fr\/wp-json\/wp\/v2\/comments?post=483669"}],"version-history":[{"count":0,"href":"https:\/\/www.europesays.com\/fr\/wp-json\/wp\/v2\/posts\/483669\/revisions"}],"wp:featuredmedia":[{"embeddable":true,"href":"https:\/\/www.europesays.com\/fr\/wp-json\/wp\/v2\/media\/483670"}],"wp:attachment":[{"href":"https:\/\/www.europesays.com\/fr\/wp-json\/wp\/v2\/media?parent=483669"}],"wp:term":[{"taxonomy":"category","embeddable":true,"href":"https:\/\/www.europesays.com\/fr\/wp-json\/wp\/v2\/categories?post=483669"},{"taxonomy":"post_tag","embeddable":true,"href":"https:\/\/www.europesays.com\/fr\/wp-json\/wp\/v2\/tags?post=483669"}],"curies":[{"name":"wp","href":"https:\/\/api.w.org\/{rel}","templated":true}]}}